{"id":68678,"date":"2023-07-01T12:59:13","date_gmt":"2023-07-01T18:59:13","guid":{"rendered":"https:\/\/elmetropolitano.com.gt\/es\/?p=68678"},"modified":"2023-07-01T12:59:21","modified_gmt":"2023-07-01T18:59:21","slug":"magistrados-de-la-cc-analizan-amparos-contra-resultados-electorales","status":"publish","type":"post","link":"https:\/\/elmetropolitano.com.gt\/es\/magistrados-de-la-cc-analizan-amparos-contra-resultados-electorales\/","title":{"rendered":"Magistrados de la CC analizan amparos contra resultados electorales"},"content":{"rendered":"\n<p>La Corte de Constitucionalidad CC ha convocado a sesi\u00f3n expr\u00e9s para esta tarde con el objetivo de resolver los expedientes de amparo contra los resultados electorales interpuestos por partidos pol\u00edticos como Vos, Cre\u00f3 , Cambio, Une, Vamos entre otros<\/p>\n\n\n\n<p>La <a><\/a>Corte de Constitucionalidad expresa que uno de los amparos fue interpuesto por \u201cEl secretario general del partido pol\u00edtico Voluntad Oportunidad y Solidaridad -VOS-, en contra de la Junta Electoral Departamental de Guatemala, y la Junta Electoral del Distrito Central, por estimar que existen alteraciones de actas finales de cierre y escrutinios\u201d<\/p><div class=\"elmet-contenido\" id=\"elmet-204925072\"><div class=\"elmet-adlabel\">Anuncios<\/div><div style=\"margin-top: 20px;margin-right: 20px;margin-bottom: 20px;margin-left: 20px;\" id=\"elmet-1442850119\"><a href=\"https:\/\/www.facebook.com\/arrincuanantigua\/\" aria-label=\"cintillo-arrin-cual\"><img loading=\"lazy\" decoding=\"async\" src=\"https:\/\/elmetropolitano.com.gt\/es\/wp-content\/uploads\/2021\/11\/cintillo-arrin-cual-1.jpg\" alt=\"\"  srcset=\"https:\/\/elmetropolitano.com.gt\/es\/wp-content\/uploads\/2021\/11\/cintillo-arrin-cual-1.jpg 750w, https:\/\/elmetropolitano.com.gt\/es\/wp-content\/uploads\/2021\/11\/cintillo-arrin-cual-1-300x36.jpg 300w, https:\/\/elmetropolitano.com.gt\/es\/wp-content\/uploads\/2021\/11\/cintillo-arrin-cual-1-600x72.jpg 600w\" sizes=\"(max-width: 750px) 100vw, 750px\" width=\"750\" height=\"90\"   \/><\/a><\/div><\/div>\n\n\n\n<p>As\u00ed como \u201cLos secretarios generales de las organizaciones pol\u00edticas CAMBIO, MI FAMILIA, VALOR, PODEMOS, VAMOS, CREO, UNE, CABAL, y AZUL, en contra del Tribunal Supremo Electoral, por considerar existe riesgo y amenaza inminente de que se realice adjudicaci\u00f3n de cargos a elecci\u00f3n popular sin haber entrado a conocer las juntas electorales departamentales, los vicios contenidos en las actas manuscritas, actas digitalizadas, y consecuentemente, subsistentes al efectuarse la revisi\u00f3n de escrutinios a nivel nacional\u201d<\/p>\n\n\n\n<p>Al respecto, \u201ceste Tribunal hace del conocimiento que se examinar\u00e1 y analizar\u00e1 la viabilidad de las acciones interpuestas conforme lo que establece la Ley, por lo que, se estar\u00e1 informando oportunamente a efecto de garantizar el resguardo de las garant\u00edas constitucionales\u201d indica finalmente la CC<\/p>\n\n\n\n<p><a href=\"https:\/\/www.facebook.com\/hashtag\/metroredes?__eep__=6&amp;__cft__[0]=AZUlvKphT2RNrKMEm-KILi-FW960vDRPuofrmncNlSddQ6YM_QY3NrtXdGxrYePcfzNqVx7irbu-OsX3KAk5JGPgY90AvT0McfTyejyoV7OiXEy6ewslh7mHahvLnJfoaYCpMyRsNYjGq476WuNTvYTM5IgxHhe5hE8YE2AMAZFpFVNWQTqzSHmv-nDbvo6KYtg&amp;__tn__=*NK-R\">#metroredes<\/a><a href=\"https:\/\/www.facebook.com\/hashtag\/eleccionesgt2023?__eep__=6&amp;__cft__[0]=AZUlvKphT2RNrKMEm-KILi-FW960vDRPuofrmncNlSddQ6YM_QY3NrtXdGxrYePcfzNqVx7irbu-OsX3KAk5JGPgY90AvT0McfTyejyoV7OiXEy6ewslh7mHahvLnJfoaYCpMyRsNYjGq476WuNTvYTM5IgxHhe5hE8YE2AMAZFpFVNWQTqzSHmv-nDbvo6KYtg&amp;__tn__=*NK-R\">#EleccionesGT2023<\/a><\/p>\n\n\n\n<figure class=\"wp-block-gallery has-nested-images columns-default is-cropped wp-block-gallery-1 is-layout-flex wp-block-gallery-is-layout-flex\">\n<figure class=\"wp-block-image size-large\"><img loading=\"lazy\" decoding=\"async\" width=\"797\" height=\"1024\" data-id=\"68680\" src=\"https:\/\/elmetropolitano.com.gt\/es\/wp-content\/uploads\/2023\/07\/357474570_733028238823262_3247187474604896113_n-1-797x1024.jpg\" alt=\"\" class=\"wp-image-68680\" srcset=\"https:\/\/elmetropolitano.com.gt\/es\/wp-content\/uploads\/2023\/07\/357474570_733028238823262_3247187474604896113_n-1-797x1024.jpg 797w, https:\/\/elmetropolitano.com.gt\/es\/wp-content\/uploads\/2023\/07\/357474570_733028238823262_3247187474604896113_n-1-233x300.jpg 233w, https:\/\/elmetropolitano.com.gt\/es\/wp-content\/uploads\/2023\/07\/357474570_733028238823262_3247187474604896113_n-1-768x987.jpg 768w, https:\/\/elmetropolitano.com.gt\/es\/wp-content\/uploads\/2023\/07\/357474570_733028238823262_3247187474604896113_n-1-1195x1536.jpg 1195w, https:\/\/elmetropolitano.com.gt\/es\/wp-content\/uploads\/2023\/07\/357474570_733028238823262_3247187474604896113_n-1-600x771.jpg 600w, https:\/\/elmetropolitano.com.gt\/es\/wp-content\/uploads\/2023\/07\/357474570_733028238823262_3247187474604896113_n-1.jpg 1245w\" sizes=\"auto, (max-width: 797px) 100vw, 797px\" \/><\/figure>\n<\/figure>\n","protected":false},"excerpt":{"rendered":"<p>La Corte de Constitucionalidad CC ha convocado a sesi\u00f3n expr\u00e9s para esta tarde con el objetivo de resolver los expedientes de amparo contra los resultados electorales interpuestos por partidos pol\u00edticos como Vos, Cre\u00f3 , Cambio, Une, Vamos entre otros La Corte de Constitucionalidad expresa que uno de los amparos fue interpuesto por \u201cEl secretario general <a class=\"read-more\" href=\"https:\/\/elmetropolitano.com.gt\/es\/magistrados-de-la-cc-analizan-amparos-contra-resultados-electorales\/\">Leer m\u00e1s<\/a><\/p>\n","protected":false},"author":1,"featured_media":68679,"comment_status":"open","ping_status":"closed","sticky":false,"template":"","format":"standard","meta":{"footnotes":""},"categories":[2],"tags":[12],"class_list":["post-68678","post","type-post","status-publish","format-standard","has-post-thumbnail","hentry","category-nacionales","tag-nacionales"],"_links":{"self":[{"href":"https:\/\/elmetropolitano.com.gt\/es\/wp-json\/wp\/v2\/posts\/68678","targetHints":{"allow":["GET"]}}],"collection":[{"href":"https:\/\/elmetropolitano.com.gt\/es\/wp-json\/wp\/v2\/posts"}],"about":[{"href":"https:\/\/elmetropolitano.com.gt\/es\/wp-json\/wp\/v2\/types\/post"}],"author":[{"embeddable":true,"href":"https:\/\/elmetropolitano.com.gt\/es\/wp-json\/wp\/v2\/users\/1"}],"replies":[{"embeddable":true,"href":"https:\/\/elmetropolitano.com.gt\/es\/wp-json\/wp\/v2\/comments?post=68678"}],"version-history":[{"count":1,"href":"https:\/\/elmetropolitano.com.gt\/es\/wp-json\/wp\/v2\/posts\/68678\/revisions"}],"predecessor-version":[{"id":68681,"href":"https:\/\/elmetropolitano.com.gt\/es\/wp-json\/wp\/v2\/posts\/68678\/revisions\/68681"}],"wp:featuredmedia":[{"embeddable":true,"href":"https:\/\/elmetropolitano.com.gt\/es\/wp-json\/wp\/v2\/media\/68679"}],"wp:attachment":[{"href":"https:\/\/elmetropolitano.com.gt\/es\/wp-json\/wp\/v2\/media?parent=68678"}],"wp:term":[{"taxonomy":"category","embeddable":true,"href":"https:\/\/elmetropolitano.com.gt\/es\/wp-json\/wp\/v2\/categories?post=68678"},{"taxonomy":"post_tag","embeddable":true,"href":"https:\/\/elmetropolitano.com.gt\/es\/wp-json\/wp\/v2\/tags?post=68678"}],"curies":[{"name":"wp","href":"https:\/\/api.w.org\/{rel}","templated":true}]}}