{"id":68727,"date":"2023-07-02T06:50:41","date_gmt":"2023-07-02T12:50:41","guid":{"rendered":"https:\/\/elmetropolitano.com.gt\/es\/?p=68727"},"modified":"2023-07-02T06:51:28","modified_gmt":"2023-07-02T12:51:28","slug":"la-cc-ordena-conteo-de-votos-y-cotejo-de-actas-de-las-votaciones-segunda-vuelta-sigue-en-pie","status":"publish","type":"post","link":"https:\/\/elmetropolitano.com.gt\/es\/la-cc-ordena-conteo-de-votos-y-cotejo-de-actas-de-las-votaciones-segunda-vuelta-sigue-en-pie\/","title":{"rendered":"La CC ordena conteo de votos y cotejo de actas de las votaciones, segunda vuelta sigue en pie"},"content":{"rendered":"\n<p>La Corte de Constitucionalidad CC, con el fin de garantizar el proceso electoral y que el sistema republicano, democr\u00e1tico y representativo no sufra desmedro, a prevenci\u00f3n, decret\u00f3 amparo provisional que ordena conteo de votos y cotejar las actas de votaci\u00f3n y envi\u00f3 el expediente a la Corte Suprema de Justicia, CSJ, seg\u00fan lo expresaron en un comunicado.<\/p>\n\n\n\n<p>El pleno de magistrados de la CC conoci\u00f3 hoy el expediente 3731-2023 relacionado al amparo promovido por los secretarios generales de las organizaciones pol\u00edticas CAMBIO, MI FAMILIA, VALOR, PODEMOS, VAMOS, CREO, UNE, CABAL Y AZUL, en contra del Tribunal Supremo Electoral.<\/p><div class=\"elmet-contenido\" id=\"elmet-2008053384\"><div class=\"elmet-adlabel\">Anuncios<\/div><div style=\"margin-top: 20px;margin-right: 20px;margin-bottom: 20px;margin-left: 20px;\" id=\"elmet-3681537854\"><a href=\"https:\/\/www.facebook.com\/arrincuanantigua\/\" aria-label=\"cintillo-arrin-cual\"><img loading=\"lazy\" decoding=\"async\" src=\"https:\/\/elmetropolitano.com.gt\/es\/wp-content\/uploads\/2021\/11\/cintillo-arrin-cual-1.jpg\" alt=\"\"  srcset=\"https:\/\/elmetropolitano.com.gt\/es\/wp-content\/uploads\/2021\/11\/cintillo-arrin-cual-1.jpg 750w, https:\/\/elmetropolitano.com.gt\/es\/wp-content\/uploads\/2021\/11\/cintillo-arrin-cual-1-300x36.jpg 300w, https:\/\/elmetropolitano.com.gt\/es\/wp-content\/uploads\/2021\/11\/cintillo-arrin-cual-1-600x72.jpg 600w\" sizes=\"(max-width: 750px) 100vw, 750px\" width=\"750\" height=\"90\"   \/><\/a><\/div><\/div>\n\n\n\n<p>Mientras tanto se dilucidan las situaciones anteriormente previstas, el TSE debe suspender la calificaci\u00f3n y oficializaci\u00f3n de resultados a efecto de que, para la fecha prevista de la segunda vuelta para la elecci\u00f3n presidencial, todo haya quedado debidamente depurado.<\/p>\n\n\n\n<p>Nueva audiencia de revisi\u00f3n<br>de Escrutinios<\/p>\n\n\n\n<p>Es por ello que ordena \u201cque las Juntas Electorales Departamentales y la del Distrito Central, independientemente de que ya hubiesen llevado a cabo la audiencia de revisi\u00f3n de escrutinios, derivado de las denuncias que se hacen en este amparo, de las cuales se invoca no haber tenido noticia oportuna, convoquen a una nueva audiencia de revisi\u00f3n de escrutinios, en las que los sujetos legitimados podr\u00e1n hacer valer las objeciones e impugnaciones que estimen pertinentes, especialmente aquellas que generen las dudas que han planteado en amparo, en funci\u00f3n del escrutinio y la calificaci\u00f3n de votos que consta en las actas finales de las Juntas Receptoras de Votos\u201d<\/p>\n\n\n\n<p>Agregando que \u201cluego de realizada esta actividad, que los \u00f3rganos electorales competentes realicen un cotejo entre las actas que formaron parte del proceso electoral a efecto de determinar si cada una de ellas cumpli\u00f3 con los requisitos legales y, en caso de establecerse razonablemente que se pudo haber alterado el resultado de la votaci\u00f3n, la Junta Electoral Departamental y\/o del Distrito Central procedan a introducir las modificaciones pertinentes o, en su caso, analizar si concurren los supuestos de anulaci\u00f3n que prev\u00e9 la ley, sin perjuicio de cualquier otra actuaci\u00f3n tendiente a la restituci\u00f3n de la seguridad en el proceso electoral; si para ello deviniera necesario un nuevo conteo de votos, as\u00ed deber\u00e1n disponerlo en resoluciones debidamente razonadas, con la presencia de los \u00f3rganos electorales que determina la ley y representantes de las organizaciones pol\u00edticas; para el efecto deber\u00e1n velar por la conservaci\u00f3n y seguridad de las respectivas boletas\u201d<\/p>\n\n\n\n<p>Enfatiza la resoluci\u00f3n de la CC que \u201cen tanto se dilucidan las situaciones anteriormente previstas, el Tribunal Supremo Electoral debe suspender la calificaci\u00f3n y oficializaci\u00f3n de resultados a efecto de que, para la fecha prevista para la segunda vuelta para elecci\u00f3n presidencial, todo haya quedado debidamente depurado\u201d<\/p>\n\n\n\n<p>La CC se\u00f1ala que cabe puntualizar este pronunciamiento se debe acatar estrictamente en los plazos referidos, ello para garantizar que la alternabilidad en el ejercicio del poder se lleve a cabo en la fecha prevista en la Constituci\u00f3n Pol\u00edtica de la Rep\u00fablica, y que emane de un proceso electoral que garantice la voluntad democr\u00e1tica de los ciudadanos, extremos que bajo ninguna circunstancia deber\u00e1n ser cuestionados o modificados.<\/p>\n\n\n\n<p>La CC, por razones de competencia, orden\u00f3 la remisi\u00f3n de copia certificada del escrito de interposici\u00f3n de m\u00e9rito y documentos adjuntos a la CSJ, constituida en Tribunal de Amparo, para que contin\u00fae con el tr\u00e1mite de la garant\u00eda constitucional instada.<\/p>\n\n\n\n<h1 class=\"wp-block-heading\">EleccionesGT2023<\/h1>\n\n\n\n<figure class=\"wp-block-gallery has-nested-images columns-default is-cropped wp-block-gallery-1 is-layout-flex wp-block-gallery-is-layout-flex\">\n<figure class=\"wp-block-image size-large\"><img loading=\"lazy\" decoding=\"async\" width=\"794\" height=\"1024\" data-id=\"68730\" src=\"https:\/\/elmetropolitano.com.gt\/es\/wp-content\/uploads\/2023\/07\/cc-1-3-794x1024.jpg\" alt=\"\" class=\"wp-image-68730\" srcset=\"https:\/\/elmetropolitano.com.gt\/es\/wp-content\/uploads\/2023\/07\/cc-1-3-794x1024.jpg 794w, https:\/\/elmetropolitano.com.gt\/es\/wp-content\/uploads\/2023\/07\/cc-1-3-233x300.jpg 233w, https:\/\/elmetropolitano.com.gt\/es\/wp-content\/uploads\/2023\/07\/cc-1-3-768x991.jpg 768w, https:\/\/elmetropolitano.com.gt\/es\/wp-content\/uploads\/2023\/07\/cc-1-3-600x774.jpg 600w, https:\/\/elmetropolitano.com.gt\/es\/wp-content\/uploads\/2023\/07\/cc-1-3.jpg 992w\" sizes=\"auto, (max-width: 794px) 100vw, 794px\" \/><\/figure>\n\n\n\n<figure class=\"wp-block-image size-large\"><img loading=\"lazy\" decoding=\"async\" width=\"792\" height=\"1024\" data-id=\"68729\" src=\"https:\/\/elmetropolitano.com.gt\/es\/wp-content\/uploads\/2023\/07\/cc-2-1-792x1024.jpg\" alt=\"\" class=\"wp-image-68729\" srcset=\"https:\/\/elmetropolitano.com.gt\/es\/wp-content\/uploads\/2023\/07\/cc-2-1-792x1024.jpg 792w, https:\/\/elmetropolitano.com.gt\/es\/wp-content\/uploads\/2023\/07\/cc-2-1-232x300.jpg 232w, https:\/\/elmetropolitano.com.gt\/es\/wp-content\/uploads\/2023\/07\/cc-2-1-768x993.jpg 768w, https:\/\/elmetropolitano.com.gt\/es\/wp-content\/uploads\/2023\/07\/cc-2-1-600x776.jpg 600w, https:\/\/elmetropolitano.com.gt\/es\/wp-content\/uploads\/2023\/07\/cc-2-1.jpg 990w\" sizes=\"auto, (max-width: 792px) 100vw, 792px\" \/><\/figure>\n<\/figure>\n","protected":false},"excerpt":{"rendered":"<p>La Corte de Constitucionalidad CC, con el fin de garantizar el proceso electoral y que el sistema republicano, democr\u00e1tico y representativo no sufra desmedro, a prevenci\u00f3n, decret\u00f3 amparo provisional que ordena conteo de votos y cotejar las actas de votaci\u00f3n y envi\u00f3 el expediente a la Corte Suprema de Justicia, CSJ, seg\u00fan lo expresaron en <a class=\"read-more\" href=\"https:\/\/elmetropolitano.com.gt\/es\/la-cc-ordena-conteo-de-votos-y-cotejo-de-actas-de-las-votaciones-segunda-vuelta-sigue-en-pie\/\">Leer m\u00e1s<\/a><\/p>\n","protected":false},"author":1,"featured_media":68728,"comment_status":"open","ping_status":"closed","sticky":false,"template":"","format":"standard","meta":{"footnotes":""},"categories":[2],"tags":[12],"class_list":["post-68727","post","type-post","status-publish","format-standard","has-post-thumbnail","hentry","category-nacionales","tag-nacionales"],"_links":{"self":[{"href":"https:\/\/elmetropolitano.com.gt\/es\/wp-json\/wp\/v2\/posts\/68727","targetHints":{"allow":["GET"]}}],"collection":[{"href":"https:\/\/elmetropolitano.com.gt\/es\/wp-json\/wp\/v2\/posts"}],"about":[{"href":"https:\/\/elmetropolitano.com.gt\/es\/wp-json\/wp\/v2\/types\/post"}],"author":[{"embeddable":true,"href":"https:\/\/elmetropolitano.com.gt\/es\/wp-json\/wp\/v2\/users\/1"}],"replies":[{"embeddable":true,"href":"https:\/\/elmetropolitano.com.gt\/es\/wp-json\/wp\/v2\/comments?post=68727"}],"version-history":[{"count":1,"href":"https:\/\/elmetropolitano.com.gt\/es\/wp-json\/wp\/v2\/posts\/68727\/revisions"}],"predecessor-version":[{"id":68731,"href":"https:\/\/elmetropolitano.com.gt\/es\/wp-json\/wp\/v2\/posts\/68727\/revisions\/68731"}],"wp:featuredmedia":[{"embeddable":true,"href":"https:\/\/elmetropolitano.com.gt\/es\/wp-json\/wp\/v2\/media\/68728"}],"wp:attachment":[{"href":"https:\/\/elmetropolitano.com.gt\/es\/wp-json\/wp\/v2\/media?parent=68727"}],"wp:term":[{"taxonomy":"category","embeddable":true,"href":"https:\/\/elmetropolitano.com.gt\/es\/wp-json\/wp\/v2\/categories?post=68727"},{"taxonomy":"post_tag","embeddable":true,"href":"https:\/\/elmetropolitano.com.gt\/es\/wp-json\/wp\/v2\/tags?post=68727"}],"curies":[{"name":"wp","href":"https:\/\/api.w.org\/{rel}","templated":true}]}}