{"id":68745,"date":"2023-07-02T19:55:35","date_gmt":"2023-07-03T01:55:35","guid":{"rendered":"https:\/\/elmetropolitano.com.gt\/es\/?p=68745"},"modified":"2023-07-02T19:56:27","modified_gmt":"2023-07-03T01:56:27","slug":"oea-y-union-europea-llama-a-respetar-la-voluntad-de-los-guatemaltecos-en-las-urnas","status":"publish","type":"post","link":"https:\/\/elmetropolitano.com.gt\/es\/oea-y-union-europea-llama-a-respetar-la-voluntad-de-los-guatemaltecos-en-las-urnas\/","title":{"rendered":"OEA y Uni\u00f3n Europea llama a respetar la voluntad de los guatemaltecos en las urnas"},"content":{"rendered":"\n<p>La Misi\u00f3n de Observadores de la Organizaci\u00f3n de Estados Americanos y Uni\u00f3n Europea MOE UE reitero este domingo que las instituciones judiciales y los partidos pol\u00edticos deben respetar la voluntad de los ciudadanos expresada en las elecciones del pasado 25 de junio que en la elecci\u00f3n presidencial, se\u00f1al\u00f3 claramente qui\u00e9nes ser\u00e1n los candidatos que concurrir\u00e1n a la segunda vuelta, el pr\u00f3ximo 20 <a><\/a>de agosto<\/p>\n\n\n\n<p>Lo que expresa el comunicado:<\/p><div class=\"elmet-contenido\" id=\"elmet-2363183946\"><div class=\"elmet-adlabel\">Anuncios<\/div><div style=\"margin-top: 20px;margin-right: 20px;margin-bottom: 20px;margin-left: 20px;\" id=\"elmet-2998363479\"><a href=\"https:\/\/www.facebook.com\/arrincuanantigua\/\" aria-label=\"cintillo-arrin-cual\"><img loading=\"lazy\" decoding=\"async\" src=\"https:\/\/elmetropolitano.com.gt\/es\/wp-content\/uploads\/2021\/11\/cintillo-arrin-cual-1.jpg\" alt=\"\"  srcset=\"https:\/\/elmetropolitano.com.gt\/es\/wp-content\/uploads\/2021\/11\/cintillo-arrin-cual-1.jpg 750w, https:\/\/elmetropolitano.com.gt\/es\/wp-content\/uploads\/2021\/11\/cintillo-arrin-cual-1-300x36.jpg 300w, https:\/\/elmetropolitano.com.gt\/es\/wp-content\/uploads\/2021\/11\/cintillo-arrin-cual-1-600x72.jpg 600w\" sizes=\"(max-width: 750px) 100vw, 750px\" width=\"750\" height=\"90\"   \/><\/a><\/div><\/div>\n\n\n\n<p>Ante la decisi\u00f3n de la Corte de Constitucionalidad de ordenar al TSE suspender temporalmente la calificaci\u00f3n y oficializaci\u00f3n de los resultados de las elecciones del 25 de junio, y de repetir las audiencias de revisi\u00f3n de escrutinios, la misi\u00f3n de observaci\u00f3n electoral de la Uni\u00f3n Europea:<\/p>\n\n\n\n<p>\u2022 Reitera a instituciones judiciales y partidos pol\u00edticos que respeten la clara voluntad de los ciudadanos expresada libremente en las elecciones del 25 de junio que, en el caso de la elecci\u00f3n presidencial, se\u00f1al\u00f3 qui\u00e9nes ser\u00e1n los candidatos que concurrir\u00e1n a la segunda vuelta, prevista para el 20 de agosto.<\/p>\n\n\n\n<p>\u2022 Recuerda que la MOE UE se\u00f1al\u00f3 en su declaraci\u00f3n preliminar del pasado 27 de junio \u00abque los ciudadanos demostraron su firme compromiso con la democracia y los valores c\u00edvicos acudiendo a las juntas receptoras de votos a expresar su voluntad en una jornada electoral bien organizada por el TSE\u00bb y alert\u00f3 sobre el deterioro del Estado de derecho y de la judicializaci\u00f3n con fines pol\u00edticos de asuntos puramente electorales.<\/p>\n\n\n\n<p>\u2022 La legislaci\u00f3n electoral prev\u00e9 los mecanismos para la presentaci\u00f3n de impugnaciones y su resoluci\u00f3n por parte de las autoridades electorales, por lo que la MOE UE exhorta a partidos pol\u00edticos y estamentos judiciales a que respeten los procedimientos establecidos en la ley.<\/p>\n\n\n\n<p>La MOE UE hace un llamamiento a los estamentos pol\u00edticos y judiciales para que respeten la separaci\u00f3n de poderes y el Estado de derecho como \u00fanico modo para que las inconformidades que puedan surgir sobre el proceso electoral se resuelvan con apego a la ley, en el foro establecido para ello, y cumpliendo con la voluntad popular depositada en las urnas.<\/p>\n\n\n\n<p><a href=\"https:\/\/www.facebook.com\/hashtag\/eleccionesgt2023?__eep__=6&amp;__cft__[0]=AZU6UkdXZzaTcYePquBgRA-m9eN1zVbPSFR1nJ9gd3yX3C1luNx6W9vLM9CWfQy8Yijfd1zT_32ZK5dxA0C-9EAHywET1i4NaRrV76j2Db7gMZsAIOJYJEaEHafUxzB5N9cQItlJxWBwyoBlQx2PkACHVvWk5H1ojQtKRlzt-DGViYIughmYj1lwiieYqhWXR4U&amp;__tn__=*NK-R\">#EleccionesGT2023<\/a><a href=\"https:\/\/www.facebook.com\/hashtag\/nohubofraude?__eep__=6&amp;__cft__[0]=AZU6UkdXZzaTcYePquBgRA-m9eN1zVbPSFR1nJ9gd3yX3C1luNx6W9vLM9CWfQy8Yijfd1zT_32ZK5dxA0C-9EAHywET1i4NaRrV76j2Db7gMZsAIOJYJEaEHafUxzB5N9cQItlJxWBwyoBlQx2PkACHVvWk5H1ojQtKRlzt-DGViYIughmYj1lwiieYqhWXR4U&amp;__tn__=*NK-R\">#NoHuboFraude<\/a><a href=\"https:\/\/www.facebook.com\/hashtag\/yovoto?__eep__=6&amp;__cft__[0]=AZU6UkdXZzaTcYePquBgRA-m9eN1zVbPSFR1nJ9gd3yX3C1luNx6W9vLM9CWfQy8Yijfd1zT_32ZK5dxA0C-9EAHywET1i4NaRrV76j2Db7gMZsAIOJYJEaEHafUxzB5N9cQItlJxWBwyoBlQx2PkACHVvWk5H1ojQtKRlzt-DGViYIughmYj1lwiieYqhWXR4U&amp;__tn__=*NK-R\">#YoVoto<\/a><a href=\"https:\/\/www.facebook.com\/hashtag\/elmetropolitano?__eep__=6&amp;__cft__[0]=AZU6UkdXZzaTcYePquBgRA-m9eN1zVbPSFR1nJ9gd3yX3C1luNx6W9vLM9CWfQy8Yijfd1zT_32ZK5dxA0C-9EAHywET1i4NaRrV76j2Db7gMZsAIOJYJEaEHafUxzB5N9cQItlJxWBwyoBlQx2PkACHVvWk5H1ojQtKRlzt-DGViYIughmYj1lwiieYqhWXR4U&amp;__tn__=*NK-R\">#Elmetropolitano<\/a><\/p>\n\n\n\n<figure class=\"wp-block-image size-full\"><img loading=\"lazy\" decoding=\"async\" width=\"670\" height=\"862\" src=\"https:\/\/elmetropolitano.com.gt\/es\/wp-content\/uploads\/2023\/07\/357077325_733759335416819_8025010440771337360_n-1.jpg\" alt=\"\" class=\"wp-image-68747\" srcset=\"https:\/\/elmetropolitano.com.gt\/es\/wp-content\/uploads\/2023\/07\/357077325_733759335416819_8025010440771337360_n-1.jpg 670w, https:\/\/elmetropolitano.com.gt\/es\/wp-content\/uploads\/2023\/07\/357077325_733759335416819_8025010440771337360_n-1-233x300.jpg 233w, https:\/\/elmetropolitano.com.gt\/es\/wp-content\/uploads\/2023\/07\/357077325_733759335416819_8025010440771337360_n-1-600x772.jpg 600w\" sizes=\"auto, (max-width: 670px) 100vw, 670px\" \/><\/figure>\n","protected":false},"excerpt":{"rendered":"<p>La Misi\u00f3n de Observadores de la Organizaci\u00f3n de Estados Americanos y Uni\u00f3n Europea MOE UE reitero este domingo que las instituciones judiciales y los partidos pol\u00edticos deben respetar la voluntad de los ciudadanos expresada en las elecciones del pasado 25 de junio que en la elecci\u00f3n presidencial, se\u00f1al\u00f3 claramente qui\u00e9nes ser\u00e1n los candidatos que concurrir\u00e1n <a class=\"read-more\" href=\"https:\/\/elmetropolitano.com.gt\/es\/oea-y-union-europea-llama-a-respetar-la-voluntad-de-los-guatemaltecos-en-las-urnas\/\">Leer m\u00e1s<\/a><\/p>\n","protected":false},"author":1,"featured_media":68746,"comment_status":"open","ping_status":"closed","sticky":false,"template":"","format":"standard","meta":{"footnotes":""},"categories":[14],"tags":[15],"class_list":["post-68745","post","type-post","status-publish","format-standard","has-post-thumbnail","hentry","category-internacionales","tag-internacionales"],"_links":{"self":[{"href":"https:\/\/elmetropolitano.com.gt\/es\/wp-json\/wp\/v2\/posts\/68745","targetHints":{"allow":["GET"]}}],"collection":[{"href":"https:\/\/elmetropolitano.com.gt\/es\/wp-json\/wp\/v2\/posts"}],"about":[{"href":"https:\/\/elmetropolitano.com.gt\/es\/wp-json\/wp\/v2\/types\/post"}],"author":[{"embeddable":true,"href":"https:\/\/elmetropolitano.com.gt\/es\/wp-json\/wp\/v2\/users\/1"}],"replies":[{"embeddable":true,"href":"https:\/\/elmetropolitano.com.gt\/es\/wp-json\/wp\/v2\/comments?post=68745"}],"version-history":[{"count":1,"href":"https:\/\/elmetropolitano.com.gt\/es\/wp-json\/wp\/v2\/posts\/68745\/revisions"}],"predecessor-version":[{"id":68748,"href":"https:\/\/elmetropolitano.com.gt\/es\/wp-json\/wp\/v2\/posts\/68745\/revisions\/68748"}],"wp:featuredmedia":[{"embeddable":true,"href":"https:\/\/elmetropolitano.com.gt\/es\/wp-json\/wp\/v2\/media\/68746"}],"wp:attachment":[{"href":"https:\/\/elmetropolitano.com.gt\/es\/wp-json\/wp\/v2\/media?parent=68745"}],"wp:term":[{"taxonomy":"category","embeddable":true,"href":"https:\/\/elmetropolitano.com.gt\/es\/wp-json\/wp\/v2\/categories?post=68745"},{"taxonomy":"post_tag","embeddable":true,"href":"https:\/\/elmetropolitano.com.gt\/es\/wp-json\/wp\/v2\/tags?post=68745"}],"curies":[{"name":"wp","href":"https:\/\/api.w.org\/{rel}","templated":true}]}}