{"id":68765,"date":"2023-07-02T20:03:48","date_gmt":"2023-07-03T02:03:48","guid":{"rendered":"https:\/\/elmetropolitano.com.gt\/es\/?p=68765"},"modified":"2023-07-02T20:04:32","modified_gmt":"2023-07-03T02:04:32","slug":"empresarios-piden-a-la-cc-aclarar-resolucion-para-evitar-nocivos-actos-arbitrarios","status":"publish","type":"post","link":"https:\/\/elmetropolitano.com.gt\/es\/empresarios-piden-a-la-cc-aclarar-resolucion-para-evitar-nocivos-actos-arbitrarios\/","title":{"rendered":"Empresarios piden a la CC aclarar resoluci\u00f3n para evitar \u201cnocivos actos arbitrarios\u201d"},"content":{"rendered":"\n<p>El Concejo Nacional Empresarial CNE por medio de un comunicado pidi\u00f3 este domingo a la Corte de Constitucionalidad CC aclarar algunos t\u00e9rminos de su resoluci\u00f3n que podr\u00edan prestarse a actos \u201cNocicos actos arbitrarios\u201d<\/p>\n\n\n\n<p>\u201cComo ha sido ya una tradici\u00f3n, la jornada electoral transcurri\u00f3 de manera ejemplar; no respetar la decisi\u00f3n de los electores ahondar\u00eda el peligroso camino hacia la <a><\/a>conflictividad y aislamiento como ya fue denunciado por el CNE en m\u00faltiples ocasiones\u201dexpresa el comunicado<\/p><div class=\"elmet-contenido\" id=\"elmet-884634278\"><div class=\"elmet-adlabel\">Anuncios<\/div><div style=\"margin-top: 20px;margin-right: 20px;margin-bottom: 20px;margin-left: 20px;\" id=\"elmet-3335557489\"><a href=\"https:\/\/www.facebook.com\/arrincuanantigua\/\" aria-label=\"cintillo-arrin-cual\"><img loading=\"lazy\" decoding=\"async\" src=\"https:\/\/elmetropolitano.com.gt\/es\/wp-content\/uploads\/2021\/11\/cintillo-arrin-cual-1.jpg\" alt=\"\"  srcset=\"https:\/\/elmetropolitano.com.gt\/es\/wp-content\/uploads\/2021\/11\/cintillo-arrin-cual-1.jpg 750w, https:\/\/elmetropolitano.com.gt\/es\/wp-content\/uploads\/2021\/11\/cintillo-arrin-cual-1-300x36.jpg 300w, https:\/\/elmetropolitano.com.gt\/es\/wp-content\/uploads\/2021\/11\/cintillo-arrin-cual-1-600x72.jpg 600w\" sizes=\"(max-width: 750px) 100vw, 750px\" width=\"750\" height=\"90\"   \/><\/a><\/div><\/div>\n\n\n\n<p>Los empresarios aglutinados en el CNE invitan al Tribunal Supremo Electoral TSE y a las Juntas Electorales \u201ca reivindicarse despu\u00e9s de un cuestionable proceso de transmisi\u00f3n y revisi\u00f3n de escrutinios, que puso en riesgo la enorme labor de los ciudadanos que integraron honorablemente las Juntas Receptoras de Votos. Toda situaci\u00f3n de dudas o impugnaciones debe solventarse de manera r\u00e1pida y transparente\u201d<\/p>\n\n\n\n<p>Agrega que \u201cla Corte de Constitucionalidad debe aclarar los aspectos de la resoluci\u00f3n emitida ayer que pudieran prestarse a nocivos actos arbitrarios. No es lo mismo revisar contiendas producto de un estrecho margen de votos que boicotear todo el proceso o manchar el trabajo de las Juntas Receptoras de Votos\u201d<\/p>\n\n\n\n<p>Enfatiza que las audiencias de revisi\u00f3n deben ser una oportunidad para hacer m\u00e1s cristalino y leg\u00edtimo el proceso, no para entramparlo, ensuciarlo y menos deslegitimarlo; algo que buscan ciertos grupos a los que la ciudadan\u00eda dijo NO en las urnas.<\/p>\n\n\n\n<p>Finalmente los empresarios recuerda que c\u00f3mo \u201c bien manifestaron las misiones de observaci\u00f3n nacionales e internacionales expresa el CNE , los guatemaltecos se han pronunciado, por tanto, su voz no puede ser acallada o tergiversada. Es un momento clave para el futuro de nuestro pa\u00eds y como ciudadanos queremos elecciones el 20 de agosto entre las dos opciones m\u00e1s votadas en primera vuelta\u201d<\/p>\n\n\n\n<p><a href=\"https:\/\/www.facebook.com\/hashtag\/cnegy?__eep__=6&amp;__cft__[0]=AZWhGyPdtn4WFfoD_nxQZpYBUKw6lv_Snmw0gMklQ3_jjJtDcMc7gQVfCf9hArr92NUi80RjW-LzQU4_tVdoHnuZfjwU_7qyXjgAffLJkweJCULTPhAE85cPbAidmt-PZy9UmY_ogXgd_9nvGCI6yIeGb5vr0Fu0LqPqXsXU5WEKlK-BbSBD-Sm-CxUr4wyaYvc&amp;__tn__=*NK-R\">#CNEGY<\/a><a href=\"https:\/\/www.facebook.com\/hashtag\/metroredes?__eep__=6&amp;__cft__[0]=AZWhGyPdtn4WFfoD_nxQZpYBUKw6lv_Snmw0gMklQ3_jjJtDcMc7gQVfCf9hArr92NUi80RjW-LzQU4_tVdoHnuZfjwU_7qyXjgAffLJkweJCULTPhAE85cPbAidmt-PZy9UmY_ogXgd_9nvGCI6yIeGb5vr0Fu0LqPqXsXU5WEKlK-BbSBD-Sm-CxUr4wyaYvc&amp;__tn__=*NK-R\">#metroredes<\/a><a href=\"https:\/\/www.facebook.com\/hashtag\/tsegt?__eep__=6&amp;__cft__[0]=AZWhGyPdtn4WFfoD_nxQZpYBUKw6lv_Snmw0gMklQ3_jjJtDcMc7gQVfCf9hArr92NUi80RjW-LzQU4_tVdoHnuZfjwU_7qyXjgAffLJkweJCULTPhAE85cPbAidmt-PZy9UmY_ogXgd_9nvGCI6yIeGb5vr0Fu0LqPqXsXU5WEKlK-BbSBD-Sm-CxUr4wyaYvc&amp;__tn__=*NK-R\">#TSEgt<\/a><a href=\"https:\/\/www.facebook.com\/hashtag\/cortedeconstitucionalidadgt?__eep__=6&amp;__cft__[0]=AZWhGyPdtn4WFfoD_nxQZpYBUKw6lv_Snmw0gMklQ3_jjJtDcMc7gQVfCf9hArr92NUi80RjW-LzQU4_tVdoHnuZfjwU_7qyXjgAffLJkweJCULTPhAE85cPbAidmt-PZy9UmY_ogXgd_9nvGCI6yIeGb5vr0Fu0LqPqXsXU5WEKlK-BbSBD-Sm-CxUr4wyaYvc&amp;__tn__=*NK-R\">#cortedeconstitucionalidadgt<\/a><\/p>\n\n\n\n<figure class=\"wp-block-gallery has-nested-images columns-default is-cropped wp-block-gallery-1 is-layout-flex wp-block-gallery-is-layout-flex\">\n<figure class=\"wp-block-image size-large\"><img loading=\"lazy\" decoding=\"async\" width=\"732\" height=\"1024\" data-id=\"68767\" src=\"https:\/\/elmetropolitano.com.gt\/es\/wp-content\/uploads\/2023\/07\/358034429_733873738738712_7350367448523561578_n-1-732x1024.jpg\" alt=\"\" class=\"wp-image-68767\" srcset=\"https:\/\/elmetropolitano.com.gt\/es\/wp-content\/uploads\/2023\/07\/358034429_733873738738712_7350367448523561578_n-1-732x1024.jpg 732w, https:\/\/elmetropolitano.com.gt\/es\/wp-content\/uploads\/2023\/07\/358034429_733873738738712_7350367448523561578_n-1-214x300.jpg 214w, https:\/\/elmetropolitano.com.gt\/es\/wp-content\/uploads\/2023\/07\/358034429_733873738738712_7350367448523561578_n-1-768x1075.jpg 768w, https:\/\/elmetropolitano.com.gt\/es\/wp-content\/uploads\/2023\/07\/358034429_733873738738712_7350367448523561578_n-1-600x840.jpg 600w, https:\/\/elmetropolitano.com.gt\/es\/wp-content\/uploads\/2023\/07\/358034429_733873738738712_7350367448523561578_n-1.jpg 828w\" sizes=\"auto, (max-width: 732px) 100vw, 732px\" \/><\/figure>\n<\/figure>\n","protected":false},"excerpt":{"rendered":"<p>El Concejo Nacional Empresarial CNE por medio de un comunicado pidi\u00f3 este domingo a la Corte de Constitucionalidad CC aclarar algunos t\u00e9rminos de su resoluci\u00f3n que podr\u00edan prestarse a actos \u201cNocicos actos arbitrarios\u201d \u201cComo ha sido ya una tradici\u00f3n, la jornada electoral transcurri\u00f3 de manera ejemplar; no respetar la decisi\u00f3n de los electores ahondar\u00eda el <a class=\"read-more\" href=\"https:\/\/elmetropolitano.com.gt\/es\/empresarios-piden-a-la-cc-aclarar-resolucion-para-evitar-nocivos-actos-arbitrarios\/\">Leer m\u00e1s<\/a><\/p>\n","protected":false},"author":1,"featured_media":68766,"comment_status":"open","ping_status":"closed","sticky":false,"template":"","format":"standard","meta":{"footnotes":""},"categories":[2],"tags":[12],"class_list":["post-68765","post","type-post","status-publish","format-standard","has-post-thumbnail","hentry","category-nacionales","tag-nacionales"],"_links":{"self":[{"href":"https:\/\/elmetropolitano.com.gt\/es\/wp-json\/wp\/v2\/posts\/68765","targetHints":{"allow":["GET"]}}],"collection":[{"href":"https:\/\/elmetropolitano.com.gt\/es\/wp-json\/wp\/v2\/posts"}],"about":[{"href":"https:\/\/elmetropolitano.com.gt\/es\/wp-json\/wp\/v2\/types\/post"}],"author":[{"embeddable":true,"href":"https:\/\/elmetropolitano.com.gt\/es\/wp-json\/wp\/v2\/users\/1"}],"replies":[{"embeddable":true,"href":"https:\/\/elmetropolitano.com.gt\/es\/wp-json\/wp\/v2\/comments?post=68765"}],"version-history":[{"count":1,"href":"https:\/\/elmetropolitano.com.gt\/es\/wp-json\/wp\/v2\/posts\/68765\/revisions"}],"predecessor-version":[{"id":68768,"href":"https:\/\/elmetropolitano.com.gt\/es\/wp-json\/wp\/v2\/posts\/68765\/revisions\/68768"}],"wp:featuredmedia":[{"embeddable":true,"href":"https:\/\/elmetropolitano.com.gt\/es\/wp-json\/wp\/v2\/media\/68766"}],"wp:attachment":[{"href":"https:\/\/elmetropolitano.com.gt\/es\/wp-json\/wp\/v2\/media?parent=68765"}],"wp:term":[{"taxonomy":"category","embeddable":true,"href":"https:\/\/elmetropolitano.com.gt\/es\/wp-json\/wp\/v2\/categories?post=68765"},{"taxonomy":"post_tag","embeddable":true,"href":"https:\/\/elmetropolitano.com.gt\/es\/wp-json\/wp\/v2\/tags?post=68765"}],"curies":[{"name":"wp","href":"https:\/\/api.w.org\/{rel}","templated":true}]}}