{"id":68776,"date":"2023-07-02T20:09:59","date_gmt":"2023-07-03T02:09:59","guid":{"rendered":"https:\/\/elmetropolitano.com.gt\/es\/?p=68776"},"modified":"2023-07-02T20:10:46","modified_gmt":"2023-07-03T02:10:46","slug":"tse-suspende-oficializacion-de-resultados-electorales-por-amparo-de-la-cc","status":"publish","type":"post","link":"https:\/\/elmetropolitano.com.gt\/es\/tse-suspende-oficializacion-de-resultados-electorales-por-amparo-de-la-cc\/","title":{"rendered":"TSE suspende oficializaci\u00f3n de resultados electorales por amparo de la CC"},"content":{"rendered":"\n<p>El Tribunal Supremo Electoral TSE resuelve este domingo suspender oficialmente los resultados electorales de las votaciones del 25 de junio en cumplimiento a la resoluci\u00f3n de la Corte de Constitucionalidad CC de ayer seg\u00fan lo inform\u00f3 por medio de un comunicado de prensa.<\/p>\n\n\n\n<p>Adem\u00e1s el TSE convoca a las Juntas Electorales Departamentales en el plazo de cinco d\u00edas para llevar a cabo las audiencias de <a><\/a>escrutinios, guardando rigurosamente las formas y requisitos que la ley especial de la materia les impone, con la presencia de los actores que determina la ley.<\/p><div class=\"elmet-contenido\" id=\"elmet-3567983750\"><div class=\"elmet-adlabel\">Anuncios<\/div><div style=\"margin-top: 20px;margin-right: 20px;margin-bottom: 20px;margin-left: 20px;\" id=\"elmet-4258602996\"><a href=\"https:\/\/www.facebook.com\/arrincuanantigua\/\" aria-label=\"cintillo-arrin-cual\"><img loading=\"lazy\" decoding=\"async\" src=\"https:\/\/elmetropolitano.com.gt\/es\/wp-content\/uploads\/2021\/11\/cintillo-arrin-cual-1.jpg\" alt=\"\"  srcset=\"https:\/\/elmetropolitano.com.gt\/es\/wp-content\/uploads\/2021\/11\/cintillo-arrin-cual-1.jpg 750w, https:\/\/elmetropolitano.com.gt\/es\/wp-content\/uploads\/2021\/11\/cintillo-arrin-cual-1-300x36.jpg 300w, https:\/\/elmetropolitano.com.gt\/es\/wp-content\/uploads\/2021\/11\/cintillo-arrin-cual-1-600x72.jpg 600w\" sizes=\"(max-width: 750px) 100vw, 750px\" width=\"750\" height=\"90\"   \/><\/a><\/div><\/div>\n\n\n\n<p>As\u00ed lo informaron:<\/p>\n\n\n\n<p>El Tribunal Supremo Electoral a la ciudadan\u00eda en general informa<\/p>\n\n\n\n<p>Notificados el 1 de julio del presente a\u00f1o de la resoluci\u00f3n del amparo 3731-2023, en vista de su contenido y alcances, es menester traer a colaci\u00f3n el deber que impone el principio de velar por la pureza del proceso electoral, que se concatena con la funci\u00f3n del Tribunal Supremo Electoral de procurar seguridad y certeza jur\u00eddica, deberes a los que el Tribunal ha sometido el evento electoral reci\u00e9n pasado, donde la administraci\u00f3n e integridad de las elecciones fueron dotadas de las herramientas tecnol\u00f3gicas y log\u00edsticas modernas y cient\u00edficas para proteger el r\u00e9gimen democr\u00e1tico del pa\u00eds.<\/p>\n\n\n\n<p>En cumplimiento de ese deber, las audiencias de revisi\u00f3n de escrutinios a nivel nacional (art\u00edculo 238 de la Ley Electoral y de Partidos Pol\u00edticos) concluyeron en el plazo regulado, el viernes 30 de junio, sin embargo, la Corte de Constitucionalidad habilit\u00f3 de nueva cuenta, un periodo de 5 d\u00edas donde las Juntas Electorales Departamentales deber\u00e1n organizarse para llevar a cabo las audiencias de escrutinios, guardando rigurosamente las formas y requisitos que la ley especial de la materia les impone, con la presencia de los actores que determina la ley.<\/p>\n\n\n\n<p>En congruencia con lo antes indicado, este \u00f3rgano electoral con fecha de hoy resolvi\u00f3, que en ejecuci\u00f3n de lo resuelto por la Corte de Constitucionalidad y en tanto se dilucidan las situaciones aludidas en su resoluci\u00f3n, este \u00f3rgano colegiado suspende la calificaci\u00f3n y oficializaci\u00f3n de resultados de las Elecciones Generales realizadas el veinticinco de junio de dos mil veintitr\u00e9s.<\/p>\n\n\n\n<p>Por lo anterior, los ciudadanos pueden seguir confiando en la autoridad electoral, nuestro compromiso es con Guatemala y la vocaci\u00f3n de servicio es nuestra fidelidad con el fortalecimiento democr\u00e1tico.<\/p>\n\n\n\n<p>Privilegiamos la certeza y seguridad jur\u00eddica del voto Por unas elecciones transparentes y eficientes<\/p>\n\n\n\n<p>Ciudad de Guatemala,<\/p>\n\n\n\n<p>02 de julio de 2023.<\/p>\n\n\n\n<p><a href=\"https:\/\/www.facebook.com\/hashtag\/eleccionesgt2023?__eep__=6&amp;__cft__[0]=AZW5MdlUK_xXnvR4tqY1sk9M2z3yDQShAICrTUMuQNEpE955j6pDIjQD5PvweezQvGv0Qt-xV3RwNqhWvq7Hf25YJ8RZWv-0hqNCjGZmtAFHkTsCEn8diQ7oQqSFFBvAvnryNT1XdR8BcQFqeHDPZBE4kENfB8mWZYXsyeZtfmtuPetI3BBBEC_EWn2_GkuFTQA&amp;__tn__=*NK-R\">#EleccionesGT2023<\/a><a href=\"https:\/\/www.facebook.com\/hashtag\/yovoto?__eep__=6&amp;__cft__[0]=AZW5MdlUK_xXnvR4tqY1sk9M2z3yDQShAICrTUMuQNEpE955j6pDIjQD5PvweezQvGv0Qt-xV3RwNqhWvq7Hf25YJ8RZWv-0hqNCjGZmtAFHkTsCEn8diQ7oQqSFFBvAvnryNT1XdR8BcQFqeHDPZBE4kENfB8mWZYXsyeZtfmtuPetI3BBBEC_EWn2_GkuFTQA&amp;__tn__=*NK-R\">#YoVoto<\/a><\/p>\n\n\n\n<figure class=\"wp-block-gallery has-nested-images columns-default is-cropped wp-block-gallery-1 is-layout-flex wp-block-gallery-is-layout-flex\">\n<figure class=\"wp-block-image size-large\"><img loading=\"lazy\" decoding=\"async\" width=\"792\" height=\"1024\" data-id=\"68778\" src=\"https:\/\/elmetropolitano.com.gt\/es\/wp-content\/uploads\/2023\/07\/357135216_733962855396467_9149585280238565408_n-1-792x1024.jpg\" alt=\"\" class=\"wp-image-68778\" srcset=\"https:\/\/elmetropolitano.com.gt\/es\/wp-content\/uploads\/2023\/07\/357135216_733962855396467_9149585280238565408_n-1-792x1024.jpg 792w, https:\/\/elmetropolitano.com.gt\/es\/wp-content\/uploads\/2023\/07\/357135216_733962855396467_9149585280238565408_n-1-232x300.jpg 232w, https:\/\/elmetropolitano.com.gt\/es\/wp-content\/uploads\/2023\/07\/357135216_733962855396467_9149585280238565408_n-1-768x993.jpg 768w, https:\/\/elmetropolitano.com.gt\/es\/wp-content\/uploads\/2023\/07\/357135216_733962855396467_9149585280238565408_n-1-600x776.jpg 600w, https:\/\/elmetropolitano.com.gt\/es\/wp-content\/uploads\/2023\/07\/357135216_733962855396467_9149585280238565408_n-1.jpg 1080w\" sizes=\"auto, (max-width: 792px) 100vw, 792px\" \/><\/figure>\n<\/figure>\n","protected":false},"excerpt":{"rendered":"<p>El Tribunal Supremo Electoral TSE resuelve este domingo suspender oficialmente los resultados electorales de las votaciones del 25 de junio en cumplimiento a la resoluci\u00f3n de la Corte de Constitucionalidad CC de ayer seg\u00fan lo inform\u00f3 por medio de un comunicado de prensa. Adem\u00e1s el TSE convoca a las Juntas Electorales Departamentales en el plazo <a class=\"read-more\" href=\"https:\/\/elmetropolitano.com.gt\/es\/tse-suspende-oficializacion-de-resultados-electorales-por-amparo-de-la-cc\/\">Leer m\u00e1s<\/a><\/p>\n","protected":false},"author":1,"featured_media":68777,"comment_status":"open","ping_status":"closed","sticky":false,"template":"","format":"standard","meta":{"footnotes":""},"categories":[2],"tags":[12],"class_list":["post-68776","post","type-post","status-publish","format-standard","has-post-thumbnail","hentry","category-nacionales","tag-nacionales"],"_links":{"self":[{"href":"https:\/\/elmetropolitano.com.gt\/es\/wp-json\/wp\/v2\/posts\/68776","targetHints":{"allow":["GET"]}}],"collection":[{"href":"https:\/\/elmetropolitano.com.gt\/es\/wp-json\/wp\/v2\/posts"}],"about":[{"href":"https:\/\/elmetropolitano.com.gt\/es\/wp-json\/wp\/v2\/types\/post"}],"author":[{"embeddable":true,"href":"https:\/\/elmetropolitano.com.gt\/es\/wp-json\/wp\/v2\/users\/1"}],"replies":[{"embeddable":true,"href":"https:\/\/elmetropolitano.com.gt\/es\/wp-json\/wp\/v2\/comments?post=68776"}],"version-history":[{"count":1,"href":"https:\/\/elmetropolitano.com.gt\/es\/wp-json\/wp\/v2\/posts\/68776\/revisions"}],"predecessor-version":[{"id":68779,"href":"https:\/\/elmetropolitano.com.gt\/es\/wp-json\/wp\/v2\/posts\/68776\/revisions\/68779"}],"wp:featuredmedia":[{"embeddable":true,"href":"https:\/\/elmetropolitano.com.gt\/es\/wp-json\/wp\/v2\/media\/68777"}],"wp:attachment":[{"href":"https:\/\/elmetropolitano.com.gt\/es\/wp-json\/wp\/v2\/media?parent=68776"}],"wp:term":[{"taxonomy":"category","embeddable":true,"href":"https:\/\/elmetropolitano.com.gt\/es\/wp-json\/wp\/v2\/categories?post=68776"},{"taxonomy":"post_tag","embeddable":true,"href":"https:\/\/elmetropolitano.com.gt\/es\/wp-json\/wp\/v2\/tags?post=68776"}],"curies":[{"name":"wp","href":"https:\/\/api.w.org\/{rel}","templated":true}]}}