{"id":68789,"date":"2023-07-03T08:50:26","date_gmt":"2023-07-03T14:50:26","guid":{"rendered":"https:\/\/elmetropolitano.com.gt\/es\/?p=68789"},"modified":"2023-07-03T08:51:26","modified_gmt":"2023-07-03T14:51:26","slug":"los-unionistas-se-robaron-la-eleccion-de-la-muni-de-guate","status":"publish","type":"post","link":"https:\/\/elmetropolitano.com.gt\/es\/los-unionistas-se-robaron-la-eleccion-de-la-muni-de-guate\/","title":{"rendered":"Los unionistas se robaron la elecci\u00f3n de la muni de Guate"},"content":{"rendered":"\n<p><a href=\"https:\/\/www.facebook.com\/hashtag\/asilodijo?__eep__=6&amp;__cft__[0]=AZXcZJOtmFg8VEB7AovPfDSkEnsSFAuw2estSgP_qFzKkvoBlHIXbI5OG8j0sKV-NmPwSqwpGxlFk-IF1Pc-W7w0peQcQ-w49xJY5LXzzzcY38NTdKe6-Avc2-JHicllUDSQli1TS666-leyT0DVnw6a1AWcHP4nqa4xkQe23_X0OMpY1O-0N8ervEAGxh2-Aq8&amp;__tn__=*NK-R\">#AsiLoDijo<\/a><\/p>\n\n\n\n<p>\u201cEl Unionismo se rob\u00f3 la elecci\u00f3n de la Muni de Guate. Creo y la Coalici\u00f3n Semilla, URNG y Winak protestan por estas inconsistencias a nivel local.<\/p><div class=\"elmet-contenido\" id=\"elmet-4045253784\"><div class=\"elmet-adlabel\">Anuncios<\/div><div style=\"margin-top: 20px;margin-right: 20px;margin-bottom: 20px;margin-left: 20px;\" id=\"elmet-4016301819\"><a href=\"https:\/\/www.facebook.com\/arrincuanantigua\/\" aria-label=\"cintillo-arrin-cual\"><img loading=\"lazy\" decoding=\"async\" src=\"https:\/\/elmetropolitano.com.gt\/es\/wp-content\/uploads\/2021\/11\/cintillo-arrin-cual-1.jpg\" alt=\"\"  srcset=\"https:\/\/elmetropolitano.com.gt\/es\/wp-content\/uploads\/2021\/11\/cintillo-arrin-cual-1.jpg 750w, https:\/\/elmetropolitano.com.gt\/es\/wp-content\/uploads\/2021\/11\/cintillo-arrin-cual-1-300x36.jpg 300w, https:\/\/elmetropolitano.com.gt\/es\/wp-content\/uploads\/2021\/11\/cintillo-arrin-cual-1-600x72.jpg 600w\" sizes=\"(max-width: 750px) 100vw, 750px\" width=\"750\" height=\"90\"   \/><\/a><\/div><\/div>\n\n\n\n<p>Otros partidos aprovechando estas ilegalidades dicen que hay fraude a nivel nacional y ahora se quieren robar la elecci\u00f3n presidencial\u201d.<\/p>\n\n\n\n<p>Juan Francisco Sol\u00f3rzano Foppa, Abogado y pol\u00edtico<\/p>\n","protected":false},"excerpt":{"rendered":"<p>#AsiLoDijo \u201cEl Unionismo se rob\u00f3 la elecci\u00f3n de la Muni de Guate. Creo y la Coalici\u00f3n Semilla, URNG y Winak protestan por estas inconsistencias a nivel local. Otros partidos aprovechando estas ilegalidades dicen que hay fraude a nivel nacional y ahora se quieren robar la elecci\u00f3n presidencial\u201d. Juan Francisco Sol\u00f3rzano Foppa, Abogado y pol\u00edtico<\/p>\n","protected":false},"author":1,"featured_media":68790,"comment_status":"open","ping_status":"closed","sticky":false,"template":"","format":"standard","meta":{"footnotes":""},"categories":[117],"tags":[118],"class_list":["post-68789","post","type-post","status-publish","format-standard","has-post-thumbnail","hentry","category-asi-lo-dijo","tag-asi-lo-dijo"],"_links":{"self":[{"href":"https:\/\/elmetropolitano.com.gt\/es\/wp-json\/wp\/v2\/posts\/68789","targetHints":{"allow":["GET"]}}],"collection":[{"href":"https:\/\/elmetropolitano.com.gt\/es\/wp-json\/wp\/v2\/posts"}],"about":[{"href":"https:\/\/elmetropolitano.com.gt\/es\/wp-json\/wp\/v2\/types\/post"}],"author":[{"embeddable":true,"href":"https:\/\/elmetropolitano.com.gt\/es\/wp-json\/wp\/v2\/users\/1"}],"replies":[{"embeddable":true,"href":"https:\/\/elmetropolitano.com.gt\/es\/wp-json\/wp\/v2\/comments?post=68789"}],"version-history":[{"count":1,"href":"https:\/\/elmetropolitano.com.gt\/es\/wp-json\/wp\/v2\/posts\/68789\/revisions"}],"predecessor-version":[{"id":68791,"href":"https:\/\/elmetropolitano.com.gt\/es\/wp-json\/wp\/v2\/posts\/68789\/revisions\/68791"}],"wp:featuredmedia":[{"embeddable":true,"href":"https:\/\/elmetropolitano.com.gt\/es\/wp-json\/wp\/v2\/media\/68790"}],"wp:attachment":[{"href":"https:\/\/elmetropolitano.com.gt\/es\/wp-json\/wp\/v2\/media?parent=68789"}],"wp:term":[{"taxonomy":"category","embeddable":true,"href":"https:\/\/elmetropolitano.com.gt\/es\/wp-json\/wp\/v2\/categories?post=68789"},{"taxonomy":"post_tag","embeddable":true,"href":"https:\/\/elmetropolitano.com.gt\/es\/wp-json\/wp\/v2\/tags?post=68789"}],"curies":[{"name":"wp","href":"https:\/\/api.w.org\/{rel}","templated":true}]}}