{"id":68795,"date":"2023-07-03T09:33:00","date_gmt":"2023-07-03T15:33:00","guid":{"rendered":"https:\/\/elmetropolitano.com.gt\/es\/?p=68795"},"modified":"2023-07-03T09:33:05","modified_gmt":"2023-07-03T15:33:05","slug":"en-el-mercado-internacional-el-gas-bajo-hace-meses-y-en-guatemala-no","status":"publish","type":"post","link":"https:\/\/elmetropolitano.com.gt\/es\/en-el-mercado-internacional-el-gas-bajo-hace-meses-y-en-guatemala-no\/","title":{"rendered":"En el mercado internacional el gas bajo hace meses y en Guatemala no"},"content":{"rendered":"\n<p>Desde enero y mayo del presente a\u00f1o el precio del gas bajo 47%, pero en Guatemala solo ha disminuido 4.9% lo que deber\u00eda ser explicado por el ministerio de Energ\u00eda y Minas, porque como siempre se golpea la bolsa de los guatemaltecos solo para favorecer a algunos.<\/p>\n\n\n\n<p>Analistas econ\u00f3micos se\u00f1alan que, en el mercado nacional, el precio por libra al consumidor final solo baj\u00f3 4.9%, pasando de Q5.68 a Q5.40 (cifras sin subsidio). Si se toma en cuenta el plazo de febrero a mayo representa baja de 23.2%, pero el precio en el mercado nacional no tuvo variaci\u00f3n y se sigui\u00f3 en Q5.40 por libra.<\/p><div class=\"elmet-contenido\" id=\"elmet-1170357138\"><div class=\"elmet-adlabel\">Anuncios<\/div><div style=\"margin-top: 20px;margin-right: 20px;margin-bottom: 20px;margin-left: 20px;\" id=\"elmet-4042487189\"><a href=\"https:\/\/www.facebook.com\/arrincuanantigua\/\" aria-label=\"cintillo-arrin-cual\"><img loading=\"lazy\" decoding=\"async\" src=\"https:\/\/elmetropolitano.com.gt\/es\/wp-content\/uploads\/2021\/11\/cintillo-arrin-cual-1.jpg\" alt=\"\"  srcset=\"https:\/\/elmetropolitano.com.gt\/es\/wp-content\/uploads\/2021\/11\/cintillo-arrin-cual-1.jpg 750w, https:\/\/elmetropolitano.com.gt\/es\/wp-content\/uploads\/2021\/11\/cintillo-arrin-cual-1-300x36.jpg 300w, https:\/\/elmetropolitano.com.gt\/es\/wp-content\/uploads\/2021\/11\/cintillo-arrin-cual-1-600x72.jpg 600w\" sizes=\"(max-width: 750px) 100vw, 750px\" width=\"750\" height=\"90\"   \/><\/a><\/div><\/div>\n\n\n\n<p>En el exterior en junio continuaron las bajas y el promedio con datos al d\u00eda 26 de ese mes es de US$0.568, pero en el pa\u00eds contin\u00faa a precio de Q5.40 por libra, seg\u00fan el monitoreo de precios efectuado por el MEM el 19 de este mes. Al viernes 30 de junio en la p\u00e1gina electr\u00f3nica del MEM permanec\u00eda el mismo precio.<\/p>\n\n\n\n<p>Consultado el exviceministro de energ\u00eda, Jorge Garc\u00eda Chiu, indic\u00f3 que el costo del gas ha bajado alrededor del 50% a nivel internacional, derivado de que los hidrocarburos van a la baja, entre otros aspectos porque con clima c\u00e1lido disminuye la demanda. Sin embargo, agreg\u00f3 que en Guatemala es dif\u00edcil que baje en esos niveles porque las empresas importadoras que provienen de M\u00e9xico son las que regulan el precio.<\/p>\n\n\n\n<p>Mientras tanto y como siempre, los guatemaltecos que ya tienen su econom\u00eda destrozada y viviendo en pobreza, contin\u00faan sufriendo sin contar con el apoyo de los que deber\u00edan velar por esos precios, como ocurre con las medicinas y otros.<\/p>\n\n\n\n<p>#metroredes<\/p>\n\n\n\n<p><\/p>\n","protected":false},"excerpt":{"rendered":"<p>Desde enero y mayo del presente a\u00f1o el precio del gas bajo 47%, pero en Guatemala solo ha disminuido 4.9% lo que deber\u00eda ser explicado por el ministerio de Energ\u00eda y Minas, porque como siempre se golpea la bolsa de los guatemaltecos solo para favorecer a algunos. Analistas econ\u00f3micos se\u00f1alan que, en el mercado nacional, <a class=\"read-more\" href=\"https:\/\/elmetropolitano.com.gt\/es\/en-el-mercado-internacional-el-gas-bajo-hace-meses-y-en-guatemala-no\/\">Leer m\u00e1s<\/a><\/p>\n","protected":false},"author":1,"featured_media":68796,"comment_status":"open","ping_status":"closed","sticky":false,"template":"","format":"standard","meta":{"footnotes":""},"categories":[2],"tags":[12],"class_list":["post-68795","post","type-post","status-publish","format-standard","has-post-thumbnail","hentry","category-nacionales","tag-nacionales"],"_links":{"self":[{"href":"https:\/\/elmetropolitano.com.gt\/es\/wp-json\/wp\/v2\/posts\/68795","targetHints":{"allow":["GET"]}}],"collection":[{"href":"https:\/\/elmetropolitano.com.gt\/es\/wp-json\/wp\/v2\/posts"}],"about":[{"href":"https:\/\/elmetropolitano.com.gt\/es\/wp-json\/wp\/v2\/types\/post"}],"author":[{"embeddable":true,"href":"https:\/\/elmetropolitano.com.gt\/es\/wp-json\/wp\/v2\/users\/1"}],"replies":[{"embeddable":true,"href":"https:\/\/elmetropolitano.com.gt\/es\/wp-json\/wp\/v2\/comments?post=68795"}],"version-history":[{"count":1,"href":"https:\/\/elmetropolitano.com.gt\/es\/wp-json\/wp\/v2\/posts\/68795\/revisions"}],"predecessor-version":[{"id":68797,"href":"https:\/\/elmetropolitano.com.gt\/es\/wp-json\/wp\/v2\/posts\/68795\/revisions\/68797"}],"wp:featuredmedia":[{"embeddable":true,"href":"https:\/\/elmetropolitano.com.gt\/es\/wp-json\/wp\/v2\/media\/68796"}],"wp:attachment":[{"href":"https:\/\/elmetropolitano.com.gt\/es\/wp-json\/wp\/v2\/media?parent=68795"}],"wp:term":[{"taxonomy":"category","embeddable":true,"href":"https:\/\/elmetropolitano.com.gt\/es\/wp-json\/wp\/v2\/categories?post=68795"},{"taxonomy":"post_tag","embeddable":true,"href":"https:\/\/elmetropolitano.com.gt\/es\/wp-json\/wp\/v2\/tags?post=68795"}],"curies":[{"name":"wp","href":"https:\/\/api.w.org\/{rel}","templated":true}]}}