{"id":68832,"date":"2023-07-05T09:30:55","date_gmt":"2023-07-05T15:30:55","guid":{"rendered":"https:\/\/elmetropolitano.com.gt\/es\/?p=68832"},"modified":"2023-07-05T09:30:59","modified_gmt":"2023-07-05T15:30:59","slug":"sector-campesino-e-indigena-se-queja-de-alza-a-la-canasta-basica-familiar","status":"publish","type":"post","link":"https:\/\/elmetropolitano.com.gt\/es\/sector-campesino-e-indigena-se-queja-de-alza-a-la-canasta-basica-familiar\/","title":{"rendered":"Sector campesino e ind\u00edgena se queja de alza a la canasta b\u00e1sica familiar"},"content":{"rendered":"\n<p>Las organizaciones campesinas e ind\u00edgenas se quejaron hoy de un alza a los precios de la canasta b\u00e1sica familiar y pidieron al Gobierno que les pueda poner mayor atenci\u00f3n.<\/p>\n\n\n\n<p>Rita <a><\/a>Barrios dijo que la misma Constituci\u00f3n dice que el Estado debe proteger a las familias y que el Gobierno vea como una obligaci\u00f3n que deben velar por la alimentaci\u00f3n y nutrici\u00f3n.<\/p><div class=\"elmet-contenido\" id=\"elmet-2261564225\"><div class=\"elmet-adlabel\">Anuncios<\/div><div style=\"margin-top: 20px;margin-right: 20px;margin-bottom: 20px;margin-left: 20px;\" id=\"elmet-970185123\"><a href=\"https:\/\/www.facebook.com\/arrincuanantigua\/\" aria-label=\"cintillo-arrin-cual\"><img loading=\"lazy\" decoding=\"async\" src=\"https:\/\/elmetropolitano.com.gt\/es\/wp-content\/uploads\/2021\/11\/cintillo-arrin-cual-1.jpg\" alt=\"\"  srcset=\"https:\/\/elmetropolitano.com.gt\/es\/wp-content\/uploads\/2021\/11\/cintillo-arrin-cual-1.jpg 750w, https:\/\/elmetropolitano.com.gt\/es\/wp-content\/uploads\/2021\/11\/cintillo-arrin-cual-1-300x36.jpg 300w, https:\/\/elmetropolitano.com.gt\/es\/wp-content\/uploads\/2021\/11\/cintillo-arrin-cual-1-600x72.jpg 600w\" sizes=\"(max-width: 750px) 100vw, 750px\" width=\"750\" height=\"90\"   \/><\/a><\/div><\/div>\n\n\n\n<p>Sobre todo que las condiciones del cambio clim\u00e1tico han provocado da\u00f1os en la siembra y cosecha de la milpa y otros productos, por lo que piden una asistencia por parte del Ministerio de Agricultura.<\/p>\n\n\n\n<p>Fredy Miranda de la Uni\u00f3n Campesina se\u00f1al\u00f3 que el precio de la tortilla puede llegar a venderse a dos tortillas por un quetzal.<\/p>\n\n\n\n<p>Agreg\u00f3 que adem\u00e1s de los precios del cardamomo y caf\u00e9 ya se encuentran muy elevados y de ajuste, el MAGA ya no entrega abonos, como en otros gobiernos se hizo.<\/p>\n\n\n\n<p>Guillermo Bol Argueta, otro campesino de las verapaces hizo ver que hay hambruna en el pa\u00eds y escasez de alimentos y que los ministerios del gobierno deben de hacer llegar ayuda a esos lugares.<\/p>\n\n\n\n<p>La desesperaci\u00f3n es mucha, a tal punto que si no nos dan ayuda nos vemos obligados a salir a las calles y paralizar las carreteras, dijo Bol Argueta.<\/p>\n\n\n\n<p>Texto: Francisco Javier Hurtarte<\/p>\n\n\n\n<p><a href=\"https:\/\/www.facebook.com\/hashtag\/metroredes?__eep__=6&amp;__cft__[0]=AZU6G1IVzd3Oor39sEFlHEVoI7T3-VVm5EKCD2botRY_vtiMLoubUGWGsCSqmKLv34OLTu7ypD1egoCkLdb7IUAWVe3iwE783sicP2wgIGDcd_JgIDfPTfQ5u_zy2449SUzsDKZwAaqNS6SQKkOLjUB1YDFFssKWnjysf42D7aRW4MpqmBLdBg1-TI5CJkSQ4h4&amp;__tn__=*NK-R\">#metroredes<\/a><\/p>\n\n\n\n<figure class=\"wp-block-gallery has-nested-images columns-default is-cropped wp-block-gallery-1 is-layout-flex wp-block-gallery-is-layout-flex\">\n<figure class=\"wp-block-image size-large\"><img loading=\"lazy\" decoding=\"async\" width=\"1024\" height=\"576\" data-id=\"68834\" src=\"https:\/\/elmetropolitano.com.gt\/es\/wp-content\/uploads\/2023\/07\/352368116_735604515232301_6857671300398909320_n-1024x576.jpg\" alt=\"\" class=\"wp-image-68834\" srcset=\"https:\/\/elmetropolitano.com.gt\/es\/wp-content\/uploads\/2023\/07\/352368116_735604515232301_6857671300398909320_n-1024x576.jpg 1024w, https:\/\/elmetropolitano.com.gt\/es\/wp-content\/uploads\/2023\/07\/352368116_735604515232301_6857671300398909320_n-300x169.jpg 300w, https:\/\/elmetropolitano.com.gt\/es\/wp-content\/uploads\/2023\/07\/352368116_735604515232301_6857671300398909320_n-768x432.jpg 768w, https:\/\/elmetropolitano.com.gt\/es\/wp-content\/uploads\/2023\/07\/352368116_735604515232301_6857671300398909320_n-1536x864.jpg 1536w, https:\/\/elmetropolitano.com.gt\/es\/wp-content\/uploads\/2023\/07\/352368116_735604515232301_6857671300398909320_n-600x337.jpg 600w, https:\/\/elmetropolitano.com.gt\/es\/wp-content\/uploads\/2023\/07\/352368116_735604515232301_6857671300398909320_n.jpg 1599w\" sizes=\"auto, (max-width: 1024px) 100vw, 1024px\" \/><\/figure>\n\n\n\n<figure class=\"wp-block-image size-large\"><img loading=\"lazy\" decoding=\"async\" width=\"1024\" height=\"576\" data-id=\"68835\" src=\"https:\/\/elmetropolitano.com.gt\/es\/wp-content\/uploads\/2023\/07\/353444635_735604565232296_6918069660823194520_n-1024x576.jpg\" alt=\"\" class=\"wp-image-68835\" srcset=\"https:\/\/elmetropolitano.com.gt\/es\/wp-content\/uploads\/2023\/07\/353444635_735604565232296_6918069660823194520_n-1024x576.jpg 1024w, https:\/\/elmetropolitano.com.gt\/es\/wp-content\/uploads\/2023\/07\/353444635_735604565232296_6918069660823194520_n-300x169.jpg 300w, https:\/\/elmetropolitano.com.gt\/es\/wp-content\/uploads\/2023\/07\/353444635_735604565232296_6918069660823194520_n-768x432.jpg 768w, https:\/\/elmetropolitano.com.gt\/es\/wp-content\/uploads\/2023\/07\/353444635_735604565232296_6918069660823194520_n-1536x864.jpg 1536w, https:\/\/elmetropolitano.com.gt\/es\/wp-content\/uploads\/2023\/07\/353444635_735604565232296_6918069660823194520_n-600x337.jpg 600w, https:\/\/elmetropolitano.com.gt\/es\/wp-content\/uploads\/2023\/07\/353444635_735604565232296_6918069660823194520_n.jpg 1599w\" sizes=\"auto, (max-width: 1024px) 100vw, 1024px\" \/><\/figure>\n\n\n\n<figure class=\"wp-block-image size-large\"><img loading=\"lazy\" decoding=\"async\" width=\"1024\" height=\"576\" data-id=\"68836\" src=\"https:\/\/elmetropolitano.com.gt\/es\/wp-content\/uploads\/2023\/07\/356427710_735604638565622_4451054505236159960_n-1024x576.jpg\" alt=\"\" class=\"wp-image-68836\" srcset=\"https:\/\/elmetropolitano.com.gt\/es\/wp-content\/uploads\/2023\/07\/356427710_735604638565622_4451054505236159960_n-1024x576.jpg 1024w, https:\/\/elmetropolitano.com.gt\/es\/wp-content\/uploads\/2023\/07\/356427710_735604638565622_4451054505236159960_n-300x169.jpg 300w, https:\/\/elmetropolitano.com.gt\/es\/wp-content\/uploads\/2023\/07\/356427710_735604638565622_4451054505236159960_n-768x432.jpg 768w, https:\/\/elmetropolitano.com.gt\/es\/wp-content\/uploads\/2023\/07\/356427710_735604638565622_4451054505236159960_n-1536x864.jpg 1536w, https:\/\/elmetropolitano.com.gt\/es\/wp-content\/uploads\/2023\/07\/356427710_735604638565622_4451054505236159960_n-600x337.jpg 600w, https:\/\/elmetropolitano.com.gt\/es\/wp-content\/uploads\/2023\/07\/356427710_735604638565622_4451054505236159960_n.jpg 1599w\" sizes=\"auto, (max-width: 1024px) 100vw, 1024px\" \/><\/figure>\n<\/figure>\n","protected":false},"excerpt":{"rendered":"<p>Las organizaciones campesinas e ind\u00edgenas se quejaron hoy de un alza a los precios de la canasta b\u00e1sica familiar y pidieron al Gobierno que les pueda poner mayor atenci\u00f3n. Rita Barrios dijo que la misma Constituci\u00f3n dice que el Estado debe proteger a las familias y que el Gobierno vea como una obligaci\u00f3n que deben <a class=\"read-more\" href=\"https:\/\/elmetropolitano.com.gt\/es\/sector-campesino-e-indigena-se-queja-de-alza-a-la-canasta-basica-familiar\/\">Leer m\u00e1s<\/a><\/p>\n","protected":false},"author":1,"featured_media":68833,"comment_status":"open","ping_status":"closed","sticky":false,"template":"","format":"standard","meta":{"footnotes":""},"categories":[2],"tags":[12],"class_list":["post-68832","post","type-post","status-publish","format-standard","has-post-thumbnail","hentry","category-nacionales","tag-nacionales"],"_links":{"self":[{"href":"https:\/\/elmetropolitano.com.gt\/es\/wp-json\/wp\/v2\/posts\/68832","targetHints":{"allow":["GET"]}}],"collection":[{"href":"https:\/\/elmetropolitano.com.gt\/es\/wp-json\/wp\/v2\/posts"}],"about":[{"href":"https:\/\/elmetropolitano.com.gt\/es\/wp-json\/wp\/v2\/types\/post"}],"author":[{"embeddable":true,"href":"https:\/\/elmetropolitano.com.gt\/es\/wp-json\/wp\/v2\/users\/1"}],"replies":[{"embeddable":true,"href":"https:\/\/elmetropolitano.com.gt\/es\/wp-json\/wp\/v2\/comments?post=68832"}],"version-history":[{"count":1,"href":"https:\/\/elmetropolitano.com.gt\/es\/wp-json\/wp\/v2\/posts\/68832\/revisions"}],"predecessor-version":[{"id":68837,"href":"https:\/\/elmetropolitano.com.gt\/es\/wp-json\/wp\/v2\/posts\/68832\/revisions\/68837"}],"wp:featuredmedia":[{"embeddable":true,"href":"https:\/\/elmetropolitano.com.gt\/es\/wp-json\/wp\/v2\/media\/68833"}],"wp:attachment":[{"href":"https:\/\/elmetropolitano.com.gt\/es\/wp-json\/wp\/v2\/media?parent=68832"}],"wp:term":[{"taxonomy":"category","embeddable":true,"href":"https:\/\/elmetropolitano.com.gt\/es\/wp-json\/wp\/v2\/categories?post=68832"},{"taxonomy":"post_tag","embeddable":true,"href":"https:\/\/elmetropolitano.com.gt\/es\/wp-json\/wp\/v2\/tags?post=68832"}],"curies":[{"name":"wp","href":"https:\/\/api.w.org\/{rel}","templated":true}]}}