{"id":68848,"date":"2023-07-05T12:06:24","date_gmt":"2023-07-05T18:06:24","guid":{"rendered":"https:\/\/elmetropolitano.com.gt\/es\/?p=68848"},"modified":"2023-07-05T12:06:27","modified_gmt":"2023-07-05T18:06:27","slug":"polvo-del-sahara-ingresa-hoy-al-territorio-nacional-cruz-roja-pide-tomar-precaucion","status":"publish","type":"post","link":"https:\/\/elmetropolitano.com.gt\/es\/polvo-del-sahara-ingresa-hoy-al-territorio-nacional-cruz-roja-pide-tomar-precaucion\/","title":{"rendered":"Polvo del Sahara ingresa hoy al territorio nacional, Cruz Roja pide tomar precauci\u00f3n"},"content":{"rendered":"\n<p>Ante la llegada de polvo del Sahara que ingresa hoy y afectar\u00e1 hasta el viernes de esta semana, la Cruz Roja Guatemalteca pide a la poblaci\u00f3n tener precauci\u00f3n y da a conocer algunas recomendaciones para evitar alg\u00fan tipo de complicaciones en las v\u00edas respiratorias, seg\u00fan lo dio a conocer esta entidad de socorro.<\/p>\n\n\n\n<p>El polvo del Sahara es una masa de part\u00edculas de polvo y arena que se eleva en la atm\u00f3sfera desde el desierto del Sahara en \u00c1frica y se transporta a trav\u00e9s del oc\u00e9ano Atl\u00e1ntico hacia Am\u00e9rica del Norte, Am\u00e9rica del Sur y el Caribe, este fen\u00f3meno meteorol\u00f3gico puede tener varios efectos en la salud humana.<\/p><div class=\"elmet-contenido\" id=\"elmet-1350511961\"><div class=\"elmet-adlabel\">Anuncios<\/div><div style=\"margin-top: 20px;margin-right: 20px;margin-bottom: 20px;margin-left: 20px;\" id=\"elmet-2720943425\"><a href=\"https:\/\/www.facebook.com\/arrincuanantigua\/\" aria-label=\"cintillo-arrin-cual\"><img loading=\"lazy\" decoding=\"async\" src=\"https:\/\/elmetropolitano.com.gt\/es\/wp-content\/uploads\/2021\/11\/cintillo-arrin-cual-1.jpg\" alt=\"\"  srcset=\"https:\/\/elmetropolitano.com.gt\/es\/wp-content\/uploads\/2021\/11\/cintillo-arrin-cual-1.jpg 750w, https:\/\/elmetropolitano.com.gt\/es\/wp-content\/uploads\/2021\/11\/cintillo-arrin-cual-1-300x36.jpg 300w, https:\/\/elmetropolitano.com.gt\/es\/wp-content\/uploads\/2021\/11\/cintillo-arrin-cual-1-600x72.jpg 600w\" sizes=\"(max-width: 750px) 100vw, 750px\" width=\"750\" height=\"90\"   \/><\/a><\/div><\/div>\n\n\n\n<p>Las principales complicaciones en la salud pueden ser aumento y complicaciones de los casos de asma, infecciones respiratorias agudas, neumonitis e infecciones y lesiones oculares.<\/p>\n\n\n\n<p>La Cruz Roja Guatemalteca recomienda utilizar mascarillas, cubriendo nariz y boca por completo, supervisar a los ni\u00f1os, mujeres embarazadas y adultos mayores, cubrir los recipientes para almacenamiento de agua para el consumo de la familia y de las mascotas, antes de barrer, riegue o roc\u00ede un poco de agua, realizar actividades bajo techo y evitar salir sino es necesario, en caso de irritaci\u00f3n en los ojos, l\u00e1valos con abundante agua y si presenta s\u00edntomas de enfermedad o infecci\u00f3n respiratoria, acuda a un centro de salud m\u00e1s cercano.<\/p>\n\n\n\n<p>#metroredes<\/p>\n\n\n\n<figure class=\"wp-block-gallery has-nested-images columns-default is-cropped wp-block-gallery-1 is-layout-flex wp-block-gallery-is-layout-flex\">\n<figure class=\"wp-block-image size-large\"><img loading=\"lazy\" decoding=\"async\" width=\"700\" height=\"421\" data-id=\"68850\" src=\"https:\/\/elmetropolitano.com.gt\/es\/wp-content\/uploads\/2023\/07\/0c882cc6-2c41-453e-a56f-b745afea1f0c.jpg\" alt=\"\" class=\"wp-image-68850\" srcset=\"https:\/\/elmetropolitano.com.gt\/es\/wp-content\/uploads\/2023\/07\/0c882cc6-2c41-453e-a56f-b745afea1f0c.jpg 700w, https:\/\/elmetropolitano.com.gt\/es\/wp-content\/uploads\/2023\/07\/0c882cc6-2c41-453e-a56f-b745afea1f0c-300x180.jpg 300w, https:\/\/elmetropolitano.com.gt\/es\/wp-content\/uploads\/2023\/07\/0c882cc6-2c41-453e-a56f-b745afea1f0c-600x361.jpg 600w\" sizes=\"auto, (max-width: 700px) 100vw, 700px\" \/><\/figure>\n\n\n\n<figure class=\"wp-block-image size-large\"><img loading=\"lazy\" decoding=\"async\" width=\"700\" height=\"421\" data-id=\"68851\" src=\"https:\/\/elmetropolitano.com.gt\/es\/wp-content\/uploads\/2023\/07\/555fbca4-6b44-4e9b-941b-1d0417d59dfe.jpg\" alt=\"\" class=\"wp-image-68851\" srcset=\"https:\/\/elmetropolitano.com.gt\/es\/wp-content\/uploads\/2023\/07\/555fbca4-6b44-4e9b-941b-1d0417d59dfe.jpg 700w, https:\/\/elmetropolitano.com.gt\/es\/wp-content\/uploads\/2023\/07\/555fbca4-6b44-4e9b-941b-1d0417d59dfe-300x180.jpg 300w, https:\/\/elmetropolitano.com.gt\/es\/wp-content\/uploads\/2023\/07\/555fbca4-6b44-4e9b-941b-1d0417d59dfe-600x361.jpg 600w\" sizes=\"auto, (max-width: 700px) 100vw, 700px\" \/><\/figure>\n<\/figure>\n","protected":false},"excerpt":{"rendered":"<p>Ante la llegada de polvo del Sahara que ingresa hoy y afectar\u00e1 hasta el viernes de esta semana, la Cruz Roja Guatemalteca pide a la poblaci\u00f3n tener precauci\u00f3n y da a conocer algunas recomendaciones para evitar alg\u00fan tipo de complicaciones en las v\u00edas respiratorias, seg\u00fan lo dio a conocer esta entidad de socorro. El polvo <a class=\"read-more\" href=\"https:\/\/elmetropolitano.com.gt\/es\/polvo-del-sahara-ingresa-hoy-al-territorio-nacional-cruz-roja-pide-tomar-precaucion\/\">Leer m\u00e1s<\/a><\/p>\n","protected":false},"author":1,"featured_media":68849,"comment_status":"open","ping_status":"closed","sticky":false,"template":"","format":"standard","meta":{"footnotes":""},"categories":[2],"tags":[12],"class_list":["post-68848","post","type-post","status-publish","format-standard","has-post-thumbnail","hentry","category-nacionales","tag-nacionales"],"_links":{"self":[{"href":"https:\/\/elmetropolitano.com.gt\/es\/wp-json\/wp\/v2\/posts\/68848","targetHints":{"allow":["GET"]}}],"collection":[{"href":"https:\/\/elmetropolitano.com.gt\/es\/wp-json\/wp\/v2\/posts"}],"about":[{"href":"https:\/\/elmetropolitano.com.gt\/es\/wp-json\/wp\/v2\/types\/post"}],"author":[{"embeddable":true,"href":"https:\/\/elmetropolitano.com.gt\/es\/wp-json\/wp\/v2\/users\/1"}],"replies":[{"embeddable":true,"href":"https:\/\/elmetropolitano.com.gt\/es\/wp-json\/wp\/v2\/comments?post=68848"}],"version-history":[{"count":1,"href":"https:\/\/elmetropolitano.com.gt\/es\/wp-json\/wp\/v2\/posts\/68848\/revisions"}],"predecessor-version":[{"id":68852,"href":"https:\/\/elmetropolitano.com.gt\/es\/wp-json\/wp\/v2\/posts\/68848\/revisions\/68852"}],"wp:featuredmedia":[{"embeddable":true,"href":"https:\/\/elmetropolitano.com.gt\/es\/wp-json\/wp\/v2\/media\/68849"}],"wp:attachment":[{"href":"https:\/\/elmetropolitano.com.gt\/es\/wp-json\/wp\/v2\/media?parent=68848"}],"wp:term":[{"taxonomy":"category","embeddable":true,"href":"https:\/\/elmetropolitano.com.gt\/es\/wp-json\/wp\/v2\/categories?post=68848"},{"taxonomy":"post_tag","embeddable":true,"href":"https:\/\/elmetropolitano.com.gt\/es\/wp-json\/wp\/v2\/tags?post=68848"}],"curies":[{"name":"wp","href":"https:\/\/api.w.org\/{rel}","templated":true}]}}