{"id":68912,"date":"2023-07-07T10:56:39","date_gmt":"2023-07-07T16:56:39","guid":{"rendered":"https:\/\/elmetropolitano.com.gt\/es\/?p=68912"},"modified":"2023-07-07T10:56:41","modified_gmt":"2023-07-07T16:56:41","slug":"geely-el-fabricante-independiente-mas-grande-de-china-llega-a-guatemala-de-la-mano-de-inchcape","status":"publish","type":"post","link":"https:\/\/elmetropolitano.com.gt\/es\/geely-el-fabricante-independiente-mas-grande-de-china-llega-a-guatemala-de-la-mano-de-inchcape\/","title":{"rendered":"Geely, el fabricante independiente m\u00e1s grande de China llega a Guatemala de la mano de Inchcape"},"content":{"rendered":"\n<p>Geely, un destacado conglomerado chino con presencia global ha iniciado oficialmente su entrada al mercado guatemalteco. Geely es reconocido por su s\u00f3lido desarrollo de veh\u00edculos a gasolina, h\u00edbridos y el\u00e9ctricos, y ha tenido un \u00e9xito vertiginoso en el mercado automotriz mundial.<\/p>\n\n\n\n<p>Con una venta anual de 2.3 millones de unidades en 2022, entre todas sus marcas, de los cuales, 1.43 <a><\/a>millones fueron \u00fanicamente de la marca Geely, el fabricante se ha posicionado como un referente en el sector.<\/p><div class=\"elmet-contenido\" id=\"elmet-2119684582\"><div class=\"elmet-adlabel\">Anuncios<\/div><div style=\"margin-top: 20px;margin-right: 20px;margin-bottom: 20px;margin-left: 20px;\" id=\"elmet-3245798929\"><a href=\"https:\/\/www.facebook.com\/arrincuanantigua\/\" aria-label=\"cintillo-arrin-cual\"><img loading=\"lazy\" decoding=\"async\" src=\"https:\/\/elmetropolitano.com.gt\/es\/wp-content\/uploads\/2021\/11\/cintillo-arrin-cual-1.jpg\" alt=\"\"  srcset=\"https:\/\/elmetropolitano.com.gt\/es\/wp-content\/uploads\/2021\/11\/cintillo-arrin-cual-1.jpg 750w, https:\/\/elmetropolitano.com.gt\/es\/wp-content\/uploads\/2021\/11\/cintillo-arrin-cual-1-300x36.jpg 300w, https:\/\/elmetropolitano.com.gt\/es\/wp-content\/uploads\/2021\/11\/cintillo-arrin-cual-1-600x72.jpg 600w\" sizes=\"(max-width: 750px) 100vw, 750px\" width=\"750\" height=\"90\"   \/><\/a><\/div><\/div>\n\n\n\n<p>Adem\u00e1s, Geely es propietaria del 100% de marcas como Volvo y Lotus, as\u00ed como del 50% de Link &amp; Co. Cuenta con una participaci\u00f3n accionaria del 17% en Aston Martin y 10% de Daimler, empresa reconocida por su marca de lujo: Mercedes-Benz.<\/p>\n\n\n\n<p>En 2021, Geely estableci\u00f3 una alianza comercial con Inchcape, una empresa global especializada en distribuci\u00f3n automotriz, con sede en Londres y con una presencia en el mercado de m\u00e1s de 130 a\u00f1os y presencia en m\u00e1s de 35 pa\u00edses, para iniciar su penetraci\u00f3n en el mercado latinoamericano, abriendo operaciones en Chile. Luego, vino a sumarse la operaci\u00f3n de Inchcape Ecuador y, a partir de 2023, Inchcape comercializar\u00e1 los productos Geely en El Salvador y Guatemala, fortaleciendo as\u00ed la presencia de la marca. Todo esto, tambi\u00e9n como parte de la estrategia de crecimiento del grupo londinense.<\/p>\n\n\n\n<p>\u00abNuestro prop\u00f3sito en Inchcape es brindar movilidad a las comunidades de todo el mundo, y reconocemos el destacado desarrollo y la innovaci\u00f3n de Geely en la industria automotriz\u00bb, expres\u00f3 Napole\u00f3n Mariona, director general de Inchcape para el norte de Centroam\u00e9rica<\/p>\n\n\n\n<p>\u201cEsta emocionante oportunidad para Inchcape y Geely nos permitir\u00e1 satisfacer las demandas de los consumidores guatemaltecos de manera sostenible\u00bb.<\/p>\n\n\n\n<p>En su lanzamiento en Guatemala, Geely ofrecer\u00e1 inicialmente dos modelos en la categor\u00eda de veh\u00edculos utilitarios (conocidos como SUV): la GX3PRO, un veh\u00edculo compacto, pero vers\u00e1til, orientado a un p\u00fablico joven y din\u00e1mico; y el otro modelo ser\u00e1 el Azkarra, una camioneta con un sistema mild Hybrid que ofrece un desempe\u00f1o de aceleraci\u00f3n extraordinario, a la vez que ahorra combustible hasta en un 20%.<\/p>\n\n\n\n<p>Los modelos Geely, incorporan una amplia gama de tecnolog\u00edas integradas que brindan mayor seguridad y comodidad. Desde sistemas de detecci\u00f3n de punto ciego hasta c\u00e1maras de 360 grados de alta definici\u00f3n.<\/p>\n\n\n\n<p>\u00abNuestra llegada a Guatemala representa un hito significativo en nuestra estrategia de expansi\u00f3n en Centroam\u00e9rica y estamos seguros de que con Geely, cumpliremos las expectativas de los conductores m\u00e1s exigentes\u00bb, afirm\u00f3 Carlos Rivas, Gerente de Marca de Geely Auto NCA.<\/p>\n\n\n\n<p>\u201cEstamos entusiasmados por ofrecer a los consumidores guatemaltecos veh\u00edculos de alta calidad que se destacan en dise\u00f1o, tecnolog\u00eda y rendimiento con precios muy competitivos \u00abenfatiz\u00f3<\/p>\n\n\n\n<p>Este es un hito importante para Geely e Inchcape, ya que juntos buscar\u00e1n transformar el panorama automotriz en Guatemala, ofreciendo veh\u00edculos de vanguardia y una experiencia de movilidad excepcional.<\/p>\n\n\n\n<p>Para obtener m\u00e1s informaci\u00f3n, visita <a href=\"https:\/\/l.facebook.com\/l.php?u=http%3A%2F%2Fwww.geely.com.gt%2F%3Ffbclid%3DIwAR30NzLe2pyyOc0YJgfMragU2-UCElI6oHwf3a-zmT5ReERq5WRv8Xk7dEc&amp;h=AT3wg-3KcD1bKzOpPMcm18j3dXF7QInE55fZNLndQXWGiRR_wknEVctIB7lqV5hl1tiJ4Q8VvPVT-OiMTs_2ta9ysthiUan7JGhKl6X-kIDMr_3X69YbQfqMX9f_9ar-ZkFc&amp;__tn__=-UK-R&amp;c[0]=AT3aa6jOxk9Hc8liR2H1DQQGaahgRyrWJ5R5GgWsG_UOgNZRWDkhNSg2KmiFsvHK_QqfAkdZbHBzLhfDVcO_Q8-2bItJkGsFHsKW6FOBFV1MaA_XQcUoHHQVf2l98Sa6PKhxTl5i_J7iuThA7Iu0Ft6eZgmzhCEj1xbkt-5kl9M9BpNvfiibc4nMKdlYejm7IHY_LblkZt2u\" rel=\"noreferrer noopener\" target=\"_blank\">www.geely.com.gt<\/a><\/p>\n\n\n\n<p>Acerca de Geely:<\/p>\n\n\n\n<p>Geely Auto es un conglomerado automotriz chino que se ha destacado por su innovaci\u00f3n y desarrollo de veh\u00edculos asequibles y de alta calidad. Con una amplia gama de modelos que abarcan desde veh\u00edculos a gasolina hasta h\u00edbridos y el\u00e9ctricos, Geely Auto se ha posicionado como uno de los fabricantes m\u00e1s grandes y tecnol\u00f3gicamente avanzados de China. Como propietaria de marcas ic\u00f3nicas como Volvo y Lotus, Geely Auto contin\u00faa liderando el camino hacia la movilidad sostenible y la excelencia en la industria automotriz.<\/p>\n\n\n\n<p><a href=\"https:\/\/www.facebook.com\/hashtag\/metroredes?__eep__=6&amp;__cft__[0]=AZX15dhw4oBSUzshTauo5NY7_CBUyaXbSQwMVKFslicG_wrL3iG1fmsEsNicertEN2xAnmtacruT3-5mi7-7vmG5HQGu_JGz4oYjfo1b1MKpLhISABPrrXAMS1dUy7QEPZiVqivWezLOZ7IGetkJy8E5lE10FFrtUyqtPeP7MHM3b6DPWnpbcMempfUVFKYHgY8&amp;__tn__=*NK-R\">#metroredes<\/a><a href=\"https:\/\/www.facebook.com\/hashtag\/geelyauto?__eep__=6&amp;__cft__[0]=AZX15dhw4oBSUzshTauo5NY7_CBUyaXbSQwMVKFslicG_wrL3iG1fmsEsNicertEN2xAnmtacruT3-5mi7-7vmG5HQGu_JGz4oYjfo1b1MKpLhISABPrrXAMS1dUy7QEPZiVqivWezLOZ7IGetkJy8E5lE10FFrtUyqtPeP7MHM3b6DPWnpbcMempfUVFKYHgY8&amp;__tn__=*NK-R\">#GeelyAuto<\/a><\/p>\n\n\n\n<figure class=\"wp-block-gallery has-nested-images columns-default is-cropped wp-block-gallery-1 is-layout-flex wp-block-gallery-is-layout-flex\">\n<figure class=\"wp-block-image size-large\"><img loading=\"lazy\" decoding=\"async\" width=\"1024\" height=\"768\" data-id=\"68916\" src=\"https:\/\/elmetropolitano.com.gt\/es\/wp-content\/uploads\/2023\/07\/355714785_736898341769585_8617295249713234011_n-1024x768.jpg\" alt=\"\" class=\"wp-image-68916\" srcset=\"https:\/\/elmetropolitano.com.gt\/es\/wp-content\/uploads\/2023\/07\/355714785_736898341769585_8617295249713234011_n-1024x768.jpg 1024w, https:\/\/elmetropolitano.com.gt\/es\/wp-content\/uploads\/2023\/07\/355714785_736898341769585_8617295249713234011_n-300x225.jpg 300w, https:\/\/elmetropolitano.com.gt\/es\/wp-content\/uploads\/2023\/07\/355714785_736898341769585_8617295249713234011_n-768x576.jpg 768w, https:\/\/elmetropolitano.com.gt\/es\/wp-content\/uploads\/2023\/07\/355714785_736898341769585_8617295249713234011_n-1536x1152.jpg 1536w, https:\/\/elmetropolitano.com.gt\/es\/wp-content\/uploads\/2023\/07\/355714785_736898341769585_8617295249713234011_n-600x450.jpg 600w, https:\/\/elmetropolitano.com.gt\/es\/wp-content\/uploads\/2023\/07\/355714785_736898341769585_8617295249713234011_n.jpg 1600w\" sizes=\"auto, (max-width: 1024px) 100vw, 1024px\" \/><\/figure>\n\n\n\n<figure class=\"wp-block-image size-large\"><img loading=\"lazy\" decoding=\"async\" width=\"1024\" height=\"768\" data-id=\"68914\" src=\"https:\/\/elmetropolitano.com.gt\/es\/wp-content\/uploads\/2023\/07\/357486478_736898365102916_7857470207976291168_n-1024x768.jpg\" alt=\"\" class=\"wp-image-68914\" srcset=\"https:\/\/elmetropolitano.com.gt\/es\/wp-content\/uploads\/2023\/07\/357486478_736898365102916_7857470207976291168_n-1024x768.jpg 1024w, https:\/\/elmetropolitano.com.gt\/es\/wp-content\/uploads\/2023\/07\/357486478_736898365102916_7857470207976291168_n-300x225.jpg 300w, https:\/\/elmetropolitano.com.gt\/es\/wp-content\/uploads\/2023\/07\/357486478_736898365102916_7857470207976291168_n-768x576.jpg 768w, https:\/\/elmetropolitano.com.gt\/es\/wp-content\/uploads\/2023\/07\/357486478_736898365102916_7857470207976291168_n-600x450.jpg 600w, https:\/\/elmetropolitano.com.gt\/es\/wp-content\/uploads\/2023\/07\/357486478_736898365102916_7857470207976291168_n.jpg 1440w\" sizes=\"auto, (max-width: 1024px) 100vw, 1024px\" \/><\/figure>\n\n\n\n<figure class=\"wp-block-image size-large\"><img loading=\"lazy\" decoding=\"async\" width=\"768\" height=\"1024\" data-id=\"68915\" src=\"https:\/\/elmetropolitano.com.gt\/es\/wp-content\/uploads\/2023\/07\/358097810_736897918436294_25041712323548411_n-768x1024.jpg\" alt=\"\" class=\"wp-image-68915\" srcset=\"https:\/\/elmetropolitano.com.gt\/es\/wp-content\/uploads\/2023\/07\/358097810_736897918436294_25041712323548411_n-768x1024.jpg 768w, https:\/\/elmetropolitano.com.gt\/es\/wp-content\/uploads\/2023\/07\/358097810_736897918436294_25041712323548411_n-225x300.jpg 225w, https:\/\/elmetropolitano.com.gt\/es\/wp-content\/uploads\/2023\/07\/358097810_736897918436294_25041712323548411_n-1152x1536.jpg 1152w, https:\/\/elmetropolitano.com.gt\/es\/wp-content\/uploads\/2023\/07\/358097810_736897918436294_25041712323548411_n-600x800.jpg 600w, https:\/\/elmetropolitano.com.gt\/es\/wp-content\/uploads\/2023\/07\/358097810_736897918436294_25041712323548411_n.jpg 1200w\" sizes=\"auto, (max-width: 768px) 100vw, 768px\" \/><\/figure>\n\n\n\n<figure class=\"wp-block-image size-large\"><img loading=\"lazy\" decoding=\"async\" width=\"768\" height=\"1024\" data-id=\"68917\" src=\"https:\/\/elmetropolitano.com.gt\/es\/wp-content\/uploads\/2023\/07\/358139969_736897928436293_2969768109252694919_n-768x1024.jpg\" alt=\"\" class=\"wp-image-68917\" srcset=\"https:\/\/elmetropolitano.com.gt\/es\/wp-content\/uploads\/2023\/07\/358139969_736897928436293_2969768109252694919_n-768x1024.jpg 768w, https:\/\/elmetropolitano.com.gt\/es\/wp-content\/uploads\/2023\/07\/358139969_736897928436293_2969768109252694919_n-225x300.jpg 225w, https:\/\/elmetropolitano.com.gt\/es\/wp-content\/uploads\/2023\/07\/358139969_736897928436293_2969768109252694919_n-1152x1536.jpg 1152w, https:\/\/elmetropolitano.com.gt\/es\/wp-content\/uploads\/2023\/07\/358139969_736897928436293_2969768109252694919_n-600x800.jpg 600w, https:\/\/elmetropolitano.com.gt\/es\/wp-content\/uploads\/2023\/07\/358139969_736897928436293_2969768109252694919_n.jpg 1200w\" sizes=\"auto, (max-width: 768px) 100vw, 768px\" \/><\/figure>\n<\/figure>\n","protected":false},"excerpt":{"rendered":"<p>Geely, un destacado conglomerado chino con presencia global ha iniciado oficialmente su entrada al mercado guatemalteco. Geely es reconocido por su s\u00f3lido desarrollo de veh\u00edculos a gasolina, h\u00edbridos y el\u00e9ctricos, y ha tenido un \u00e9xito vertiginoso en el mercado automotriz mundial. Con una venta anual de 2.3 millones de unidades en 2022, entre todas sus <a class=\"read-more\" href=\"https:\/\/elmetropolitano.com.gt\/es\/geely-el-fabricante-independiente-mas-grande-de-china-llega-a-guatemala-de-la-mano-de-inchcape\/\">Leer m\u00e1s<\/a><\/p>\n","protected":false},"author":1,"featured_media":68913,"comment_status":"open","ping_status":"closed","sticky":false,"template":"","format":"standard","meta":{"footnotes":""},"categories":[31],"tags":[32],"class_list":["post-68912","post","type-post","status-publish","format-standard","has-post-thumbnail","hentry","category-metroimpulso","tag-metroimpulso"],"_links":{"self":[{"href":"https:\/\/elmetropolitano.com.gt\/es\/wp-json\/wp\/v2\/posts\/68912","targetHints":{"allow":["GET"]}}],"collection":[{"href":"https:\/\/elmetropolitano.com.gt\/es\/wp-json\/wp\/v2\/posts"}],"about":[{"href":"https:\/\/elmetropolitano.com.gt\/es\/wp-json\/wp\/v2\/types\/post"}],"author":[{"embeddable":true,"href":"https:\/\/elmetropolitano.com.gt\/es\/wp-json\/wp\/v2\/users\/1"}],"replies":[{"embeddable":true,"href":"https:\/\/elmetropolitano.com.gt\/es\/wp-json\/wp\/v2\/comments?post=68912"}],"version-history":[{"count":1,"href":"https:\/\/elmetropolitano.com.gt\/es\/wp-json\/wp\/v2\/posts\/68912\/revisions"}],"predecessor-version":[{"id":68918,"href":"https:\/\/elmetropolitano.com.gt\/es\/wp-json\/wp\/v2\/posts\/68912\/revisions\/68918"}],"wp:featuredmedia":[{"embeddable":true,"href":"https:\/\/elmetropolitano.com.gt\/es\/wp-json\/wp\/v2\/media\/68913"}],"wp:attachment":[{"href":"https:\/\/elmetropolitano.com.gt\/es\/wp-json\/wp\/v2\/media?parent=68912"}],"wp:term":[{"taxonomy":"category","embeddable":true,"href":"https:\/\/elmetropolitano.com.gt\/es\/wp-json\/wp\/v2\/categories?post=68912"},{"taxonomy":"post_tag","embeddable":true,"href":"https:\/\/elmetropolitano.com.gt\/es\/wp-json\/wp\/v2\/tags?post=68912"}],"curies":[{"name":"wp","href":"https:\/\/api.w.org\/{rel}","templated":true}]}}