{"id":68925,"date":"2023-07-07T11:04:43","date_gmt":"2023-07-07T17:04:43","guid":{"rendered":"https:\/\/elmetropolitano.com.gt\/es\/?p=68925"},"modified":"2023-07-07T11:05:40","modified_gmt":"2023-07-07T17:05:40","slug":"abren-antejuicio-contra-ministro-de-comunicaciones-javier-maldonado","status":"publish","type":"post","link":"https:\/\/elmetropolitano.com.gt\/es\/abren-antejuicio-contra-ministro-de-comunicaciones-javier-maldonado\/","title":{"rendered":"Abren antejuicio contra ministro de Comunicaciones Javier Maldonado"},"content":{"rendered":"\n<p>Un antejuicio contra el ministro de Comunicaciones, Javier Maldonado fue enviado de la Corte Suprema de Justicia(CSJ) al Congreso de la Rep\u00fablica.<\/p>\n\n\n\n<p>Por encontrarse a\u00fan en el per\u00edodo de receso parlamentario, la Comisi\u00f3n Permanente design\u00f3 a los diputados An\u00edbal Rojas, Sergio Arana y Boris Espa\u00f1a para que sean ellos los que integren la comisi\u00f3n <a><\/a>pesquisidora y analizar si env\u00edan un informe al Pleno para le quitan la inmunidad al funcionario o no.<\/p><div class=\"elmet-contenido\" id=\"elmet-3132915164\"><div class=\"elmet-adlabel\">Anuncios<\/div><div style=\"margin-top: 20px;margin-right: 20px;margin-bottom: 20px;margin-left: 20px;\" id=\"elmet-3694021710\"><a href=\"https:\/\/www.facebook.com\/arrincuanantigua\/\" aria-label=\"cintillo-arrin-cual\"><img loading=\"lazy\" decoding=\"async\" src=\"https:\/\/elmetropolitano.com.gt\/es\/wp-content\/uploads\/2021\/11\/cintillo-arrin-cual-1.jpg\" alt=\"\"  srcset=\"https:\/\/elmetropolitano.com.gt\/es\/wp-content\/uploads\/2021\/11\/cintillo-arrin-cual-1.jpg 750w, https:\/\/elmetropolitano.com.gt\/es\/wp-content\/uploads\/2021\/11\/cintillo-arrin-cual-1-300x36.jpg 300w, https:\/\/elmetropolitano.com.gt\/es\/wp-content\/uploads\/2021\/11\/cintillo-arrin-cual-1-600x72.jpg 600w\" sizes=\"(max-width: 750px) 100vw, 750px\" width=\"750\" height=\"90\"   \/><\/a><\/div><\/div>\n\n\n\n<p>El proceso de antejuicio contra el funcionario Maldonado, se registra cuando fue se\u00f1alado de incumplimiento de deberes y desobediencia, por no proceder al pago de una deuda a un constructor a pesar de existir \u00f3rdenes de juez para realizarlo.<\/p>\n\n\n\n<p>Texto Francisco Javier Hurtarte<\/p>\n\n\n\n<p><a href=\"https:\/\/www.facebook.com\/hashtag\/metroredes?__eep__=6&amp;__cft__[0]=AZX0fL5W4jM4SWXO86HUtJlap2xy4xbMvRIZbc66UrKF0ryZuHgoc4G3D-4_84XMGT9kDYnNDg3pd1SqipTdVRitsluYp67Xm54vhXCh7utpqKy8MdRHIaBusCBYmbpLRJi5cZVxLEkRDr1vn0AneoAyuz11HlT7Ypvf9tnx4KoQVfMsf6lWw21TwQIZlgWpNoY&amp;__tn__=*NK-R\">#metroredes<\/a><a href=\"https:\/\/www.facebook.com\/hashtag\/ministeriodecomunicaciones?__eep__=6&amp;__cft__[0]=AZX0fL5W4jM4SWXO86HUtJlap2xy4xbMvRIZbc66UrKF0ryZuHgoc4G3D-4_84XMGT9kDYnNDg3pd1SqipTdVRitsluYp67Xm54vhXCh7utpqKy8MdRHIaBusCBYmbpLRJi5cZVxLEkRDr1vn0AneoAyuz11HlT7Ypvf9tnx4KoQVfMsf6lWw21TwQIZlgWpNoY&amp;__tn__=*NK-R\">#MinisterioDeComunicaciones<\/a><\/p>\n\n\n\n<p><\/p>\n","protected":false},"excerpt":{"rendered":"<p>Un antejuicio contra el ministro de Comunicaciones, Javier Maldonado fue enviado de la Corte Suprema de Justicia(CSJ) al Congreso de la Rep\u00fablica. Por encontrarse a\u00fan en el per\u00edodo de receso parlamentario, la Comisi\u00f3n Permanente design\u00f3 a los diputados An\u00edbal Rojas, Sergio Arana y Boris Espa\u00f1a para que sean ellos los que integren la comisi\u00f3n pesquisidora <a class=\"read-more\" href=\"https:\/\/elmetropolitano.com.gt\/es\/abren-antejuicio-contra-ministro-de-comunicaciones-javier-maldonado\/\">Leer m\u00e1s<\/a><\/p>\n","protected":false},"author":1,"featured_media":68926,"comment_status":"open","ping_status":"closed","sticky":false,"template":"","format":"standard","meta":{"footnotes":""},"categories":[2],"tags":[12],"class_list":["post-68925","post","type-post","status-publish","format-standard","has-post-thumbnail","hentry","category-nacionales","tag-nacionales"],"_links":{"self":[{"href":"https:\/\/elmetropolitano.com.gt\/es\/wp-json\/wp\/v2\/posts\/68925","targetHints":{"allow":["GET"]}}],"collection":[{"href":"https:\/\/elmetropolitano.com.gt\/es\/wp-json\/wp\/v2\/posts"}],"about":[{"href":"https:\/\/elmetropolitano.com.gt\/es\/wp-json\/wp\/v2\/types\/post"}],"author":[{"embeddable":true,"href":"https:\/\/elmetropolitano.com.gt\/es\/wp-json\/wp\/v2\/users\/1"}],"replies":[{"embeddable":true,"href":"https:\/\/elmetropolitano.com.gt\/es\/wp-json\/wp\/v2\/comments?post=68925"}],"version-history":[{"count":1,"href":"https:\/\/elmetropolitano.com.gt\/es\/wp-json\/wp\/v2\/posts\/68925\/revisions"}],"predecessor-version":[{"id":68927,"href":"https:\/\/elmetropolitano.com.gt\/es\/wp-json\/wp\/v2\/posts\/68925\/revisions\/68927"}],"wp:featuredmedia":[{"embeddable":true,"href":"https:\/\/elmetropolitano.com.gt\/es\/wp-json\/wp\/v2\/media\/68926"}],"wp:attachment":[{"href":"https:\/\/elmetropolitano.com.gt\/es\/wp-json\/wp\/v2\/media?parent=68925"}],"wp:term":[{"taxonomy":"category","embeddable":true,"href":"https:\/\/elmetropolitano.com.gt\/es\/wp-json\/wp\/v2\/categories?post=68925"},{"taxonomy":"post_tag","embeddable":true,"href":"https:\/\/elmetropolitano.com.gt\/es\/wp-json\/wp\/v2\/tags?post=68925"}],"curies":[{"name":"wp","href":"https:\/\/api.w.org\/{rel}","templated":true}]}}