{"id":68932,"date":"2023-07-07T11:15:25","date_gmt":"2023-07-07T17:15:25","guid":{"rendered":"https:\/\/elmetropolitano.com.gt\/es\/?p=68932"},"modified":"2023-07-07T11:15:27","modified_gmt":"2023-07-07T17:15:27","slug":"mesa-cti-promueve-la-agricultura-inteligente","status":"publish","type":"post","link":"https:\/\/elmetropolitano.com.gt\/es\/mesa-cti-promueve-la-agricultura-inteligente\/","title":{"rendered":"Mesa CTI promueve la agricultura inteligente"},"content":{"rendered":"\n<p>El uso de drones de \u00faltima generaci\u00f3n para el monitoreo de los cultivos para monitorear la sanidad y producci\u00f3n agr\u00edcola y la utilizaci\u00f3n de bases de datos que contienen informaci\u00f3n agroclim\u00e1tica para la toma de decisiones como parte de la transformaci\u00f3n de la agricultura inteligente que se busca desarrollar en el pa\u00eds para mejorar la competitividad, fueron los temas que se abordaron en la tercera reuni\u00f3n de la Mesa de ciencia, <a><\/a>tecnolog\u00eda e innovaci\u00f3n (MesaCTi) del Gabinete Espec\u00edfico de Desarrollo Econ\u00f3mico (Gabeco).<\/p>\n\n\n\n<p>La reuni\u00f3n fue presidida por el vicepresidente de la rep\u00fablica, Guillermo Castillo, quien afirm\u00f3 que la Mesa CTI se ha diversificado y contar con la informaci\u00f3n para la toma de decisiones basados en evidencia es necesario para el desarrollo del pa\u00eds.<\/p><div class=\"elmet-contenido\" id=\"elmet-2496366257\"><div class=\"elmet-adlabel\">Anuncios<\/div><div style=\"margin-top: 20px;margin-right: 20px;margin-bottom: 20px;margin-left: 20px;\" id=\"elmet-801360344\"><a href=\"https:\/\/www.facebook.com\/arrincuanantigua\/\" aria-label=\"cintillo-arrin-cual\"><img loading=\"lazy\" decoding=\"async\" src=\"https:\/\/elmetropolitano.com.gt\/es\/wp-content\/uploads\/2021\/11\/cintillo-arrin-cual-1.jpg\" alt=\"\"  srcset=\"https:\/\/elmetropolitano.com.gt\/es\/wp-content\/uploads\/2021\/11\/cintillo-arrin-cual-1.jpg 750w, https:\/\/elmetropolitano.com.gt\/es\/wp-content\/uploads\/2021\/11\/cintillo-arrin-cual-1-300x36.jpg 300w, https:\/\/elmetropolitano.com.gt\/es\/wp-content\/uploads\/2021\/11\/cintillo-arrin-cual-1-600x72.jpg 600w\" sizes=\"(max-width: 750px) 100vw, 750px\" width=\"750\" height=\"90\"   \/><\/a><\/div><\/div>\n\n\n\n<p>La Secretaria Nacional de Ciencia y Tecnolog\u00eda, Ana Chan, afirm\u00f3 que es necesario contar con datos e informaci\u00f3n para la toma de decisiones adecuadas y pertinentes pero que se debe \u201cdifundir este conocimiento, para que se transfiera y llegue a donde pueda generar este beneficio para acelerar el desarrollo del pa\u00eds que es principalmente agr\u00edcola para que se pueda incorporar la innovaci\u00f3n y tecnolog\u00eda para acelerar los procesos y mejorar su calidad\u201d.<\/p>\n\n\n\n<p>Luis Figueroa, gerente de Abba Cyber Data, present\u00f3 el proyecto que se trabaja en los municipios de San Juan Sacatep\u00e9quez y San Raimundo, en el que se utilizar\u00e1n drones con c\u00e1maras multiespectrales para el monitoreo de cultivos y siembras que permita el escaneo y tecnificaci\u00f3n de la actividad y reducir el tiempo para generar informes que permitan la toma de decisiones.<\/p>\n\n\n\n<p>Con este proyecto se busca verificar la calidad, la sanidad de los cultivos, realizar mapas de calor y generar informes en corto plazo para conocer aspectos relacionados con plagas. Los drones toman fotos a una distancia determinada que ser\u00e1n procesadas por medio de softwares que analizaran la informaci\u00f3n recolectada y la trasladar\u00e1 a los agricultores.<\/p>\n\n\n\n<p>\u201cBuscamos generar base de datos de conocimiento, porque no se tiene una documentaci\u00f3n adecuada sobre algunos temas, el cual sea de libre acceso para ser utilizado por peque\u00f1os agricultores\u201d, afirm\u00f3 Figueroa.<\/p>\n\n\n\n<p>Tambi\u00e9n se conoci\u00f3 sobre las bases de datos con las que cuenta el Ministerio de Agricultura Ganader\u00eda y Alimentaci\u00f3n (MAGA) sobre mapas agroclim\u00e1ticos que se realizan por medio de im\u00e1genes satelitales y visitas de campo que permiten tener un inventario de los cultivos, an\u00e1lisis de climas, regiones agroclim\u00e1ticas, entre otros datos.<\/p>\n\n\n\n<p>El Centro de Informaci\u00f3n Estrat\u00e9gica Agropecuaria realizan an\u00e1lisis de climas y que determinar el comportamiento de algunas regiones como las que son vulnerables a inundaciones y deslizamientos y la sequilla en zona semi\u00e1rida del pa\u00eds, que para este a\u00f1o puede incrementarse con la presencia del fen\u00f3meno del ni\u00f1o que hace que se mantengan en alerta, explic\u00f3 Rafel L\u00f3pez, director de Informaci\u00f3n Geogr\u00e1fica Estrat\u00e9gica y Gesti\u00f3n de Riesgos del MAGA.<\/p>\n\n\n\n<p>De acuerdo con el profesional las bases de datos cuentan 6 mil mapas tem\u00e1ticos y 45 estudios con informaci\u00f3n sobre la vulnerabilidad en 641 hect\u00e1reas de 160 municipios en el corredor seco ampliado que se han logrado determinar con las im\u00e1genes satelitales y que est\u00e1n en constante monitoreo, el d\u00e9ficit h\u00eddrico en 14 departamentos y 46 municipios y el estr\u00e9s agr\u00edcola que est\u00e1n al alcance de toda la poblaci\u00f3n e investigadores.<\/p>\n\n\n\n<p>Los participantes en la mesa mostraron su inter\u00e9s en los proyectos presentados y se les motiv\u00f3 a buscar el financiamiento de los programas del Fondo Nacional de Ciencia y Tecnolog\u00eda para potenciar los proyectos en los que se trabajan.<\/p>\n\n\n\n<p><a href=\"https:\/\/www.facebook.com\/hashtag\/metroredes?__eep__=6&amp;__cft__[0]=AZVEkEWYD6RxMWUhP5XqDHoCe51HuXugWVsgH81pgXCgb-BNKCcVmwmraKrPm2bSFlBIIcTN37vOgBFGqVTXb4pZxRMrq8B693BujfXXxHqClxS3SJC_mFjJJTzLSdL_seXXHx5mn-CUE-8B5Dhq2DjU3DkTeCqXDWAxhbPKS8bg_TVM6VW6Qql8oohk7Tb43X0&amp;__tn__=*NK-R\">#metroredes<\/a><a href=\"https:\/\/www.facebook.com\/hashtag\/maga?__eep__=6&amp;__cft__[0]=AZVEkEWYD6RxMWUhP5XqDHoCe51HuXugWVsgH81pgXCgb-BNKCcVmwmraKrPm2bSFlBIIcTN37vOgBFGqVTXb4pZxRMrq8B693BujfXXxHqClxS3SJC_mFjJJTzLSdL_seXXHx5mn-CUE-8B5Dhq2DjU3DkTeCqXDWAxhbPKS8bg_TVM6VW6Qql8oohk7Tb43X0&amp;__tn__=*NK-R\">#maga<\/a><a href=\"https:\/\/www.facebook.com\/hashtag\/mesacti?__eep__=6&amp;__cft__[0]=AZVEkEWYD6RxMWUhP5XqDHoCe51HuXugWVsgH81pgXCgb-BNKCcVmwmraKrPm2bSFlBIIcTN37vOgBFGqVTXb4pZxRMrq8B693BujfXXxHqClxS3SJC_mFjJJTzLSdL_seXXHx5mn-CUE-8B5Dhq2DjU3DkTeCqXDWAxhbPKS8bg_TVM6VW6Qql8oohk7Tb43X0&amp;__tn__=*NK-R\">#MesaCTI<\/a><\/p>\n\n\n\n<figure class=\"wp-block-gallery has-nested-images columns-default is-cropped wp-block-gallery-1 is-layout-flex wp-block-gallery-is-layout-flex\">\n<figure class=\"wp-block-image size-large\"><img loading=\"lazy\" decoding=\"async\" width=\"960\" height=\"640\" data-id=\"68936\" src=\"https:\/\/elmetropolitano.com.gt\/es\/wp-content\/uploads\/2023\/07\/357704583_737424225050330_6420070745566524822_n.jpg\" alt=\"\" class=\"wp-image-68936\" srcset=\"https:\/\/elmetropolitano.com.gt\/es\/wp-content\/uploads\/2023\/07\/357704583_737424225050330_6420070745566524822_n.jpg 960w, https:\/\/elmetropolitano.com.gt\/es\/wp-content\/uploads\/2023\/07\/357704583_737424225050330_6420070745566524822_n-300x200.jpg 300w, https:\/\/elmetropolitano.com.gt\/es\/wp-content\/uploads\/2023\/07\/357704583_737424225050330_6420070745566524822_n-768x512.jpg 768w, https:\/\/elmetropolitano.com.gt\/es\/wp-content\/uploads\/2023\/07\/357704583_737424225050330_6420070745566524822_n-600x400.jpg 600w\" sizes=\"auto, (max-width: 960px) 100vw, 960px\" \/><\/figure>\n\n\n\n<figure class=\"wp-block-image size-large\"><img loading=\"lazy\" decoding=\"async\" width=\"960\" height=\"640\" data-id=\"68934\" src=\"https:\/\/elmetropolitano.com.gt\/es\/wp-content\/uploads\/2023\/07\/358032846_737424288383657_7941032770122237420_n.jpg\" alt=\"\" class=\"wp-image-68934\" srcset=\"https:\/\/elmetropolitano.com.gt\/es\/wp-content\/uploads\/2023\/07\/358032846_737424288383657_7941032770122237420_n.jpg 960w, https:\/\/elmetropolitano.com.gt\/es\/wp-content\/uploads\/2023\/07\/358032846_737424288383657_7941032770122237420_n-300x200.jpg 300w, https:\/\/elmetropolitano.com.gt\/es\/wp-content\/uploads\/2023\/07\/358032846_737424288383657_7941032770122237420_n-768x512.jpg 768w, https:\/\/elmetropolitano.com.gt\/es\/wp-content\/uploads\/2023\/07\/358032846_737424288383657_7941032770122237420_n-600x400.jpg 600w\" sizes=\"auto, (max-width: 960px) 100vw, 960px\" \/><\/figure>\n\n\n\n<figure class=\"wp-block-image size-large\"><img loading=\"lazy\" decoding=\"async\" width=\"960\" height=\"640\" data-id=\"68937\" src=\"https:\/\/elmetropolitano.com.gt\/es\/wp-content\/uploads\/2023\/07\/358057705_737424155050337_5557767022599538766_n.jpg\" alt=\"\" class=\"wp-image-68937\" srcset=\"https:\/\/elmetropolitano.com.gt\/es\/wp-content\/uploads\/2023\/07\/358057705_737424155050337_5557767022599538766_n.jpg 960w, https:\/\/elmetropolitano.com.gt\/es\/wp-content\/uploads\/2023\/07\/358057705_737424155050337_5557767022599538766_n-300x200.jpg 300w, https:\/\/elmetropolitano.com.gt\/es\/wp-content\/uploads\/2023\/07\/358057705_737424155050337_5557767022599538766_n-768x512.jpg 768w, https:\/\/elmetropolitano.com.gt\/es\/wp-content\/uploads\/2023\/07\/358057705_737424155050337_5557767022599538766_n-600x400.jpg 600w\" sizes=\"auto, (max-width: 960px) 100vw, 960px\" \/><\/figure>\n\n\n\n<figure class=\"wp-block-image size-large\"><img loading=\"lazy\" decoding=\"async\" width=\"960\" height=\"640\" data-id=\"68935\" src=\"https:\/\/elmetropolitano.com.gt\/es\/wp-content\/uploads\/2023\/07\/358041678_737424238383662_8686751707469102738_n.jpg\" alt=\"\" class=\"wp-image-68935\" srcset=\"https:\/\/elmetropolitano.com.gt\/es\/wp-content\/uploads\/2023\/07\/358041678_737424238383662_8686751707469102738_n.jpg 960w, https:\/\/elmetropolitano.com.gt\/es\/wp-content\/uploads\/2023\/07\/358041678_737424238383662_8686751707469102738_n-300x200.jpg 300w, https:\/\/elmetropolitano.com.gt\/es\/wp-content\/uploads\/2023\/07\/358041678_737424238383662_8686751707469102738_n-768x512.jpg 768w, https:\/\/elmetropolitano.com.gt\/es\/wp-content\/uploads\/2023\/07\/358041678_737424238383662_8686751707469102738_n-600x400.jpg 600w\" sizes=\"auto, (max-width: 960px) 100vw, 960px\" \/><\/figure>\n<\/figure>\n","protected":false},"excerpt":{"rendered":"<p>El uso de drones de \u00faltima generaci\u00f3n para el monitoreo de los cultivos para monitorear la sanidad y producci\u00f3n agr\u00edcola y la utilizaci\u00f3n de bases de datos que contienen informaci\u00f3n agroclim\u00e1tica para la toma de decisiones como parte de la transformaci\u00f3n de la agricultura inteligente que se busca desarrollar en el pa\u00eds para mejorar la <a class=\"read-more\" href=\"https:\/\/elmetropolitano.com.gt\/es\/mesa-cti-promueve-la-agricultura-inteligente\/\">Leer m\u00e1s<\/a><\/p>\n","protected":false},"author":1,"featured_media":68933,"comment_status":"open","ping_status":"closed","sticky":false,"template":"","format":"standard","meta":{"footnotes":""},"categories":[2],"tags":[12],"class_list":["post-68932","post","type-post","status-publish","format-standard","has-post-thumbnail","hentry","category-nacionales","tag-nacionales"],"_links":{"self":[{"href":"https:\/\/elmetropolitano.com.gt\/es\/wp-json\/wp\/v2\/posts\/68932","targetHints":{"allow":["GET"]}}],"collection":[{"href":"https:\/\/elmetropolitano.com.gt\/es\/wp-json\/wp\/v2\/posts"}],"about":[{"href":"https:\/\/elmetropolitano.com.gt\/es\/wp-json\/wp\/v2\/types\/post"}],"author":[{"embeddable":true,"href":"https:\/\/elmetropolitano.com.gt\/es\/wp-json\/wp\/v2\/users\/1"}],"replies":[{"embeddable":true,"href":"https:\/\/elmetropolitano.com.gt\/es\/wp-json\/wp\/v2\/comments?post=68932"}],"version-history":[{"count":1,"href":"https:\/\/elmetropolitano.com.gt\/es\/wp-json\/wp\/v2\/posts\/68932\/revisions"}],"predecessor-version":[{"id":68938,"href":"https:\/\/elmetropolitano.com.gt\/es\/wp-json\/wp\/v2\/posts\/68932\/revisions\/68938"}],"wp:featuredmedia":[{"embeddable":true,"href":"https:\/\/elmetropolitano.com.gt\/es\/wp-json\/wp\/v2\/media\/68933"}],"wp:attachment":[{"href":"https:\/\/elmetropolitano.com.gt\/es\/wp-json\/wp\/v2\/media?parent=68932"}],"wp:term":[{"taxonomy":"category","embeddable":true,"href":"https:\/\/elmetropolitano.com.gt\/es\/wp-json\/wp\/v2\/categories?post=68932"},{"taxonomy":"post_tag","embeddable":true,"href":"https:\/\/elmetropolitano.com.gt\/es\/wp-json\/wp\/v2\/tags?post=68932"}],"curies":[{"name":"wp","href":"https:\/\/api.w.org\/{rel}","templated":true}]}}