{"id":68969,"date":"2023-07-07T13:20:27","date_gmt":"2023-07-07T19:20:27","guid":{"rendered":"https:\/\/elmetropolitano.com.gt\/es\/?p=68969"},"modified":"2023-07-07T13:20:28","modified_gmt":"2023-07-07T19:20:28","slug":"tetra-pak-avanza-en-la-transformacion-de-la-sostenibilidad","status":"publish","type":"post","link":"https:\/\/elmetropolitano.com.gt\/es\/tetra-pak-avanza-en-la-transformacion-de-la-sostenibilidad\/","title":{"rendered":"TETRA PAK Avanza en la transformaci\u00f3n de la Sostenibilidad"},"content":{"rendered":"\n<p>Tetra Pak ha publicado su Informe de sostenibilidad FY22, que destaca el progreso de la empresa en varios aspectos de la sostenibilidad. Ahora en su 24.\u00aa edici\u00f3n, el informe demuestra c\u00f3mo la sostenibilidad sigue siendo fundamental para la estrategia de Tetra Pak y contin\u00faa siendo una prioridad en la toma de decisiones.<\/p>\n\n\n\n<p>Durante el a\u00f1o 2022, Tetra Pak logr\u00f3 hitos significativos, reduciendo las emisiones operativas de <a><\/a>gases de efecto invernadero (GEI) en un 39% , con un 84% de la energ\u00eda proveniente de fuentes renovables. Esto pone a la empresa en camino de lograr cero emisiones netas dentro de sus propias operaciones para 2030. Adem\u00e1s, la venta de 8,800 millones de envases a base de plantas y 11,900 millones de tapas a base de plantas se tradujo en 131 kilotoneladas de ahorro de CO2. Tetra Pak tambi\u00e9n invirti\u00f3 casi 30 millones de euros para acelerar la recolecci\u00f3n y el reciclaje de envases de cart\u00f3n para bebidas, mientras trabajaba con incubadoras de tecnolog\u00eda alimentaria y nuevas empresas para explorar el futuro de los alimentos sostenibles.<\/p><div class=\"elmet-contenido\" id=\"elmet-1213574228\"><div class=\"elmet-adlabel\">Anuncios<\/div><div style=\"margin-top: 20px;margin-right: 20px;margin-bottom: 20px;margin-left: 20px;\" id=\"elmet-196593221\"><a href=\"https:\/\/www.facebook.com\/arrincuanantigua\/\" aria-label=\"cintillo-arrin-cual\"><img loading=\"lazy\" decoding=\"async\" src=\"https:\/\/elmetropolitano.com.gt\/es\/wp-content\/uploads\/2021\/11\/cintillo-arrin-cual-1.jpg\" alt=\"\"  srcset=\"https:\/\/elmetropolitano.com.gt\/es\/wp-content\/uploads\/2021\/11\/cintillo-arrin-cual-1.jpg 750w, https:\/\/elmetropolitano.com.gt\/es\/wp-content\/uploads\/2021\/11\/cintillo-arrin-cual-1-300x36.jpg 300w, https:\/\/elmetropolitano.com.gt\/es\/wp-content\/uploads\/2021\/11\/cintillo-arrin-cual-1-600x72.jpg 600w\" sizes=\"(max-width: 750px) 100vw, 750px\" width=\"750\" height=\"90\"   \/><\/a><\/div><\/div>\n\n\n\n<p>Esto fue en el contexto de un a\u00f1o marcado por una considerable incertidumbre, impulsada por las secuelas del COVID-19, los problemas de la cadena de suministro y los desaf\u00edos geopol\u00edticos, como la invasi\u00f3n de Ucrania por parte de Rusia. La combinaci\u00f3n de todos estos factores ha resultado en importantes desaf\u00edos financieros para las empresas y los consumidores, aumentando el costo de vida y generando inseguridad alimentaria para muchos.<\/p>\n\n\n\n<p>Adolfo Orive, presidente y director ejecutivo de Tetra Pak, dice: \u201cEl entorno operativo actual ha enfatizado la necesidad de soluciones sist\u00e9micas integradas. Esta es la \u00fanica forma en que podemos cumplir con la escala y la velocidad de cambio requeridas para fortalecer el acceso a los alimentos y reducir el impacto ambiental, de una manera que no deje a nadie atr\u00e1s. Es por eso que hemos adoptado un enfoque hol\u00edstico en cinco \u00e1reas interconectadas e interdependientes en las que podemos contribuir al m\u00e1ximo: sistemas alimentarios, circularidad, clima, naturaleza y sostenibilidad social\u201d.<\/p>\n\n\n\n<p>El Informe de sostenibilidad de Tetra Pak FY22 destaca los logros de la empresa en el \u00faltimo a\u00f1o y las iniciativas en curso para proteger los alimentos, las personas y el planeta. \u00c9stas incluyen:<\/p>\n\n\n\n<p>En Centroam\u00e9rica y Caribe:<\/p>\n\n\n\n<p>\u2022 En Centroam\u00e9rica y Caribe se recuperaron m\u00e1s de 81 millones de envases de Tetra Pak, equivalente a m\u00e1s de 1,945 toneladas de envases.<\/p>\n\n\n\n<p>\u2022 Inversi\u00f3n de 997 mil euros en la cadena de recolecci\u00f3n y reciclaje, planes de incentivo para aliados recolectores, educaci\u00f3n ambiental y participaci\u00f3n en m\u00e1s de 700 jornadas de reciclaje con las iniciativas Tu Papel Cuenta, en los pa\u00edses de Centroam\u00e9rica y Reciclar en Caja en Rep\u00fablica Dominicana.<\/p>\n\n\n\n<p>En Guatemala:<\/p>\n\n\n\n<p>\u2022 Creaci\u00f3n de 6 nuevos centros de acopio, alcanzado un total de 27 puntos de recolecci\u00f3n donde se recolectan envases de Tetra Pak.<\/p>\n\n\n\n<p>\u2022 Recuperaci\u00f3n de 7 millones de envases de Tetra Pak que fueron recolectados para el reciclaje.<\/p>\n\n\n\n<p>\u2022 Reconocimiento a la iniciativa Tu Papel Cuenta en Guatemala, donde Tetra Pak fue galardonada por la C\u00e1mara de Industria de Guatemala con el primer lugar al premio Industrial, categor\u00eda ambiente, por el trabajo de la compa\u00f1\u00eda para promover pr\u00e1cticas sostenibles a favor del medioambiente.<\/p>\n\n\n\n<p>A nivel global:<\/p>\n\n\n\n<p>\u2022 Prueba de una barrera a base de fibra pionera en la industria para reemplazar la fina capa de papel de aluminio en los envases de cart\u00f3n as\u00e9pticos: un gran avance en el viaje de la empresa hacia un envase as\u00e9ptico totalmente renovable.<\/p>\n\n\n\n<p>\u2022 Reconocimiento por liderazgo en transparencia corporativa y desempe\u00f1o en materia de cambio clim\u00e1tico y bosques por parte de CDP, una organizaci\u00f3n ambiental global sin fines de lucro, asegurando un lugar en su prestigiosa \u00abLista A\u00bb por cuarto a\u00f1o consecutivo.<\/p>\n\n\n\n<p>\u2022 Apoyar a que 66 millones de ni\u00f1os en 44 pa\u00edses tengan acceso a bebidas nutritivas a trav\u00e9s de programas de alimentaci\u00f3n escolar, ayudando a mejorar la salud de los ni\u00f1os, aumentar la asistencia escolar y apoyar el desarrollo agr\u00edcola.<\/p>\n\n\n\n<p>\u2022 Entrega de leche a lecher\u00edas en 22 proyectos de Dairy Hub a trav\u00e9s de aproximadamente 44 000 agricultores, en la mayor\u00eda de los casos peque\u00f1os agricultores, como parte del trabajo a largo plazo de la compa\u00f1\u00eda para construir cadenas de valor locales de productos l\u00e1cteos.<\/p>\n\n\n\n<p>\u2022 Restauraci\u00f3n de 87 hect\u00e1reas de tierra &#8211; el equivalente a 136 campos de f\u00fatbol &#8211; a trav\u00e9s del Programa de Conservaci\u00f3n de Araucaria en Brasil.<\/p>\n\n\n\n<p>\u2022 Implementar los Principios Rectores de la ONU sobre Empresas y Derechos Humanos y avanzar en diversidad, equidad e inclusi\u00f3n (DE&amp;I)<\/p>\n\n\n\n<p>Adolfo concluye: \u201cCon una s\u00f3lida trayectoria ambiental y un fuerte compromiso con el futuro, continuaremos impuls\u00e1ndonos a nosotros mismos y a los dem\u00e1s a trabajar cada vez m\u00e1s de cerca y encontrar soluciones sostenibles a los desaf\u00edos que enfrentamos como sociedad. Despu\u00e9s de todo, esto es fundamental para nuestro prop\u00f3sito: \u201cNos comprometemos a hacer que los alimentos sean seguros y est\u00e9n disponibles en todas partes. Y prometemos proteger lo que es bueno: los alimentos, las personas y el planeta<\/p>\n\n\n\n<p><a href=\"https:\/\/www.facebook.com\/hashtag\/tetrapak?__eep__=6&amp;__cft__[0]=AZW4xwl_ZYi4BiLVxC-EicvZmHwat-zgNjyA1PIXw31KF9XRM-vq8TNcPSxad-Av3URxWVafsDarx7SpCmajLjS8Gt_CMATfqbF6bjuG0H3UrfKWi4r0uR-9YnJllcA_SAUbONmKnDD8mFDZVo4zxRnyqheON3dXeC7nxlrnVlnHY0YArBak7XHSd2ahBu-iiw4&amp;__tn__=*NK-R\">#TetraPak<\/a><a href=\"https:\/\/www.facebook.com\/hashtag\/metroredes?__eep__=6&amp;__cft__[0]=AZW4xwl_ZYi4BiLVxC-EicvZmHwat-zgNjyA1PIXw31KF9XRM-vq8TNcPSxad-Av3URxWVafsDarx7SpCmajLjS8Gt_CMATfqbF6bjuG0H3UrfKWi4r0uR-9YnJllcA_SAUbONmKnDD8mFDZVo4zxRnyqheON3dXeC7nxlrnVlnHY0YArBak7XHSd2ahBu-iiw4&amp;__tn__=*NK-R\">#metroredes<\/a><\/p>\n\n\n\n<figure class=\"wp-block-gallery has-nested-images columns-default is-cropped wp-block-gallery-1 is-layout-flex wp-block-gallery-is-layout-flex\">\n<figure class=\"wp-block-image size-large\"><img loading=\"lazy\" decoding=\"async\" width=\"1024\" height=\"575\" data-id=\"68971\" src=\"https:\/\/elmetropolitano.com.gt\/es\/wp-content\/uploads\/2023\/07\/355148383_737579161701503_4022677042958431529_n-1024x575.jpg\" alt=\"\" class=\"wp-image-68971\" srcset=\"https:\/\/elmetropolitano.com.gt\/es\/wp-content\/uploads\/2023\/07\/355148383_737579161701503_4022677042958431529_n-1024x575.jpg 1024w, https:\/\/elmetropolitano.com.gt\/es\/wp-content\/uploads\/2023\/07\/355148383_737579161701503_4022677042958431529_n-300x169.jpg 300w, https:\/\/elmetropolitano.com.gt\/es\/wp-content\/uploads\/2023\/07\/355148383_737579161701503_4022677042958431529_n-768x431.jpg 768w, https:\/\/elmetropolitano.com.gt\/es\/wp-content\/uploads\/2023\/07\/355148383_737579161701503_4022677042958431529_n-600x337.jpg 600w, https:\/\/elmetropolitano.com.gt\/es\/wp-content\/uploads\/2023\/07\/355148383_737579161701503_4022677042958431529_n.jpg 1280w\" sizes=\"auto, (max-width: 1024px) 100vw, 1024px\" \/><\/figure>\n<\/figure>\n","protected":false},"excerpt":{"rendered":"<p>Tetra Pak ha publicado su Informe de sostenibilidad FY22, que destaca el progreso de la empresa en varios aspectos de la sostenibilidad. Ahora en su 24.\u00aa edici\u00f3n, el informe demuestra c\u00f3mo la sostenibilidad sigue siendo fundamental para la estrategia de Tetra Pak y contin\u00faa siendo una prioridad en la toma de decisiones. Durante el a\u00f1o <a class=\"read-more\" href=\"https:\/\/elmetropolitano.com.gt\/es\/tetra-pak-avanza-en-la-transformacion-de-la-sostenibilidad\/\">Leer m\u00e1s<\/a><\/p>\n","protected":false},"author":1,"featured_media":68970,"comment_status":"open","ping_status":"closed","sticky":false,"template":"","format":"standard","meta":{"footnotes":""},"categories":[31],"tags":[32],"class_list":["post-68969","post","type-post","status-publish","format-standard","has-post-thumbnail","hentry","category-metroimpulso","tag-metroimpulso"],"_links":{"self":[{"href":"https:\/\/elmetropolitano.com.gt\/es\/wp-json\/wp\/v2\/posts\/68969","targetHints":{"allow":["GET"]}}],"collection":[{"href":"https:\/\/elmetropolitano.com.gt\/es\/wp-json\/wp\/v2\/posts"}],"about":[{"href":"https:\/\/elmetropolitano.com.gt\/es\/wp-json\/wp\/v2\/types\/post"}],"author":[{"embeddable":true,"href":"https:\/\/elmetropolitano.com.gt\/es\/wp-json\/wp\/v2\/users\/1"}],"replies":[{"embeddable":true,"href":"https:\/\/elmetropolitano.com.gt\/es\/wp-json\/wp\/v2\/comments?post=68969"}],"version-history":[{"count":1,"href":"https:\/\/elmetropolitano.com.gt\/es\/wp-json\/wp\/v2\/posts\/68969\/revisions"}],"predecessor-version":[{"id":68972,"href":"https:\/\/elmetropolitano.com.gt\/es\/wp-json\/wp\/v2\/posts\/68969\/revisions\/68972"}],"wp:featuredmedia":[{"embeddable":true,"href":"https:\/\/elmetropolitano.com.gt\/es\/wp-json\/wp\/v2\/media\/68970"}],"wp:attachment":[{"href":"https:\/\/elmetropolitano.com.gt\/es\/wp-json\/wp\/v2\/media?parent=68969"}],"wp:term":[{"taxonomy":"category","embeddable":true,"href":"https:\/\/elmetropolitano.com.gt\/es\/wp-json\/wp\/v2\/categories?post=68969"},{"taxonomy":"post_tag","embeddable":true,"href":"https:\/\/elmetropolitano.com.gt\/es\/wp-json\/wp\/v2\/tags?post=68969"}],"curies":[{"name":"wp","href":"https:\/\/api.w.org\/{rel}","templated":true}]}}