{"id":68976,"date":"2023-07-08T11:23:30","date_gmt":"2023-07-08T17:23:30","guid":{"rendered":"https:\/\/elmetropolitano.com.gt\/es\/?p=68976"},"modified":"2023-07-08T11:23:31","modified_gmt":"2023-07-08T17:23:31","slug":"nestle-expande-su-centro-de-distribucion-en-guatemala-fortaleciendo-su-presencia-en-centroamerica","status":"publish","type":"post","link":"https:\/\/elmetropolitano.com.gt\/es\/nestle-expande-su-centro-de-distribucion-en-guatemala-fortaleciendo-su-presencia-en-centroamerica\/","title":{"rendered":"Nestl\u00e9 expande su Centro de Distribuci\u00f3n en Guatemala, fortaleciendo su presencia en Centroam\u00e9rica"},"content":{"rendered":"\n<p>Nestl\u00e9, empresa l\u00edder en nutrici\u00f3n, salud y bienestar, anuncia la expansi\u00f3n de su Centro de Distribuci\u00f3n ubicado en B\u00e1rcenas, Guatemala. A pesar de los desaf\u00edos afrontados en los \u00faltimos a\u00f1os, entre ellos la pandemia, Nestl\u00e9 ha mantenido sus planes de crecimiento y expansi\u00f3n, generando nuevas oportunidades laborales y contribuyendo as\u00ed al desarrollo econ\u00f3mico del pa\u00eds.<\/p>\n\n\n\n<p>La <a><\/a>ampliaci\u00f3n de las instalaciones de Nestl\u00e9 en B\u00e1rcenas tiene como fin la creaci\u00f3n de una red de distribuci\u00f3n m\u00e1s limpia y eficiente al optimizar las rutas y centralizar el almacenamiento de los productos de la compa\u00f1\u00eda que anteriormente se encontraban dispersos en diferentes bodegas propias y externas.<\/p><div class=\"elmet-contenido\" id=\"elmet-4257420872\"><div class=\"elmet-adlabel\">Anuncios<\/div><div style=\"margin-top: 20px;margin-right: 20px;margin-bottom: 20px;margin-left: 20px;\" id=\"elmet-3581501986\"><a href=\"https:\/\/www.facebook.com\/arrincuanantigua\/\" aria-label=\"cintillo-arrin-cual\"><img loading=\"lazy\" decoding=\"async\" src=\"https:\/\/elmetropolitano.com.gt\/es\/wp-content\/uploads\/2021\/11\/cintillo-arrin-cual-1.jpg\" alt=\"\"  srcset=\"https:\/\/elmetropolitano.com.gt\/es\/wp-content\/uploads\/2021\/11\/cintillo-arrin-cual-1.jpg 750w, https:\/\/elmetropolitano.com.gt\/es\/wp-content\/uploads\/2021\/11\/cintillo-arrin-cual-1-300x36.jpg 300w, https:\/\/elmetropolitano.com.gt\/es\/wp-content\/uploads\/2021\/11\/cintillo-arrin-cual-1-600x72.jpg 600w\" sizes=\"(max-width: 750px) 100vw, 750px\" width=\"750\" height=\"90\"   \/><\/a><\/div><\/div>\n\n\n\n<p>Previo a la selecci\u00f3n de la ubicaci\u00f3n de este Centro de Distribuci\u00f3n, se realiz\u00f3 un estudio de centro de gravedad, el cual permiti\u00f3 a la compa\u00f1\u00eda identificar menos tr\u00e1nsito y distancia para llegar a sus clientes. Esta estrategia permite brindar un acompa\u00f1amiento m\u00e1s eficiente para contribuir al crecimiento del pa\u00eds y fortalecer las operaciones log\u00edsticas bajo una sola direcci\u00f3n.<\/p>\n\n\n\n<p>\u00abNos sentimos muy contentos al anunciar la expansi\u00f3n de nuestro Centro de Distribuci\u00f3n consolid\u00e1ndolo as\u00ed, como el m\u00e1s grande de la compa\u00f1\u00eda en Centroam\u00e9rica. Hace tres a\u00f1os, Nestl\u00e9 invirti\u00f3 USD11.3 millones en su construcci\u00f3n inicial y ahora se expande con una inversi\u00f3n adicional de m\u00e1s de USD 3.7 millones. Ratificando as\u00ed el crecimiento de la compa\u00f1\u00eda en Guatemala, en Nestl\u00e9 seguimos apostando por Guatemala y por el fortalecimiento de nuestras operaciones en la regi\u00f3n.<\/p>\n\n\n\n<p>Esta inversi\u00f3n y expansi\u00f3n refleja nuestro compromiso con el crecimiento sostenible y el impulso de la econom\u00eda local\u00bb, afirm\u00f3 Patricio Astolfi, director general de Nestl\u00e9 Guatemala. \u00abAdem\u00e1s, nos enorgullece generar empleo en el pa\u00eds, ofreciendo nuevas oportunidades laborales y promoviendo el desarrollo\u00bb, agreg\u00f3.<\/p>\n\n\n\n<p>Este Centro de Distribuci\u00f3n cuenta con moderna infraestructura y una amplia gama de servicios log\u00edsticos para satisfacer las necesidades de sus clientes. Entre las caracter\u00edsticas destacadas de esta expansi\u00f3n se encuentran:<\/p>\n\n\n\n<p>\u2022 4,600 metros cuadrados de construcci\u00f3n adicionales, para un total de 16,000 metros cuadrados y una altura de 15 metros.<\/p>\n\n\n\n<p>\u2022 Almacenamiento eficiente de +7,000 pallets, haciendo un total de 30 mil pallets de capacidad de almacenamiento.<\/p>\n\n\n\n<p>\u2022 32 rampas de carga y descarga, incluyendo 4 rampas adicionales nuevas.<\/p>\n\n\n\n<p>\u2022 Patio de maniobras de 8,500 metros cuadrados.<\/p>\n\n\n\n<p>\u2022 Estricto control de calidad que garantiza la segregaci\u00f3n y correcta disposici\u00f3n de productos no conformes, evitando que lleguen a los puntos de venta.<\/p>\n\n\n\n<p>\u2022 Compromiso ambiental a trav\u00e9s de un Centro de Acopio para una correcta separaci\u00f3n de desechos, convirti\u00e9ndose en un Centro de Distribuci\u00f3n libre de residuos al vertedero.<\/p>\n\n\n\n<p>Asimismo, ha incorporado nuevas mejoras en su edificaci\u00f3n, incluyendo rampas adicionales para carga y descarga, despachos de exportaciones, un sistema eficiente de almacenamiento de pallets utilizando racks de alta densidad y un crecimiento del 10% en el \u00e1rea operativa de almacenes.<\/p>\n\n\n\n<p>En cuanto a tecnolog\u00eda y vanguardia, este centro log\u00edstico cuenta con herramientas innovadoras que optimizan las operaciones log\u00edsticas, como Voice Picking (preparaci\u00f3n de producto con instrucciones de voz), aplicaci\u00f3n DWA (Digital Warehouse Application) para una gesti\u00f3n de almac\u00e9n eficiente, as\u00ed como Telematics, una soluci\u00f3n de servidor que proporciona informaci\u00f3n cr\u00edtica en tiempo real sobre los equipos y operadores.<\/p>\n\n\n\n<p>Estas inversiones en infraestructura y tecnolog\u00eda permiten a Nestl\u00e9 mantenerse al d\u00eda con las necesidades de sus clientes, mejorar los tiempos de preparaci\u00f3n y despacho de \u00f3rdenes y posicionarse como una empresa atractiva para las nuevas generaciones.<\/p>\n\n\n\n<p>\u00abNestl\u00e9 se enorgullece de reafirmar su compromiso con Guatemala y Centroam\u00e9rica a trav\u00e9s de esta expansi\u00f3n en la que diariamente se reciben 15 contenedores de importaci\u00f3n y atendemos a 30 veh\u00edculos de transporte que equivalen a 270 toneladas de producto. Estamos dedicados a desarrollar todo el poder de la alimentaci\u00f3n para mejorar la calidad de vida, hoy y para las futuras generaciones\u00bb, agreg\u00f3 Astolfi.<\/p>\n\n\n\n<p>Con una inversi\u00f3n total de USD 15 millones para su construcci\u00f3n y expansi\u00f3n, el Centro de Distribuci\u00f3n de Nestl\u00e9 en B\u00e1rcenas se consolida como el m\u00e1s grande y moderno de la compa\u00f1\u00eda en Centroam\u00e9rica. Adem\u00e1s, genera m\u00e1s de 1,500 empleos directos e indirectos, contribuyendo al desarrollo econ\u00f3mico y social del pa\u00eds.<\/p>\n\n\n\n<p><a href=\"https:\/\/www.facebook.com\/hashtag\/metroredes?__eep__=6&amp;__cft__[0]=AZUQCT8akWG1_RNnjxO5uvaMIbVvoC2YbPa91x-4mmgnxjbqEzjYzmYkWqmXJtFvU8CTPdaholRMCq0ouLu9ZEkB9JiqUcOZQrZ8DVGZeks44jFiKuIRC6dQqLgIC_D4Bz-q3Cg3fV_LJJ0iqi-mxo-moRrWLzrDolWhjt7DDcOX2rGG2wl4Vuy2p_qAG1ndsSQ&amp;__tn__=*NK-R\">#metroredes<\/a><a href=\"https:\/\/www.facebook.com\/hashtag\/nestle?__eep__=6&amp;__cft__[0]=AZUQCT8akWG1_RNnjxO5uvaMIbVvoC2YbPa91x-4mmgnxjbqEzjYzmYkWqmXJtFvU8CTPdaholRMCq0ouLu9ZEkB9JiqUcOZQrZ8DVGZeks44jFiKuIRC6dQqLgIC_D4Bz-q3Cg3fV_LJJ0iqi-mxo-moRrWLzrDolWhjt7DDcOX2rGG2wl4Vuy2p_qAG1ndsSQ&amp;__tn__=*NK-R\">#nestle<\/a><a href=\"https:\/\/www.facebook.com\/hashtag\/barcenas?__eep__=6&amp;__cft__[0]=AZUQCT8akWG1_RNnjxO5uvaMIbVvoC2YbPa91x-4mmgnxjbqEzjYzmYkWqmXJtFvU8CTPdaholRMCq0ouLu9ZEkB9JiqUcOZQrZ8DVGZeks44jFiKuIRC6dQqLgIC_D4Bz-q3Cg3fV_LJJ0iqi-mxo-moRrWLzrDolWhjt7DDcOX2rGG2wl4Vuy2p_qAG1ndsSQ&amp;__tn__=*NK-R\">#Barcenas<\/a><\/p>\n\n\n\n<figure class=\"wp-block-gallery has-nested-images columns-default is-cropped wp-block-gallery-1 is-layout-flex wp-block-gallery-is-layout-flex\">\n<figure class=\"wp-block-image size-large\"><img loading=\"lazy\" decoding=\"async\" width=\"1024\" height=\"683\" data-id=\"68978\" src=\"https:\/\/elmetropolitano.com.gt\/es\/wp-content\/uploads\/2023\/07\/353465888_737601681699251_2315974137612274645_n-1024x683.jpg\" alt=\"\" class=\"wp-image-68978\" srcset=\"https:\/\/elmetropolitano.com.gt\/es\/wp-content\/uploads\/2023\/07\/353465888_737601681699251_2315974137612274645_n-1024x683.jpg 1024w, https:\/\/elmetropolitano.com.gt\/es\/wp-content\/uploads\/2023\/07\/353465888_737601681699251_2315974137612274645_n-300x200.jpg 300w, https:\/\/elmetropolitano.com.gt\/es\/wp-content\/uploads\/2023\/07\/353465888_737601681699251_2315974137612274645_n-768x512.jpg 768w, https:\/\/elmetropolitano.com.gt\/es\/wp-content\/uploads\/2023\/07\/353465888_737601681699251_2315974137612274645_n-1536x1025.jpg 1536w, https:\/\/elmetropolitano.com.gt\/es\/wp-content\/uploads\/2023\/07\/353465888_737601681699251_2315974137612274645_n-600x400.jpg 600w, https:\/\/elmetropolitano.com.gt\/es\/wp-content\/uploads\/2023\/07\/353465888_737601681699251_2315974137612274645_n.jpg 2048w\" sizes=\"auto, (max-width: 1024px) 100vw, 1024px\" \/><\/figure>\n<\/figure>\n","protected":false},"excerpt":{"rendered":"<p>Nestl\u00e9, empresa l\u00edder en nutrici\u00f3n, salud y bienestar, anuncia la expansi\u00f3n de su Centro de Distribuci\u00f3n ubicado en B\u00e1rcenas, Guatemala. A pesar de los desaf\u00edos afrontados en los \u00faltimos a\u00f1os, entre ellos la pandemia, Nestl\u00e9 ha mantenido sus planes de crecimiento y expansi\u00f3n, generando nuevas oportunidades laborales y contribuyendo as\u00ed al desarrollo econ\u00f3mico del pa\u00eds. <a class=\"read-more\" href=\"https:\/\/elmetropolitano.com.gt\/es\/nestle-expande-su-centro-de-distribucion-en-guatemala-fortaleciendo-su-presencia-en-centroamerica\/\">Leer m\u00e1s<\/a><\/p>\n","protected":false},"author":1,"featured_media":68977,"comment_status":"open","ping_status":"closed","sticky":false,"template":"","format":"standard","meta":{"footnotes":""},"categories":[31],"tags":[32],"class_list":["post-68976","post","type-post","status-publish","format-standard","has-post-thumbnail","hentry","category-metroimpulso","tag-metroimpulso"],"_links":{"self":[{"href":"https:\/\/elmetropolitano.com.gt\/es\/wp-json\/wp\/v2\/posts\/68976","targetHints":{"allow":["GET"]}}],"collection":[{"href":"https:\/\/elmetropolitano.com.gt\/es\/wp-json\/wp\/v2\/posts"}],"about":[{"href":"https:\/\/elmetropolitano.com.gt\/es\/wp-json\/wp\/v2\/types\/post"}],"author":[{"embeddable":true,"href":"https:\/\/elmetropolitano.com.gt\/es\/wp-json\/wp\/v2\/users\/1"}],"replies":[{"embeddable":true,"href":"https:\/\/elmetropolitano.com.gt\/es\/wp-json\/wp\/v2\/comments?post=68976"}],"version-history":[{"count":1,"href":"https:\/\/elmetropolitano.com.gt\/es\/wp-json\/wp\/v2\/posts\/68976\/revisions"}],"predecessor-version":[{"id":68979,"href":"https:\/\/elmetropolitano.com.gt\/es\/wp-json\/wp\/v2\/posts\/68976\/revisions\/68979"}],"wp:featuredmedia":[{"embeddable":true,"href":"https:\/\/elmetropolitano.com.gt\/es\/wp-json\/wp\/v2\/media\/68977"}],"wp:attachment":[{"href":"https:\/\/elmetropolitano.com.gt\/es\/wp-json\/wp\/v2\/media?parent=68976"}],"wp:term":[{"taxonomy":"category","embeddable":true,"href":"https:\/\/elmetropolitano.com.gt\/es\/wp-json\/wp\/v2\/categories?post=68976"},{"taxonomy":"post_tag","embeddable":true,"href":"https:\/\/elmetropolitano.com.gt\/es\/wp-json\/wp\/v2\/tags?post=68976"}],"curies":[{"name":"wp","href":"https:\/\/api.w.org\/{rel}","templated":true}]}}