{"id":68999,"date":"2023-07-08T11:30:59","date_gmt":"2023-07-08T17:30:59","guid":{"rendered":"https:\/\/elmetropolitano.com.gt\/es\/?p=68999"},"modified":"2023-07-08T11:31:00","modified_gmt":"2023-07-08T17:31:00","slug":"entregan-bandera-nacional-a-xxiii-contingente-que-sera-desplegado-a-republica-democratica-del-congo","status":"publish","type":"post","link":"https:\/\/elmetropolitano.com.gt\/es\/entregan-bandera-nacional-a-xxiii-contingente-que-sera-desplegado-a-republica-democratica-del-congo\/","title":{"rendered":"Entregan bandera nacional a XXIII contingente que ser\u00e1 desplegado a Rep\u00fablica Democr\u00e1tica del Congo"},"content":{"rendered":"\n<p>Autoridades del Ministerio de la Defensa Nacional (MDN) entregaron la bandera de Guatemala al comandante del XXIII Contingente de Fuerzas Especiales (Monusco) que ser\u00e1 desplegado a la Rep\u00fablica Democr\u00e1tica del Congo.<\/p>\n\n\n\n<p>En representaci\u00f3n del Presidente de la Rep\u00fablica, el titular del MDN General de Divisi\u00f3n Henry Yovani Reyes Chigua hizo la entrega de la insignia patria al <a><\/a>contingente.<\/p><div class=\"elmet-contenido\" id=\"elmet-1118650653\"><div class=\"elmet-adlabel\">Anuncios<\/div><div style=\"margin-top: 20px;margin-right: 20px;margin-bottom: 20px;margin-left: 20px;\" id=\"elmet-1666986569\"><a href=\"https:\/\/www.facebook.com\/arrincuanantigua\/\" aria-label=\"cintillo-arrin-cual\"><img loading=\"lazy\" decoding=\"async\" src=\"https:\/\/elmetropolitano.com.gt\/es\/wp-content\/uploads\/2021\/11\/cintillo-arrin-cual-1.jpg\" alt=\"\"  srcset=\"https:\/\/elmetropolitano.com.gt\/es\/wp-content\/uploads\/2021\/11\/cintillo-arrin-cual-1.jpg 750w, https:\/\/elmetropolitano.com.gt\/es\/wp-content\/uploads\/2021\/11\/cintillo-arrin-cual-1-300x36.jpg 300w, https:\/\/elmetropolitano.com.gt\/es\/wp-content\/uploads\/2021\/11\/cintillo-arrin-cual-1-600x72.jpg 600w\" sizes=\"(max-width: 750px) 100vw, 750px\" width=\"750\" height=\"90\"   \/><\/a><\/div><\/div>\n\n\n\n<p>El grupo est\u00e1 integrado por 150 soldados guatemaltecos, incluyendo 16 mujeres. Rub\u00e9n T\u00e9llez, portavoz del Ej\u00e9rcito, dijo al respecto:<\/p>\n\n\n\n<p>El Ej\u00e9rcito de Guatemala se complace en anunciar esta actividad y tambi\u00e9n c\u00f3mo este despliegue de personal guatemalteco constituye un compromiso del Estado para contribuir con la paz mundial como signatario de la carta de Naciones Unidas.<\/p>\n\n\n\n<p>Capacitaciones<\/p>\n\n\n\n<p>Los soldados efect\u00faan una serie de entrenamientos en la Brigada de Fuerzas Especiales General Pablo Nuila Hub. Dicha sede est\u00e1 en Pet\u00e9n, donde se preparan y fortalecen sus habilidades para integrar el contingente Monusco.<\/p>\n\n\n\n<p>En ese contexto, las Fuerzas Especiales Kaibil son unidades de \u00e9lite, \u00e1giles y vers\u00e1tiles. Adem\u00e1s, est\u00e1n entrenadas y formadas para llevar a cabo tareas espec\u00edficas, tales como operaciones en conflictos convencionales y no convencionales.<\/p>\n\n\n\n<p>Asimismo, comparten conocimientos y experiencias con la finalidad de reunir las capacidades necesarias para integrar el contingente.<\/p>\n\n\n\n<p>Los detalles<\/p>\n\n\n\n<p>El Estado de Guatemala, comprometido con la labor de contribuir a la paz mundial, y la Organizaci\u00f3n de las Naciones Unidas firmaron el 12 de noviembre de 2003 un memorando de entendimiento. La finalidad es apoyar en operaciones de mantenimiento de paz, a trav\u00e9s del Sistema de Fuerzas de Reserva de Naciones Unidas.<\/p>\n\n\n\n<p>En 2005, por medio del Acuerdo Gubernativo No. 92-2005, se autoriz\u00f3 y ampar\u00f3 legalmente el despliegue del contingente guatemalteco de Fuerzas Especiales del Ej\u00e9rcito de Guatemala a la Rep\u00fablica Democr\u00e1tica del Congo. Este contingente contin\u00faa operando y a la fecha se han desplegado 21 grupos.<\/p>\n\n\n\n<p>La promoci\u00f3n est\u00e1 integrada por 150 elementos de fuerzas especiales. Ellos han sido entrenados para realizar misi\u00f3n durante un a\u00f1o.<\/p>\n\n\n\n<p>Texto: Julio Morales<\/p>\n\n\n\n<p><a href=\"https:\/\/www.facebook.com\/hashtag\/metroredes?__eep__=6&amp;__cft__[0]=AZW1h6hsoqAq7IshGFhIQn0cVj1pu9wd4CyPZW8LYZsLal8GDB-6M-z1rByyJVXe9oZH-PXXVMGkwfu5JSXjWGkmkcphOtCdC2CcaCq7-HMmVPxNiA-JQqsaiwHc5vqZVabSg0qUt4L_mu3IF9X30RAHNDFLSGQvIv9L-k2V0_brbW9oMPTmOf5Ovuw7MZUBC-g&amp;__tn__=*NK-R\">#metroredes<\/a><a href=\"https:\/\/www.facebook.com\/hashtag\/ejercitogt?__eep__=6&amp;__cft__[0]=AZW1h6hsoqAq7IshGFhIQn0cVj1pu9wd4CyPZW8LYZsLal8GDB-6M-z1rByyJVXe9oZH-PXXVMGkwfu5JSXjWGkmkcphOtCdC2CcaCq7-HMmVPxNiA-JQqsaiwHc5vqZVabSg0qUt4L_mu3IF9X30RAHNDFLSGQvIv9L-k2V0_brbW9oMPTmOf5Ovuw7MZUBC-g&amp;__tn__=*NK-R\">#EjercitoGT<\/a><\/p>\n\n\n\n<figure class=\"wp-block-gallery has-nested-images columns-default is-cropped wp-block-gallery-1 is-layout-flex wp-block-gallery-is-layout-flex\">\n<figure class=\"wp-block-image size-large\"><img loading=\"lazy\" decoding=\"async\" width=\"1003\" height=\"1024\" data-id=\"69002\" src=\"https:\/\/elmetropolitano.com.gt\/es\/wp-content\/uploads\/2023\/07\/356227552_737869021672517_6962437261580202564_n.jpg\" alt=\"\" class=\"wp-image-69002\" srcset=\"https:\/\/elmetropolitano.com.gt\/es\/wp-content\/uploads\/2023\/07\/356227552_737869021672517_6962437261580202564_n.jpg 1003w, https:\/\/elmetropolitano.com.gt\/es\/wp-content\/uploads\/2023\/07\/356227552_737869021672517_6962437261580202564_n-294x300.jpg 294w, https:\/\/elmetropolitano.com.gt\/es\/wp-content\/uploads\/2023\/07\/356227552_737869021672517_6962437261580202564_n-768x784.jpg 768w, https:\/\/elmetropolitano.com.gt\/es\/wp-content\/uploads\/2023\/07\/356227552_737869021672517_6962437261580202564_n-600x613.jpg 600w\" sizes=\"auto, (max-width: 1003px) 100vw, 1003px\" \/><\/figure>\n\n\n\n<figure class=\"wp-block-image size-large\"><img loading=\"lazy\" decoding=\"async\" width=\"960\" height=\"534\" data-id=\"69004\" src=\"https:\/\/elmetropolitano.com.gt\/es\/wp-content\/uploads\/2023\/07\/358060025_737868831672536_8611643076982141034_n.jpg\" alt=\"\" class=\"wp-image-69004\" srcset=\"https:\/\/elmetropolitano.com.gt\/es\/wp-content\/uploads\/2023\/07\/358060025_737868831672536_8611643076982141034_n.jpg 960w, https:\/\/elmetropolitano.com.gt\/es\/wp-content\/uploads\/2023\/07\/358060025_737868831672536_8611643076982141034_n-300x167.jpg 300w, https:\/\/elmetropolitano.com.gt\/es\/wp-content\/uploads\/2023\/07\/358060025_737868831672536_8611643076982141034_n-768x427.jpg 768w, https:\/\/elmetropolitano.com.gt\/es\/wp-content\/uploads\/2023\/07\/358060025_737868831672536_8611643076982141034_n-600x334.jpg 600w\" sizes=\"auto, (max-width: 960px) 100vw, 960px\" \/><\/figure>\n\n\n\n<figure class=\"wp-block-image size-large\"><img loading=\"lazy\" decoding=\"async\" width=\"960\" height=\"720\" data-id=\"69003\" src=\"https:\/\/elmetropolitano.com.gt\/es\/wp-content\/uploads\/2023\/07\/358070447_737868921672527_896982579730774629_n.jpg\" alt=\"\" class=\"wp-image-69003\" srcset=\"https:\/\/elmetropolitano.com.gt\/es\/wp-content\/uploads\/2023\/07\/358070447_737868921672527_896982579730774629_n.jpg 960w, https:\/\/elmetropolitano.com.gt\/es\/wp-content\/uploads\/2023\/07\/358070447_737868921672527_896982579730774629_n-300x225.jpg 300w, https:\/\/elmetropolitano.com.gt\/es\/wp-content\/uploads\/2023\/07\/358070447_737868921672527_896982579730774629_n-768x576.jpg 768w, https:\/\/elmetropolitano.com.gt\/es\/wp-content\/uploads\/2023\/07\/358070447_737868921672527_896982579730774629_n-600x450.jpg 600w\" sizes=\"auto, (max-width: 960px) 100vw, 960px\" \/><\/figure>\n\n\n\n<figure class=\"wp-block-image size-large\"><img loading=\"lazy\" decoding=\"async\" width=\"960\" height=\"696\" data-id=\"69001\" src=\"https:\/\/elmetropolitano.com.gt\/es\/wp-content\/uploads\/2023\/07\/359074036_737868875005865_2879932705151152776_n.jpg\" alt=\"\" class=\"wp-image-69001\" srcset=\"https:\/\/elmetropolitano.com.gt\/es\/wp-content\/uploads\/2023\/07\/359074036_737868875005865_2879932705151152776_n.jpg 960w, https:\/\/elmetropolitano.com.gt\/es\/wp-content\/uploads\/2023\/07\/359074036_737868875005865_2879932705151152776_n-300x218.jpg 300w, https:\/\/elmetropolitano.com.gt\/es\/wp-content\/uploads\/2023\/07\/359074036_737868875005865_2879932705151152776_n-768x557.jpg 768w, https:\/\/elmetropolitano.com.gt\/es\/wp-content\/uploads\/2023\/07\/359074036_737868875005865_2879932705151152776_n-600x435.jpg 600w\" sizes=\"auto, (max-width: 960px) 100vw, 960px\" \/><\/figure>\n<\/figure>\n","protected":false},"excerpt":{"rendered":"<p>Autoridades del Ministerio de la Defensa Nacional (MDN) entregaron la bandera de Guatemala al comandante del XXIII Contingente de Fuerzas Especiales (Monusco) que ser\u00e1 desplegado a la Rep\u00fablica Democr\u00e1tica del Congo. En representaci\u00f3n del Presidente de la Rep\u00fablica, el titular del MDN General de Divisi\u00f3n Henry Yovani Reyes Chigua hizo la entrega de la insignia <a class=\"read-more\" href=\"https:\/\/elmetropolitano.com.gt\/es\/entregan-bandera-nacional-a-xxiii-contingente-que-sera-desplegado-a-republica-democratica-del-congo\/\">Leer m\u00e1s<\/a><\/p>\n","protected":false},"author":1,"featured_media":69000,"comment_status":"open","ping_status":"closed","sticky":false,"template":"","format":"standard","meta":{"footnotes":""},"categories":[2],"tags":[12],"class_list":["post-68999","post","type-post","status-publish","format-standard","has-post-thumbnail","hentry","category-nacionales","tag-nacionales"],"_links":{"self":[{"href":"https:\/\/elmetropolitano.com.gt\/es\/wp-json\/wp\/v2\/posts\/68999","targetHints":{"allow":["GET"]}}],"collection":[{"href":"https:\/\/elmetropolitano.com.gt\/es\/wp-json\/wp\/v2\/posts"}],"about":[{"href":"https:\/\/elmetropolitano.com.gt\/es\/wp-json\/wp\/v2\/types\/post"}],"author":[{"embeddable":true,"href":"https:\/\/elmetropolitano.com.gt\/es\/wp-json\/wp\/v2\/users\/1"}],"replies":[{"embeddable":true,"href":"https:\/\/elmetropolitano.com.gt\/es\/wp-json\/wp\/v2\/comments?post=68999"}],"version-history":[{"count":1,"href":"https:\/\/elmetropolitano.com.gt\/es\/wp-json\/wp\/v2\/posts\/68999\/revisions"}],"predecessor-version":[{"id":69005,"href":"https:\/\/elmetropolitano.com.gt\/es\/wp-json\/wp\/v2\/posts\/68999\/revisions\/69005"}],"wp:featuredmedia":[{"embeddable":true,"href":"https:\/\/elmetropolitano.com.gt\/es\/wp-json\/wp\/v2\/media\/69000"}],"wp:attachment":[{"href":"https:\/\/elmetropolitano.com.gt\/es\/wp-json\/wp\/v2\/media?parent=68999"}],"wp:term":[{"taxonomy":"category","embeddable":true,"href":"https:\/\/elmetropolitano.com.gt\/es\/wp-json\/wp\/v2\/categories?post=68999"},{"taxonomy":"post_tag","embeddable":true,"href":"https:\/\/elmetropolitano.com.gt\/es\/wp-json\/wp\/v2\/tags?post=68999"}],"curies":[{"name":"wp","href":"https:\/\/api.w.org\/{rel}","templated":true}]}}