{"id":69064,"date":"2023-07-09T22:04:12","date_gmt":"2023-07-10T04:04:12","guid":{"rendered":"https:\/\/elmetropolitano.com.gt\/es\/?p=69064"},"modified":"2023-07-09T22:04:13","modified_gmt":"2023-07-10T04:04:13","slug":"semilla-acciona-ante-la-cc-por-retraso-de-convocatoria-a-segunda-vuelta","status":"publish","type":"post","link":"https:\/\/elmetropolitano.com.gt\/es\/semilla-acciona-ante-la-cc-por-retraso-de-convocatoria-a-segunda-vuelta\/","title":{"rendered":"Semilla acciona ante la CC por retraso de convocatoria a segunda vuelta"},"content":{"rendered":"\n<p>El Partido Movimiebto Semilla por medio de su equipo legal present\u00f3 hoy ante la Corte de Constitucionalidad CC un ocurso en queja derivado del amparo provisional que la Corte Suprema de Justicia CSJ otorg\u00f3 que pretende dejar en suspenso la adjudicaci\u00f3n de cargos y la convocatoria a segunda vuelta prevista para el domingo 20 de agosto.<\/p>\n\n\n\n<p>El ocurso fue presentado por Juan Gerardo Guerrero, Fiscal Nacional <a><\/a>del Movimiento Semilla, quien dijo que \u00e9l mismo es debido a la decisi\u00f3n unilateral que tom\u00f3 la Presidenta de la CSJ Magiatrada Silvia Valdez que mantiene suspendida la oficializacion de los resultados electorales<\/p><div class=\"elmet-contenido\" id=\"elmet-2845783793\"><div class=\"elmet-adlabel\">Anuncios<\/div><div style=\"margin-top: 20px;margin-right: 20px;margin-bottom: 20px;margin-left: 20px;\" id=\"elmet-928247882\"><a href=\"https:\/\/www.facebook.com\/arrincuanantigua\/\" aria-label=\"cintillo-arrin-cual\"><img loading=\"lazy\" decoding=\"async\" src=\"https:\/\/elmetropolitano.com.gt\/es\/wp-content\/uploads\/2021\/11\/cintillo-arrin-cual-1.jpg\" alt=\"\"  srcset=\"https:\/\/elmetropolitano.com.gt\/es\/wp-content\/uploads\/2021\/11\/cintillo-arrin-cual-1.jpg 750w, https:\/\/elmetropolitano.com.gt\/es\/wp-content\/uploads\/2021\/11\/cintillo-arrin-cual-1-300x36.jpg 300w, https:\/\/elmetropolitano.com.gt\/es\/wp-content\/uploads\/2021\/11\/cintillo-arrin-cual-1-600x72.jpg 600w\" sizes=\"(max-width: 750px) 100vw, 750px\" width=\"750\" height=\"90\"   \/><\/a><\/div><\/div>\n\n\n\n<p><a href=\"https:\/\/www.facebook.com\/hashtag\/elecciones2023gt?__eep__=6&amp;__cft__[0]=AZUkV39zltcaNKY3Onoxt0jOYaFBHrZBMwXayD_Fd_w0toWKeRg-8SBHNWp-qEWLgRqYGFKAE9rNiHbnheqAUUjMSOnzP1JeE-8k8_jJUQ_zvxvBcwSwYFUrk2_2cQBPVs_tEXdLhlbz_4GpR3LqZrdWukp7CvIMU1XDjJgcTdvtN_33mDlXp9lurdEhCSNVhRg&amp;__tn__=*NK-R\">#Elecciones2023GT<\/a><a href=\"https:\/\/www.facebook.com\/hashtag\/metroredes?__eep__=6&amp;__cft__[0]=AZUkV39zltcaNKY3Onoxt0jOYaFBHrZBMwXayD_Fd_w0toWKeRg-8SBHNWp-qEWLgRqYGFKAE9rNiHbnheqAUUjMSOnzP1JeE-8k8_jJUQ_zvxvBcwSwYFUrk2_2cQBPVs_tEXdLhlbz_4GpR3LqZrdWukp7CvIMU1XDjJgcTdvtN_33mDlXp9lurdEhCSNVhRg&amp;__tn__=*NK-R\">#metroredes<\/a><a href=\"https:\/\/www.facebook.com\/hashtag\/yovoto?__eep__=6&amp;__cft__[0]=AZUkV39zltcaNKY3Onoxt0jOYaFBHrZBMwXayD_Fd_w0toWKeRg-8SBHNWp-qEWLgRqYGFKAE9rNiHbnheqAUUjMSOnzP1JeE-8k8_jJUQ_zvxvBcwSwYFUrk2_2cQBPVs_tEXdLhlbz_4GpR3LqZrdWukp7CvIMU1XDjJgcTdvtN_33mDlXp9lurdEhCSNVhRg&amp;__tn__=*NK-R\">#YoVoto<\/a><\/p>\n\n\n\n<figure class=\"wp-block-gallery has-nested-images columns-default is-cropped wp-block-gallery-1 is-layout-flex wp-block-gallery-is-layout-flex\">\n<figure class=\"wp-block-image size-large\"><img loading=\"lazy\" decoding=\"async\" width=\"1024\" height=\"684\" data-id=\"69067\" src=\"https:\/\/elmetropolitano.com.gt\/es\/wp-content\/uploads\/2023\/07\/355130588_738924274900325_6457474615305782793_n-1024x684.jpg\" alt=\"\" class=\"wp-image-69067\" srcset=\"https:\/\/elmetropolitano.com.gt\/es\/wp-content\/uploads\/2023\/07\/355130588_738924274900325_6457474615305782793_n-1024x684.jpg 1024w, https:\/\/elmetropolitano.com.gt\/es\/wp-content\/uploads\/2023\/07\/355130588_738924274900325_6457474615305782793_n-300x200.jpg 300w, https:\/\/elmetropolitano.com.gt\/es\/wp-content\/uploads\/2023\/07\/355130588_738924274900325_6457474615305782793_n-768x513.jpg 768w, https:\/\/elmetropolitano.com.gt\/es\/wp-content\/uploads\/2023\/07\/355130588_738924274900325_6457474615305782793_n-1536x1026.jpg 1536w, https:\/\/elmetropolitano.com.gt\/es\/wp-content\/uploads\/2023\/07\/355130588_738924274900325_6457474615305782793_n-600x401.jpg 600w, https:\/\/elmetropolitano.com.gt\/es\/wp-content\/uploads\/2023\/07\/355130588_738924274900325_6457474615305782793_n.jpg 1600w\" sizes=\"auto, (max-width: 1024px) 100vw, 1024px\" \/><\/figure>\n\n\n\n<figure class=\"wp-block-image size-large\"><img loading=\"lazy\" decoding=\"async\" width=\"1024\" height=\"684\" data-id=\"69066\" src=\"https:\/\/elmetropolitano.com.gt\/es\/wp-content\/uploads\/2023\/07\/357138064_738924258233660_8463758102321902078_n-1024x684.jpg\" alt=\"\" class=\"wp-image-69066\" srcset=\"https:\/\/elmetropolitano.com.gt\/es\/wp-content\/uploads\/2023\/07\/357138064_738924258233660_8463758102321902078_n-1024x684.jpg 1024w, https:\/\/elmetropolitano.com.gt\/es\/wp-content\/uploads\/2023\/07\/357138064_738924258233660_8463758102321902078_n-300x200.jpg 300w, https:\/\/elmetropolitano.com.gt\/es\/wp-content\/uploads\/2023\/07\/357138064_738924258233660_8463758102321902078_n-768x513.jpg 768w, https:\/\/elmetropolitano.com.gt\/es\/wp-content\/uploads\/2023\/07\/357138064_738924258233660_8463758102321902078_n-1536x1026.jpg 1536w, https:\/\/elmetropolitano.com.gt\/es\/wp-content\/uploads\/2023\/07\/357138064_738924258233660_8463758102321902078_n-600x401.jpg 600w, https:\/\/elmetropolitano.com.gt\/es\/wp-content\/uploads\/2023\/07\/357138064_738924258233660_8463758102321902078_n.jpg 1600w\" sizes=\"auto, (max-width: 1024px) 100vw, 1024px\" \/><\/figure>\n<\/figure>\n","protected":false},"excerpt":{"rendered":"<p>El Partido Movimiebto Semilla por medio de su equipo legal present\u00f3 hoy ante la Corte de Constitucionalidad CC un ocurso en queja derivado del amparo provisional que la Corte Suprema de Justicia CSJ otorg\u00f3 que pretende dejar en suspenso la adjudicaci\u00f3n de cargos y la convocatoria a segunda vuelta prevista para el domingo 20 de <a class=\"read-more\" href=\"https:\/\/elmetropolitano.com.gt\/es\/semilla-acciona-ante-la-cc-por-retraso-de-convocatoria-a-segunda-vuelta\/\">Leer m\u00e1s<\/a><\/p>\n","protected":false},"author":1,"featured_media":69065,"comment_status":"open","ping_status":"closed","sticky":false,"template":"","format":"standard","meta":{"footnotes":""},"categories":[2],"tags":[12],"class_list":["post-69064","post","type-post","status-publish","format-standard","has-post-thumbnail","hentry","category-nacionales","tag-nacionales"],"_links":{"self":[{"href":"https:\/\/elmetropolitano.com.gt\/es\/wp-json\/wp\/v2\/posts\/69064","targetHints":{"allow":["GET"]}}],"collection":[{"href":"https:\/\/elmetropolitano.com.gt\/es\/wp-json\/wp\/v2\/posts"}],"about":[{"href":"https:\/\/elmetropolitano.com.gt\/es\/wp-json\/wp\/v2\/types\/post"}],"author":[{"embeddable":true,"href":"https:\/\/elmetropolitano.com.gt\/es\/wp-json\/wp\/v2\/users\/1"}],"replies":[{"embeddable":true,"href":"https:\/\/elmetropolitano.com.gt\/es\/wp-json\/wp\/v2\/comments?post=69064"}],"version-history":[{"count":1,"href":"https:\/\/elmetropolitano.com.gt\/es\/wp-json\/wp\/v2\/posts\/69064\/revisions"}],"predecessor-version":[{"id":69068,"href":"https:\/\/elmetropolitano.com.gt\/es\/wp-json\/wp\/v2\/posts\/69064\/revisions\/69068"}],"wp:featuredmedia":[{"embeddable":true,"href":"https:\/\/elmetropolitano.com.gt\/es\/wp-json\/wp\/v2\/media\/69065"}],"wp:attachment":[{"href":"https:\/\/elmetropolitano.com.gt\/es\/wp-json\/wp\/v2\/media?parent=69064"}],"wp:term":[{"taxonomy":"category","embeddable":true,"href":"https:\/\/elmetropolitano.com.gt\/es\/wp-json\/wp\/v2\/categories?post=69064"},{"taxonomy":"post_tag","embeddable":true,"href":"https:\/\/elmetropolitano.com.gt\/es\/wp-json\/wp\/v2\/tags?post=69064"}],"curies":[{"name":"wp","href":"https:\/\/api.w.org\/{rel}","templated":true}]}}