{"id":69079,"date":"2023-07-10T09:38:21","date_gmt":"2023-07-10T15:38:21","guid":{"rendered":"https:\/\/elmetropolitano.com.gt\/es\/?p=69079"},"modified":"2023-07-10T09:38:22","modified_gmt":"2023-07-10T15:38:22","slug":"guatemala-no-va-a-un-mundial-porque-las-instituciones-son-debiles","status":"publish","type":"post","link":"https:\/\/elmetropolitano.com.gt\/es\/guatemala-no-va-a-un-mundial-porque-las-instituciones-son-debiles\/","title":{"rendered":"Guatemala no va a un mundial porque las instituciones son d\u00e9biles"},"content":{"rendered":"\n<p><a href=\"https:\/\/www.facebook.com\/hashtag\/asilodijo?__eep__=6&amp;__cft__[0]=AZULul2_ufZhiO3K1eCVC3rR7OvpPthIUgaOtI1QkAgdviT-SRBXPKuSqnRToAuNjLMvqZqRIa1Z__DQhMsy7Z3xbGJPjZswgcJfCfl5RkmxoQGg1oVYMMnL7ipnlqPCSi9ByLNHcLRy7TfalA2pwtm-jJhAlp2CBFXDtGaXRQg62IGnSqcqJYWcS7HQUPOtq8Y&amp;__tn__=*NK-R\">#AsiLoDijo<\/a><\/p>\n\n\n\n<p>\u201cLa raz\u00f3n por la que Guatemala, un pa\u00eds de 17 millones de personas, nunca ha llegado al mundial de f\u00fatbol es porque nuestras instituciones son muy d\u00e9biles. Y eso es en gran parte porque nuestros gobiernos se han dedicado a extraer en vez de ayudar\u201d<\/p><div class=\"elmet-contenido\" id=\"elmet-469441192\"><div class=\"elmet-adlabel\">Anuncios<\/div><div style=\"margin-top: 20px;margin-right: 20px;margin-bottom: 20px;margin-left: 20px;\" id=\"elmet-4265056141\"><a href=\"https:\/\/www.facebook.com\/arrincuanantigua\/\" aria-label=\"cintillo-arrin-cual\"><img loading=\"lazy\" decoding=\"async\" src=\"https:\/\/elmetropolitano.com.gt\/es\/wp-content\/uploads\/2021\/11\/cintillo-arrin-cual-1.jpg\" alt=\"\"  srcset=\"https:\/\/elmetropolitano.com.gt\/es\/wp-content\/uploads\/2021\/11\/cintillo-arrin-cual-1.jpg 750w, https:\/\/elmetropolitano.com.gt\/es\/wp-content\/uploads\/2021\/11\/cintillo-arrin-cual-1-300x36.jpg 300w, https:\/\/elmetropolitano.com.gt\/es\/wp-content\/uploads\/2021\/11\/cintillo-arrin-cual-1-600x72.jpg 600w\" sizes=\"(max-width: 750px) 100vw, 750px\" width=\"750\" height=\"90\"   \/><\/a><\/div><\/div>\n\n\n\n<p>Luis Von Ahn, CEO Duolingo<\/p>\n","protected":false},"excerpt":{"rendered":"<p>#AsiLoDijo \u201cLa raz\u00f3n por la que Guatemala, un pa\u00eds de 17 millones de personas, nunca ha llegado al mundial de f\u00fatbol es porque nuestras instituciones son muy d\u00e9biles. Y eso es en gran parte porque nuestros gobiernos se han dedicado a extraer en vez de ayudar\u201d Luis Von Ahn, CEO Duolingo<\/p>\n","protected":false},"author":1,"featured_media":69080,"comment_status":"open","ping_status":"closed","sticky":false,"template":"","format":"standard","meta":{"footnotes":""},"categories":[117],"tags":[118],"class_list":["post-69079","post","type-post","status-publish","format-standard","has-post-thumbnail","hentry","category-asi-lo-dijo","tag-asi-lo-dijo"],"_links":{"self":[{"href":"https:\/\/elmetropolitano.com.gt\/es\/wp-json\/wp\/v2\/posts\/69079","targetHints":{"allow":["GET"]}}],"collection":[{"href":"https:\/\/elmetropolitano.com.gt\/es\/wp-json\/wp\/v2\/posts"}],"about":[{"href":"https:\/\/elmetropolitano.com.gt\/es\/wp-json\/wp\/v2\/types\/post"}],"author":[{"embeddable":true,"href":"https:\/\/elmetropolitano.com.gt\/es\/wp-json\/wp\/v2\/users\/1"}],"replies":[{"embeddable":true,"href":"https:\/\/elmetropolitano.com.gt\/es\/wp-json\/wp\/v2\/comments?post=69079"}],"version-history":[{"count":1,"href":"https:\/\/elmetropolitano.com.gt\/es\/wp-json\/wp\/v2\/posts\/69079\/revisions"}],"predecessor-version":[{"id":69081,"href":"https:\/\/elmetropolitano.com.gt\/es\/wp-json\/wp\/v2\/posts\/69079\/revisions\/69081"}],"wp:featuredmedia":[{"embeddable":true,"href":"https:\/\/elmetropolitano.com.gt\/es\/wp-json\/wp\/v2\/media\/69080"}],"wp:attachment":[{"href":"https:\/\/elmetropolitano.com.gt\/es\/wp-json\/wp\/v2\/media?parent=69079"}],"wp:term":[{"taxonomy":"category","embeddable":true,"href":"https:\/\/elmetropolitano.com.gt\/es\/wp-json\/wp\/v2\/categories?post=69079"},{"taxonomy":"post_tag","embeddable":true,"href":"https:\/\/elmetropolitano.com.gt\/es\/wp-json\/wp\/v2\/tags?post=69079"}],"curies":[{"name":"wp","href":"https:\/\/api.w.org\/{rel}","templated":true}]}}