{"id":69120,"date":"2023-07-10T15:22:42","date_gmt":"2023-07-10T21:22:42","guid":{"rendered":"https:\/\/elmetropolitano.com.gt\/es\/?p=69120"},"modified":"2023-07-10T15:23:17","modified_gmt":"2023-07-10T21:23:17","slug":"mp-presenta-solicitud-de-antejuicio-contra-diputado-lainfiesta-por-violencia-contra-la-mujer","status":"publish","type":"post","link":"https:\/\/elmetropolitano.com.gt\/es\/mp-presenta-solicitud-de-antejuicio-contra-diputado-lainfiesta-por-violencia-contra-la-mujer\/","title":{"rendered":"MP presenta solicitud de antejuicio contra diputado Lainfiesta por violencia contra la mujer"},"content":{"rendered":"\n<p>La Fiscal\u00eda de la Mujer del Ministerio P\u00fablico present\u00f3 este lunes una solicitud para la tramitaci\u00f3n de antejuicio en contra del Diputado al Congreso de la Rep\u00fablica por el departamento de Guatemala, Julio Francisco Lainfiesta Rimola por su posible responsabilidad en la comisi\u00f3n del delito de violencia contra la mujer en su manifestaci\u00f3n f\u00edsica en el \u00e1mbito privado.<\/p>\n\n\n\n<p>La solicitud del <a><\/a>retiro de antejuicio fue presentada en virtud de contar con elementos racionales para considerar la participaci\u00f3n del sindicado en los hechos denunciados, en los que se se\u00f1ala al Diputado Lainfiesta Rimola de ser el responsable de la posible comisi\u00f3n de dicho ilicito penal.<\/p><div class=\"elmet-contenido\" id=\"elmet-1069487856\"><div class=\"elmet-adlabel\">Anuncios<\/div><div style=\"margin-top: 20px;margin-right: 20px;margin-bottom: 20px;margin-left: 20px;\" id=\"elmet-1953018371\"><a href=\"https:\/\/www.facebook.com\/arrincuanantigua\/\" aria-label=\"cintillo-arrin-cual\"><img loading=\"lazy\" decoding=\"async\" src=\"https:\/\/elmetropolitano.com.gt\/es\/wp-content\/uploads\/2021\/11\/cintillo-arrin-cual-1.jpg\" alt=\"\"  srcset=\"https:\/\/elmetropolitano.com.gt\/es\/wp-content\/uploads\/2021\/11\/cintillo-arrin-cual-1.jpg 750w, https:\/\/elmetropolitano.com.gt\/es\/wp-content\/uploads\/2021\/11\/cintillo-arrin-cual-1-300x36.jpg 300w, https:\/\/elmetropolitano.com.gt\/es\/wp-content\/uploads\/2021\/11\/cintillo-arrin-cual-1-600x72.jpg 600w\" sizes=\"(max-width: 750px) 100vw, 750px\" width=\"750\" height=\"90\"   \/><\/a><\/div><\/div>\n\n\n\n<p>Por lo que, en cumplimiento a su mandato legal y constitucional, el Ministerio P\u00fablico, a trav\u00e9s de la Fiscal\u00eda de la Mujer realiz\u00f3 la solicitud ante el \u00f3rgano competente para poder iniciar las investigaciones respecto a la posible comisi\u00f3n de actos constitutivos de delito.<\/p>\n\n\n\n<p><a href=\"https:\/\/www.facebook.com\/hashtag\/metroredes?__eep__=6&amp;__cft__[0]=AZWwaVwcEqQp4t9xT3fSRxX0VsVQusInMC-fn05WUBDrtOvtcB5n0bM87wsB8chr9wvNUeqPdkLJkPRsbAm8k1RR5czIy4DMgQC-c4Wzq35wa5r9KD4mwIdqLVuzgA_lnoaBmOEE3o53rkpHBBS--EUFtHjOcjxy-KFitK-hlfiy_d9dEK-J74UiNazAhXipc9A&amp;__tn__=*NK-R\">#metroredes<\/a><a href=\"https:\/\/www.facebook.com\/hashtag\/mpgt?__eep__=6&amp;__cft__[0]=AZWwaVwcEqQp4t9xT3fSRxX0VsVQusInMC-fn05WUBDrtOvtcB5n0bM87wsB8chr9wvNUeqPdkLJkPRsbAm8k1RR5czIy4DMgQC-c4Wzq35wa5r9KD4mwIdqLVuzgA_lnoaBmOEE3o53rkpHBBS--EUFtHjOcjxy-KFitK-hlfiy_d9dEK-J74UiNazAhXipc9A&amp;__tn__=*NK-R\">#MPGT<\/a><\/p>\n\n\n\n<figure class=\"wp-block-gallery has-nested-images columns-default is-cropped wp-block-gallery-1 is-layout-flex wp-block-gallery-is-layout-flex\">\n<figure class=\"wp-block-image size-large\"><img loading=\"lazy\" decoding=\"async\" width=\"853\" height=\"854\" data-id=\"69122\" src=\"https:\/\/elmetropolitano.com.gt\/es\/wp-content\/uploads\/2023\/07\/359727076_739614774831275_5310262014257239579_n-1.jpg\" alt=\"\" class=\"wp-image-69122\" srcset=\"https:\/\/elmetropolitano.com.gt\/es\/wp-content\/uploads\/2023\/07\/359727076_739614774831275_5310262014257239579_n-1.jpg 853w, https:\/\/elmetropolitano.com.gt\/es\/wp-content\/uploads\/2023\/07\/359727076_739614774831275_5310262014257239579_n-1-300x300.jpg 300w, https:\/\/elmetropolitano.com.gt\/es\/wp-content\/uploads\/2023\/07\/359727076_739614774831275_5310262014257239579_n-1-150x150.jpg 150w, https:\/\/elmetropolitano.com.gt\/es\/wp-content\/uploads\/2023\/07\/359727076_739614774831275_5310262014257239579_n-1-768x769.jpg 768w, https:\/\/elmetropolitano.com.gt\/es\/wp-content\/uploads\/2023\/07\/359727076_739614774831275_5310262014257239579_n-1-600x601.jpg 600w, https:\/\/elmetropolitano.com.gt\/es\/wp-content\/uploads\/2023\/07\/359727076_739614774831275_5310262014257239579_n-1-100x100.jpg 100w\" sizes=\"auto, (max-width: 853px) 100vw, 853px\" \/><\/figure>\n<\/figure>\n","protected":false},"excerpt":{"rendered":"<p>La Fiscal\u00eda de la Mujer del Ministerio P\u00fablico present\u00f3 este lunes una solicitud para la tramitaci\u00f3n de antejuicio en contra del Diputado al Congreso de la Rep\u00fablica por el departamento de Guatemala, Julio Francisco Lainfiesta Rimola por su posible responsabilidad en la comisi\u00f3n del delito de violencia contra la mujer en su manifestaci\u00f3n f\u00edsica en <a class=\"read-more\" href=\"https:\/\/elmetropolitano.com.gt\/es\/mp-presenta-solicitud-de-antejuicio-contra-diputado-lainfiesta-por-violencia-contra-la-mujer\/\">Leer m\u00e1s<\/a><\/p>\n","protected":false},"author":1,"featured_media":69121,"comment_status":"open","ping_status":"closed","sticky":false,"template":"","format":"standard","meta":{"footnotes":""},"categories":[2],"tags":[12],"class_list":["post-69120","post","type-post","status-publish","format-standard","has-post-thumbnail","hentry","category-nacionales","tag-nacionales"],"_links":{"self":[{"href":"https:\/\/elmetropolitano.com.gt\/es\/wp-json\/wp\/v2\/posts\/69120","targetHints":{"allow":["GET"]}}],"collection":[{"href":"https:\/\/elmetropolitano.com.gt\/es\/wp-json\/wp\/v2\/posts"}],"about":[{"href":"https:\/\/elmetropolitano.com.gt\/es\/wp-json\/wp\/v2\/types\/post"}],"author":[{"embeddable":true,"href":"https:\/\/elmetropolitano.com.gt\/es\/wp-json\/wp\/v2\/users\/1"}],"replies":[{"embeddable":true,"href":"https:\/\/elmetropolitano.com.gt\/es\/wp-json\/wp\/v2\/comments?post=69120"}],"version-history":[{"count":1,"href":"https:\/\/elmetropolitano.com.gt\/es\/wp-json\/wp\/v2\/posts\/69120\/revisions"}],"predecessor-version":[{"id":69123,"href":"https:\/\/elmetropolitano.com.gt\/es\/wp-json\/wp\/v2\/posts\/69120\/revisions\/69123"}],"wp:featuredmedia":[{"embeddable":true,"href":"https:\/\/elmetropolitano.com.gt\/es\/wp-json\/wp\/v2\/media\/69121"}],"wp:attachment":[{"href":"https:\/\/elmetropolitano.com.gt\/es\/wp-json\/wp\/v2\/media?parent=69120"}],"wp:term":[{"taxonomy":"category","embeddable":true,"href":"https:\/\/elmetropolitano.com.gt\/es\/wp-json\/wp\/v2\/categories?post=69120"},{"taxonomy":"post_tag","embeddable":true,"href":"https:\/\/elmetropolitano.com.gt\/es\/wp-json\/wp\/v2\/tags?post=69120"}],"curies":[{"name":"wp","href":"https:\/\/api.w.org\/{rel}","templated":true}]}}