{"id":69192,"date":"2023-07-12T09:37:16","date_gmt":"2023-07-12T15:37:16","guid":{"rendered":"https:\/\/elmetropolitano.com.gt\/es\/?p=69192"},"modified":"2023-07-12T09:37:17","modified_gmt":"2023-07-12T15:37:17","slug":"cancelan-concierto-de-la-agrupacion-sin-banderas-por-las-lluvia","status":"publish","type":"post","link":"https:\/\/elmetropolitano.com.gt\/es\/cancelan-concierto-de-la-agrupacion-sin-banderas-por-las-lluvia\/","title":{"rendered":"Cancelan concierto de la agrupaci\u00f3n \u201cSin Banderas\u201d por las lluvia"},"content":{"rendered":"\n<p>El show musical de la agrupaci\u00f3n \u00abSin Bandera\u00bb a realizarse ma\u00f1ana se pospondr\u00e1 para el jueves 14 de septiembre del presente a\u00f1o seg\u00fan inform\u00f3 los organizadores y esto es debido por las fuertes lluvias que han afectado al Pa\u00eds<\/p>\n\n\n\n<p>\u201cEsta decisi\u00f3n se ha tomado en conjunto con la finalidad<\/p><div class=\"elmet-contenido\" id=\"elmet-3040187128\"><div class=\"elmet-adlabel\">Anuncios<\/div><div style=\"margin-top: 20px;margin-right: 20px;margin-bottom: 20px;margin-left: 20px;\" id=\"elmet-1431869070\"><a href=\"https:\/\/www.facebook.com\/arrincuanantigua\/\" aria-label=\"cintillo-arrin-cual\"><img loading=\"lazy\" decoding=\"async\" src=\"https:\/\/elmetropolitano.com.gt\/es\/wp-content\/uploads\/2021\/11\/cintillo-arrin-cual-1.jpg\" alt=\"\"  srcset=\"https:\/\/elmetropolitano.com.gt\/es\/wp-content\/uploads\/2021\/11\/cintillo-arrin-cual-1.jpg 750w, https:\/\/elmetropolitano.com.gt\/es\/wp-content\/uploads\/2021\/11\/cintillo-arrin-cual-1-300x36.jpg 300w, https:\/\/elmetropolitano.com.gt\/es\/wp-content\/uploads\/2021\/11\/cintillo-arrin-cual-1-600x72.jpg 600w\" sizes=\"(max-width: 750px) 100vw, 750px\" width=\"750\" height=\"90\"   \/><\/a><\/div><\/div>\n\n\n\n<p>de <a><\/a>brindarle al p\u00fablico guatemalteco una experiencia inolvidable\u201d expresan<\/p>\n\n\n\n<p>Team Backstage empresa que promocion\u00f3 el evento<\/p>\n\n\n\n<p>Los boletos ya adquiridos seguir\u00e1n siendo v\u00e1lidos para la pr\u00f3xima fecha.<\/p>\n\n\n\n<p>Lamentamos los inconvenientes de esta situaci\u00f3n y agradecemos por la compresi\u00f3n indican los organizadores<\/p>\n\n\n\n<p><a href=\"https:\/\/www.facebook.com\/hashtag\/sinbandera?__eep__=6&amp;__cft__[0]=AZXMHXfdl8lbxlXKElbmrqsd70RNrr5EedN2OIZVTJloI0fGgX_CrwyHXuBvPOuHXY0Tp1iE21D3v8sYz8acFLChQ4MoA4UA047WaU1ziFdT_qIaLmggr7cXtHNHmZKfkV5auMY2xXXLI8Xhbk-_it1MZhuJiVR49pRJA30IIRiMFoLbyd-ZiP3mAwLwphOEeSI&amp;__tn__=*NK-R\">#SinBandera<\/a><a href=\"https:\/\/www.facebook.com\/hashtag\/metroredes?__eep__=6&amp;__cft__[0]=AZXMHXfdl8lbxlXKElbmrqsd70RNrr5EedN2OIZVTJloI0fGgX_CrwyHXuBvPOuHXY0Tp1iE21D3v8sYz8acFLChQ4MoA4UA047WaU1ziFdT_qIaLmggr7cXtHNHmZKfkV5auMY2xXXLI8Xhbk-_it1MZhuJiVR49pRJA30IIRiMFoLbyd-ZiP3mAwLwphOEeSI&amp;__tn__=*NK-R\">#metroredes<\/a><a href=\"https:\/\/www.facebook.com\/hashtag\/teambackstage?__eep__=6&amp;__cft__[0]=AZXMHXfdl8lbxlXKElbmrqsd70RNrr5EedN2OIZVTJloI0fGgX_CrwyHXuBvPOuHXY0Tp1iE21D3v8sYz8acFLChQ4MoA4UA047WaU1ziFdT_qIaLmggr7cXtHNHmZKfkV5auMY2xXXLI8Xhbk-_it1MZhuJiVR49pRJA30IIRiMFoLbyd-ZiP3mAwLwphOEeSI&amp;__tn__=*NK-R\">#TeamBackstage<\/a>.<\/p>\n\n\n\n<p><\/p>\n","protected":false},"excerpt":{"rendered":"<p>El show musical de la agrupaci\u00f3n \u00abSin Bandera\u00bb a realizarse ma\u00f1ana se pospondr\u00e1 para el jueves 14 de septiembre del presente a\u00f1o seg\u00fan inform\u00f3 los organizadores y esto es debido por las fuertes lluvias que han afectado al Pa\u00eds \u201cEsta decisi\u00f3n se ha tomado en conjunto con la finalidad de brindarle al p\u00fablico guatemalteco una <a class=\"read-more\" href=\"https:\/\/elmetropolitano.com.gt\/es\/cancelan-concierto-de-la-agrupacion-sin-banderas-por-las-lluvia\/\">Leer m\u00e1s<\/a><\/p>\n","protected":false},"author":1,"featured_media":69193,"comment_status":"open","ping_status":"closed","sticky":false,"template":"","format":"standard","meta":{"footnotes":""},"categories":[22],"tags":[18],"class_list":["post-69192","post","type-post","status-publish","format-standard","has-post-thumbnail","hentry","category-espectaculos","tag-espectaculos"],"_links":{"self":[{"href":"https:\/\/elmetropolitano.com.gt\/es\/wp-json\/wp\/v2\/posts\/69192","targetHints":{"allow":["GET"]}}],"collection":[{"href":"https:\/\/elmetropolitano.com.gt\/es\/wp-json\/wp\/v2\/posts"}],"about":[{"href":"https:\/\/elmetropolitano.com.gt\/es\/wp-json\/wp\/v2\/types\/post"}],"author":[{"embeddable":true,"href":"https:\/\/elmetropolitano.com.gt\/es\/wp-json\/wp\/v2\/users\/1"}],"replies":[{"embeddable":true,"href":"https:\/\/elmetropolitano.com.gt\/es\/wp-json\/wp\/v2\/comments?post=69192"}],"version-history":[{"count":1,"href":"https:\/\/elmetropolitano.com.gt\/es\/wp-json\/wp\/v2\/posts\/69192\/revisions"}],"predecessor-version":[{"id":69194,"href":"https:\/\/elmetropolitano.com.gt\/es\/wp-json\/wp\/v2\/posts\/69192\/revisions\/69194"}],"wp:featuredmedia":[{"embeddable":true,"href":"https:\/\/elmetropolitano.com.gt\/es\/wp-json\/wp\/v2\/media\/69193"}],"wp:attachment":[{"href":"https:\/\/elmetropolitano.com.gt\/es\/wp-json\/wp\/v2\/media?parent=69192"}],"wp:term":[{"taxonomy":"category","embeddable":true,"href":"https:\/\/elmetropolitano.com.gt\/es\/wp-json\/wp\/v2\/categories?post=69192"},{"taxonomy":"post_tag","embeddable":true,"href":"https:\/\/elmetropolitano.com.gt\/es\/wp-json\/wp\/v2\/tags?post=69192"}],"curies":[{"name":"wp","href":"https:\/\/api.w.org\/{rel}","templated":true}]}}