{"id":69286,"date":"2023-07-13T09:06:17","date_gmt":"2023-07-13T15:06:17","guid":{"rendered":"https:\/\/elmetropolitano.com.gt\/es\/?p=69286"},"modified":"2023-07-13T09:06:18","modified_gmt":"2023-07-13T15:06:18","slug":"observadores-de-la-union-europea-ven-amenaza-a-la-democracia-con-acciones-del-mp-a-semilla","status":"publish","type":"post","link":"https:\/\/elmetropolitano.com.gt\/es\/observadores-de-la-union-europea-ven-amenaza-a-la-democracia-con-acciones-del-mp-a-semilla\/","title":{"rendered":"Observadores de la Union Europea ven \u201camenaza a la democracia\u201d con acciones del MP a Semilla"},"content":{"rendered":"\n<p>La misi\u00f3n de observaci\u00f3n electoral de la Uni\u00f3n Europea MOE UE a expresado la ma\u00f1ana de este jueves por medio de un comunicado que la decisi\u00f3n de cancelar la personalidad jur\u00eddica de Semilla es una \u201camenaza a la democracia\u201d y exige el cese de la judicializaci\u00f3n de las elecciones<\/p>\n\n\n\n<p>Esto expresa el comunicado:<\/p><div class=\"elmet-contenido\" id=\"elmet-1881555564\"><div class=\"elmet-adlabel\">Anuncios<\/div><div style=\"margin-top: 20px;margin-right: 20px;margin-bottom: 20px;margin-left: 20px;\" id=\"elmet-843110468\"><a href=\"https:\/\/www.facebook.com\/arrincuanantigua\/\" aria-label=\"cintillo-arrin-cual\"><img loading=\"lazy\" decoding=\"async\" src=\"https:\/\/elmetropolitano.com.gt\/es\/wp-content\/uploads\/2021\/11\/cintillo-arrin-cual-1.jpg\" alt=\"\"  srcset=\"https:\/\/elmetropolitano.com.gt\/es\/wp-content\/uploads\/2021\/11\/cintillo-arrin-cual-1.jpg 750w, https:\/\/elmetropolitano.com.gt\/es\/wp-content\/uploads\/2021\/11\/cintillo-arrin-cual-1-300x36.jpg 300w, https:\/\/elmetropolitano.com.gt\/es\/wp-content\/uploads\/2021\/11\/cintillo-arrin-cual-1-600x72.jpg 600w\" sizes=\"(max-width: 750px) 100vw, 750px\" width=\"750\" height=\"90\"   \/><\/a><\/div><\/div>\n\n\n\n<p>Se <a><\/a>congratula de que el Tribunal Supremo Electoral haya oficializado los resultados de las elecciones generales del 25 de junio, que en la elecci\u00f3n presidencial tendr\u00e1 a Sandra Torres (Unidad Nacional de la Esperanza &#8211; UNE) y Bernardo Ar\u00e9valo (Movimiento Semilla) como los candidatos a la<\/p>\n\n\n\n<p>segunda vuelta.<\/p>\n\n\n\n<p>Advierte de que la iniciativa del Juzgado S\u00e9ptimo de Instancia Penal, promovida por la Fiscal\u00eda Especial contra la Impunidad (FECI), de suspender provisionalmente la personalidad jur\u00eddica del Movimiento<\/p>\n\n\n\n<p>Semilla en pleno proceso electoral, amenaza a uno de los cimientos b\u00e1sicos de la democracia: el respeto de la voluntad popular expresada en las urnas.<\/p>\n\n\n\n<p>Exhorta al cese de la judicializaci\u00f3n de las elecciones con maniobras que tienen un dudoso encaje legal en el ordenamiento jur\u00eddico guatemalteco, y a que los poderes p\u00fablicos garanticen el libre ejercicio del voto, sin cortapisas de ning\u00fan tipo, en las elecciones del 20 de agosto, con los candidatos que los ciudadanos han querido que pasen a la segunda<\/p>\n\n\n\n<p><a href=\"https:\/\/www.facebook.com\/hashtag\/eleccionesgt2023?__eep__=6&amp;__cft__[0]=AZXKGFzme3sy5eno5piwDKg2ZQ3RMhekfGw8wr47aLIXW5U2s9jGrWaiyd9rJy_WHU8a57Lt7Vyh3UhaBbLpNaOUb0sUZqgsqGSI-zV7kn4eitqRrMe6L8NGDdEo9VJhwgBohdJYOojRtf8KIyAAn-C7hjSibjoGf-CrddXj4gEc42wl-0iB8C6nS_U1MpHnBAw&amp;__tn__=*NK-R\">#EleccionesGT2023<\/a><a href=\"https:\/\/www.facebook.com\/hashtag\/noalfraude?__eep__=6&amp;__cft__[0]=AZXKGFzme3sy5eno5piwDKg2ZQ3RMhekfGw8wr47aLIXW5U2s9jGrWaiyd9rJy_WHU8a57Lt7Vyh3UhaBbLpNaOUb0sUZqgsqGSI-zV7kn4eitqRrMe6L8NGDdEo9VJhwgBohdJYOojRtf8KIyAAn-C7hjSibjoGf-CrddXj4gEc42wl-0iB8C6nS_U1MpHnBAw&amp;__tn__=*NK-R\">#NoAlFraude<\/a><a href=\"https:\/\/www.facebook.com\/hashtag\/yovoro?__eep__=6&amp;__cft__[0]=AZXKGFzme3sy5eno5piwDKg2ZQ3RMhekfGw8wr47aLIXW5U2s9jGrWaiyd9rJy_WHU8a57Lt7Vyh3UhaBbLpNaOUb0sUZqgsqGSI-zV7kn4eitqRrMe6L8NGDdEo9VJhwgBohdJYOojRtf8KIyAAn-C7hjSibjoGf-CrddXj4gEc42wl-0iB8C6nS_U1MpHnBAw&amp;__tn__=*NK-R\">#YoVoro<\/a><a href=\"https:\/\/www.facebook.com\/hashtag\/partidosemilla?__eep__=6&amp;__cft__[0]=AZXKGFzme3sy5eno5piwDKg2ZQ3RMhekfGw8wr47aLIXW5U2s9jGrWaiyd9rJy_WHU8a57Lt7Vyh3UhaBbLpNaOUb0sUZqgsqGSI-zV7kn4eitqRrMe6L8NGDdEo9VJhwgBohdJYOojRtf8KIyAAn-C7hjSibjoGf-CrddXj4gEc42wl-0iB8C6nS_U1MpHnBAw&amp;__tn__=*NK-R\">#partidosemilla<\/a><\/p>\n\n\n\n<figure class=\"wp-block-gallery has-nested-images columns-default is-cropped wp-block-gallery-1 is-layout-flex wp-block-gallery-is-layout-flex\">\n<figure class=\"wp-block-image size-large\"><img loading=\"lazy\" decoding=\"async\" width=\"885\" height=\"1024\" data-id=\"69288\" src=\"https:\/\/elmetropolitano.com.gt\/es\/wp-content\/uploads\/2023\/07\/359733884_741326497993436_2725659430217383282_n-1-885x1024.jpg\" alt=\"\" class=\"wp-image-69288\" srcset=\"https:\/\/elmetropolitano.com.gt\/es\/wp-content\/uploads\/2023\/07\/359733884_741326497993436_2725659430217383282_n-1-885x1024.jpg 885w, https:\/\/elmetropolitano.com.gt\/es\/wp-content\/uploads\/2023\/07\/359733884_741326497993436_2725659430217383282_n-1-259x300.jpg 259w, https:\/\/elmetropolitano.com.gt\/es\/wp-content\/uploads\/2023\/07\/359733884_741326497993436_2725659430217383282_n-1-768x889.jpg 768w, https:\/\/elmetropolitano.com.gt\/es\/wp-content\/uploads\/2023\/07\/359733884_741326497993436_2725659430217383282_n-1-1327x1536.jpg 1327w, https:\/\/elmetropolitano.com.gt\/es\/wp-content\/uploads\/2023\/07\/359733884_741326497993436_2725659430217383282_n-1-600x695.jpg 600w, https:\/\/elmetropolitano.com.gt\/es\/wp-content\/uploads\/2023\/07\/359733884_741326497993436_2725659430217383282_n-1.jpg 1769w\" sizes=\"auto, (max-width: 885px) 100vw, 885px\" \/><\/figure>\n<\/figure>\n","protected":false},"excerpt":{"rendered":"<p>La misi\u00f3n de observaci\u00f3n electoral de la Uni\u00f3n Europea MOE UE a expresado la ma\u00f1ana de este jueves por medio de un comunicado que la decisi\u00f3n de cancelar la personalidad jur\u00eddica de Semilla es una \u201camenaza a la democracia\u201d y exige el cese de la judicializaci\u00f3n de las elecciones Esto expresa el comunicado: Se congratula <a class=\"read-more\" href=\"https:\/\/elmetropolitano.com.gt\/es\/observadores-de-la-union-europea-ven-amenaza-a-la-democracia-con-acciones-del-mp-a-semilla\/\">Leer m\u00e1s<\/a><\/p>\n","protected":false},"author":1,"featured_media":69287,"comment_status":"open","ping_status":"closed","sticky":false,"template":"","format":"standard","meta":{"footnotes":""},"categories":[2],"tags":[12],"class_list":["post-69286","post","type-post","status-publish","format-standard","has-post-thumbnail","hentry","category-nacionales","tag-nacionales"],"_links":{"self":[{"href":"https:\/\/elmetropolitano.com.gt\/es\/wp-json\/wp\/v2\/posts\/69286","targetHints":{"allow":["GET"]}}],"collection":[{"href":"https:\/\/elmetropolitano.com.gt\/es\/wp-json\/wp\/v2\/posts"}],"about":[{"href":"https:\/\/elmetropolitano.com.gt\/es\/wp-json\/wp\/v2\/types\/post"}],"author":[{"embeddable":true,"href":"https:\/\/elmetropolitano.com.gt\/es\/wp-json\/wp\/v2\/users\/1"}],"replies":[{"embeddable":true,"href":"https:\/\/elmetropolitano.com.gt\/es\/wp-json\/wp\/v2\/comments?post=69286"}],"version-history":[{"count":1,"href":"https:\/\/elmetropolitano.com.gt\/es\/wp-json\/wp\/v2\/posts\/69286\/revisions"}],"predecessor-version":[{"id":69289,"href":"https:\/\/elmetropolitano.com.gt\/es\/wp-json\/wp\/v2\/posts\/69286\/revisions\/69289"}],"wp:featuredmedia":[{"embeddable":true,"href":"https:\/\/elmetropolitano.com.gt\/es\/wp-json\/wp\/v2\/media\/69287"}],"wp:attachment":[{"href":"https:\/\/elmetropolitano.com.gt\/es\/wp-json\/wp\/v2\/media?parent=69286"}],"wp:term":[{"taxonomy":"category","embeddable":true,"href":"https:\/\/elmetropolitano.com.gt\/es\/wp-json\/wp\/v2\/categories?post=69286"},{"taxonomy":"post_tag","embeddable":true,"href":"https:\/\/elmetropolitano.com.gt\/es\/wp-json\/wp\/v2\/tags?post=69286"}],"curies":[{"name":"wp","href":"https:\/\/api.w.org\/{rel}","templated":true}]}}