{"id":69296,"date":"2023-07-13T10:47:16","date_gmt":"2023-07-13T16:47:16","guid":{"rendered":"https:\/\/elmetropolitano.com.gt\/es\/?p=69296"},"modified":"2023-07-13T11:57:36","modified_gmt":"2023-07-13T17:57:36","slug":"semilla-presentara-denuncia-contra-fiscal-corrupto-de-la-feci","status":"publish","type":"post","link":"https:\/\/elmetropolitano.com.gt\/es\/semilla-presentara-denuncia-contra-fiscal-corrupto-de-la-feci\/","title":{"rendered":"Semilla presentar\u00e1 denuncia contra \u00abfiscal corrupto de la FECI\u00bb"},"content":{"rendered":"\n<p>Por prevaricato y otra serie de abusos cometidos contra el Movimiento Semilla, ser\u00e1 la denuncia que esta agrupaci\u00f3n presentar\u00e1 contra el \u201cfiscal corrupto de la FECI\u201d, refiri\u00e9ndose a Rafael Curruchiche, seg\u00fan lo expres\u00f3 Bernardo Ar\u00e9valo, presidenciable de este partido en una conferencia de prensa.<\/p>\n\n\n\n<p>Ar\u00e9valo se\u00f1al\u00f3 que el partido tambi\u00e9n present\u00f3 un amparo preventivo ante la Corte de Constitucionalidad, CC, de quienes esperan defiendan el proceso electoral y el sagrado voto de la poblaci\u00f3n.<\/p><div class=\"elmet-contenido\" id=\"elmet-1589150143\"><div class=\"elmet-adlabel\">Anuncios<\/div><div style=\"margin-top: 20px;margin-right: 20px;margin-bottom: 20px;margin-left: 20px;\" id=\"elmet-2885221204\"><a href=\"https:\/\/www.facebook.com\/arrincuanantigua\/\" aria-label=\"cintillo-arrin-cual\"><img loading=\"lazy\" decoding=\"async\" src=\"https:\/\/elmetropolitano.com.gt\/es\/wp-content\/uploads\/2021\/11\/cintillo-arrin-cual-1.jpg\" alt=\"\"  srcset=\"https:\/\/elmetropolitano.com.gt\/es\/wp-content\/uploads\/2021\/11\/cintillo-arrin-cual-1.jpg 750w, https:\/\/elmetropolitano.com.gt\/es\/wp-content\/uploads\/2021\/11\/cintillo-arrin-cual-1-300x36.jpg 300w, https:\/\/elmetropolitano.com.gt\/es\/wp-content\/uploads\/2021\/11\/cintillo-arrin-cual-1-600x72.jpg 600w\" sizes=\"(max-width: 750px) 100vw, 750px\" width=\"750\" height=\"90\"   \/><\/a><\/div><\/div>\n\n\n\n<p>A\u00f1adi\u00f3 un agradecimiento a todos los sectores que se han manifestado de manera clara y patri\u00f3tica en contra de la manipulaci\u00f3n de la minor\u00eda corrupta que busca violar el orden constitucional del pa\u00eds.<\/p>\n\n\n\n<p>La denuncia contra el fiscal de la FECI ser\u00e1 presentada hoy a las 16:30 y se llevar\u00e1 a cabo una actividad pac\u00edfica, para defender lo expresado por las urnas en la primera vuelta y que nos coloc\u00f3 en el segundo lugar para disputar la segunda vuelta el 20 de agosto.<\/p>\n\n\n\n<p>Ar\u00e9valo se\u00f1al\u00f3 que el TSE ha actuado gallardamente defendiendo el proceso electoral, la soberana voluntad de los guatemaltecos y contra viento y marea dio seguimiento a la segunda vuelta electoral entre los partidos UNE y Movimiento Semilla.<\/p>\n\n\n\n<p>Expres\u00f3 que el TSE abri\u00f3 la puerta a la segunda vuelta electoral no aceptando ordenes ilegales e inconstitucionales, lo mismo que se espera de la CC que resuelva apegado al derecho y denegando el intento de acallar la voz del pueblo de Guatemala.<\/p>\n\n\n\n<p>Mientras se llevaba a cabo la conferencia de prensa, la fiscal Cintia Monterroso y cuatro hombres con gorros pasamonta\u00f1a, pese a que la seguridad del TSE les dijo que no pod\u00edan entrar armados irrumpieron en las instalaciones de este tribunal a revisar expedientes de las organizaciones pol\u00edticas.<\/p>\n\n\n\n<p>#metroredes<\/p>\n\n\n\n<p><\/p>\n","protected":false},"excerpt":{"rendered":"<p>Por prevaricato y otra serie de abusos cometidos contra el Movimiento Semilla, ser\u00e1 la denuncia que esta agrupaci\u00f3n presentar\u00e1 contra el \u201cfiscal corrupto de la FECI\u201d, refiri\u00e9ndose a Rafael Curruchiche, seg\u00fan lo expres\u00f3 Bernardo Ar\u00e9valo, presidenciable de este partido en una conferencia de prensa. Ar\u00e9valo se\u00f1al\u00f3 que el partido tambi\u00e9n present\u00f3 un amparo preventivo ante <a class=\"read-more\" href=\"https:\/\/elmetropolitano.com.gt\/es\/semilla-presentara-denuncia-contra-fiscal-corrupto-de-la-feci\/\">Leer m\u00e1s<\/a><\/p>\n","protected":false},"author":1,"featured_media":69300,"comment_status":"open","ping_status":"closed","sticky":false,"template":"","format":"standard","meta":{"footnotes":""},"categories":[2],"tags":[12],"class_list":["post-69296","post","type-post","status-publish","format-standard","has-post-thumbnail","hentry","category-nacionales","tag-nacionales"],"_links":{"self":[{"href":"https:\/\/elmetropolitano.com.gt\/es\/wp-json\/wp\/v2\/posts\/69296","targetHints":{"allow":["GET"]}}],"collection":[{"href":"https:\/\/elmetropolitano.com.gt\/es\/wp-json\/wp\/v2\/posts"}],"about":[{"href":"https:\/\/elmetropolitano.com.gt\/es\/wp-json\/wp\/v2\/types\/post"}],"author":[{"embeddable":true,"href":"https:\/\/elmetropolitano.com.gt\/es\/wp-json\/wp\/v2\/users\/1"}],"replies":[{"embeddable":true,"href":"https:\/\/elmetropolitano.com.gt\/es\/wp-json\/wp\/v2\/comments?post=69296"}],"version-history":[{"count":2,"href":"https:\/\/elmetropolitano.com.gt\/es\/wp-json\/wp\/v2\/posts\/69296\/revisions"}],"predecessor-version":[{"id":69299,"href":"https:\/\/elmetropolitano.com.gt\/es\/wp-json\/wp\/v2\/posts\/69296\/revisions\/69299"}],"wp:featuredmedia":[{"embeddable":true,"href":"https:\/\/elmetropolitano.com.gt\/es\/wp-json\/wp\/v2\/media\/69300"}],"wp:attachment":[{"href":"https:\/\/elmetropolitano.com.gt\/es\/wp-json\/wp\/v2\/media?parent=69296"}],"wp:term":[{"taxonomy":"category","embeddable":true,"href":"https:\/\/elmetropolitano.com.gt\/es\/wp-json\/wp\/v2\/categories?post=69296"},{"taxonomy":"post_tag","embeddable":true,"href":"https:\/\/elmetropolitano.com.gt\/es\/wp-json\/wp\/v2\/tags?post=69296"}],"curies":[{"name":"wp","href":"https:\/\/api.w.org\/{rel}","templated":true}]}}