{"id":69301,"date":"2023-07-13T12:21:16","date_gmt":"2023-07-13T18:21:16","guid":{"rendered":"https:\/\/elmetropolitano.com.gt\/es\/?p=69301"},"modified":"2023-07-13T13:18:09","modified_gmt":"2023-07-13T19:18:09","slug":"tse-mantiene-firme-su-postura-de-la-segunda-vuelta-entre-sandra-torres-y-bernardo-arevalo","status":"publish","type":"post","link":"https:\/\/elmetropolitano.com.gt\/es\/tse-mantiene-firme-su-postura-de-la-segunda-vuelta-entre-sandra-torres-y-bernardo-arevalo\/","title":{"rendered":"TSE mantiene firme su postura de la segunda vuelta entre Sandra Torres y Bernardo Ar\u00e9valo"},"content":{"rendered":"\n<p>El Tribunal Supremo Electoral, ante las \u00faltimas acciones realizadas por el Ministerio P\u00fablico y el Juzgado S\u00e9ptimo de Instancia Penal, y en su condici\u00f3n de m\u00e1xima autoridad en materia electoral de la Rep\u00fablica de Guatemala y con pleno apego al principio de legalidad, ha declarado la validez de las elecciones para presidente y vicepresidente, realizadas el pasado 25 de junio y contin\u00faa con los preparativos para la segunda vuelta entre Sandra Torres y Bernardo Ar\u00e9valo.<\/p>\n\n\n\n<p>Lo anterior fue dado conocer en un comunicado en el que expresan que respetan la voluntad ciudadana expresada en las urnas y afirman continuar con los preparativos para la segunda vuelta a realizarse el 20 de agosto entre las dos planillas que alcanzaron el mayor n\u00famero de votos, Unidad Nacional de la Esperanza UNE y Movimiento Semilla.<\/p><div class=\"elmet-contenido\" id=\"elmet-1262259121\"><div class=\"elmet-adlabel\">Anuncios<\/div><div style=\"margin-top: 20px;margin-right: 20px;margin-bottom: 20px;margin-left: 20px;\" id=\"elmet-603659837\"><a href=\"https:\/\/www.facebook.com\/arrincuanantigua\/\" aria-label=\"cintillo-arrin-cual\"><img loading=\"lazy\" decoding=\"async\" src=\"https:\/\/elmetropolitano.com.gt\/es\/wp-content\/uploads\/2021\/11\/cintillo-arrin-cual-1.jpg\" alt=\"\"  srcset=\"https:\/\/elmetropolitano.com.gt\/es\/wp-content\/uploads\/2021\/11\/cintillo-arrin-cual-1.jpg 750w, https:\/\/elmetropolitano.com.gt\/es\/wp-content\/uploads\/2021\/11\/cintillo-arrin-cual-1-300x36.jpg 300w, https:\/\/elmetropolitano.com.gt\/es\/wp-content\/uploads\/2021\/11\/cintillo-arrin-cual-1-600x72.jpg 600w\" sizes=\"(max-width: 750px) 100vw, 750px\" width=\"750\" height=\"90\"   \/><\/a><\/div><\/div>\n\n\n\n<p>A\u00f1aden que con convicci\u00f3n democr\u00e1tica y como \u00f3rgano independiente, el TSE reafirma su compromiso inquebrantable de garantizar y defender el voto como derecho y un deber c\u00edvico inherente a la ciudadan\u00eda, ya que sin respeto no hay democracia.<\/p>\n\n\n\n<p>Los magistrados del TSE se\u00f1alan que, ante cualquier intento de interferir el proceso electoral mediante la judializaci\u00f3n o cualquier otra v\u00eda, este tribunal se asistir\u00e1 de la vigencia plena del sistema de gobierno democr\u00e1tico reconocido por la Constituci\u00f3n Pol\u00edtica de la Rep\u00fablica de Guatemala.<\/p>\n\n\n\n<p>Agregan que en cuanto a la conformaci\u00f3n, funcionamiento y existencia de los partidos pol\u00edticos legalmente constituidos y reconocidos, el TSE recuera que la \u00fanica norma aplicable en la materia, es la Ley Electoral y de Partidos Pol\u00edticos, que tiene rango constitucional.<\/p>\n\n\n\n<p>El TSE hace un llamado a todas las instituciones del Estado, las organizaciones pol\u00edticas y la sociedad civil en general a garantizar el desarrollo de los comicios, el derecho al voto libre y el respeto a la voluntad soberana de la ciudadan\u00eda ya que las elecciones se ganan o se pierden en las urnas y convoca a la ciudadan\u00eda a participar activamente y con civismo en la segunda elecci\u00f3n presidencial el 20 de agosto.<\/p>\n\n\n\n<p>#metroredes<\/p>\n\n\n\n<figure class=\"wp-block-gallery has-nested-images columns-default is-cropped wp-block-gallery-1 is-layout-flex wp-block-gallery-is-layout-flex\">\n<figure class=\"wp-block-image size-large\"><img loading=\"lazy\" decoding=\"async\" width=\"792\" height=\"1024\" data-id=\"69305\" src=\"https:\/\/elmetropolitano.com.gt\/es\/wp-content\/uploads\/2023\/07\/F07vwZkWIA8767n-2-792x1024.jpg\" alt=\"\" class=\"wp-image-69305\" srcset=\"https:\/\/elmetropolitano.com.gt\/es\/wp-content\/uploads\/2023\/07\/F07vwZkWIA8767n-2-792x1024.jpg 792w, https:\/\/elmetropolitano.com.gt\/es\/wp-content\/uploads\/2023\/07\/F07vwZkWIA8767n-2-232x300.jpg 232w, https:\/\/elmetropolitano.com.gt\/es\/wp-content\/uploads\/2023\/07\/F07vwZkWIA8767n-2-768x993.jpg 768w, https:\/\/elmetropolitano.com.gt\/es\/wp-content\/uploads\/2023\/07\/F07vwZkWIA8767n-2-600x776.jpg 600w, https:\/\/elmetropolitano.com.gt\/es\/wp-content\/uploads\/2023\/07\/F07vwZkWIA8767n-2.jpg 1080w\" sizes=\"auto, (max-width: 792px) 100vw, 792px\" \/><\/figure>\n\n\n\n<figure class=\"wp-block-image size-large\"><img loading=\"lazy\" decoding=\"async\" width=\"1024\" height=\"1024\" data-id=\"69306\" src=\"https:\/\/elmetropolitano.com.gt\/es\/wp-content\/uploads\/2023\/07\/F044B7zWYAAC6J2-1024x1024.jpg\" alt=\"\" class=\"wp-image-69306\" srcset=\"https:\/\/elmetropolitano.com.gt\/es\/wp-content\/uploads\/2023\/07\/F044B7zWYAAC6J2-1024x1024.jpg 1024w, https:\/\/elmetropolitano.com.gt\/es\/wp-content\/uploads\/2023\/07\/F044B7zWYAAC6J2-300x300.jpg 300w, https:\/\/elmetropolitano.com.gt\/es\/wp-content\/uploads\/2023\/07\/F044B7zWYAAC6J2-150x150.jpg 150w, https:\/\/elmetropolitano.com.gt\/es\/wp-content\/uploads\/2023\/07\/F044B7zWYAAC6J2-768x768.jpg 768w, https:\/\/elmetropolitano.com.gt\/es\/wp-content\/uploads\/2023\/07\/F044B7zWYAAC6J2-1536x1536.jpg 1536w, https:\/\/elmetropolitano.com.gt\/es\/wp-content\/uploads\/2023\/07\/F044B7zWYAAC6J2-600x600.jpg 600w, https:\/\/elmetropolitano.com.gt\/es\/wp-content\/uploads\/2023\/07\/F044B7zWYAAC6J2-100x100.jpg 100w, https:\/\/elmetropolitano.com.gt\/es\/wp-content\/uploads\/2023\/07\/F044B7zWYAAC6J2.jpg 1600w\" sizes=\"auto, (max-width: 1024px) 100vw, 1024px\" \/><\/figure>\n<\/figure>\n","protected":false},"excerpt":{"rendered":"<p>El Tribunal Supremo Electoral, ante las \u00faltimas acciones realizadas por el Ministerio P\u00fablico y el Juzgado S\u00e9ptimo de Instancia Penal, y en su condici\u00f3n de m\u00e1xima autoridad en materia electoral de la Rep\u00fablica de Guatemala y con pleno apego al principio de legalidad, ha declarado la validez de las elecciones para presidente y vicepresidente, realizadas <a class=\"read-more\" href=\"https:\/\/elmetropolitano.com.gt\/es\/tse-mantiene-firme-su-postura-de-la-segunda-vuelta-entre-sandra-torres-y-bernardo-arevalo\/\">Leer m\u00e1s<\/a><\/p>\n","protected":false},"author":1,"featured_media":69302,"comment_status":"open","ping_status":"closed","sticky":false,"template":"","format":"standard","meta":{"footnotes":""},"categories":[2],"tags":[12],"class_list":["post-69301","post","type-post","status-publish","format-standard","has-post-thumbnail","hentry","category-nacionales","tag-nacionales"],"_links":{"self":[{"href":"https:\/\/elmetropolitano.com.gt\/es\/wp-json\/wp\/v2\/posts\/69301","targetHints":{"allow":["GET"]}}],"collection":[{"href":"https:\/\/elmetropolitano.com.gt\/es\/wp-json\/wp\/v2\/posts"}],"about":[{"href":"https:\/\/elmetropolitano.com.gt\/es\/wp-json\/wp\/v2\/types\/post"}],"author":[{"embeddable":true,"href":"https:\/\/elmetropolitano.com.gt\/es\/wp-json\/wp\/v2\/users\/1"}],"replies":[{"embeddable":true,"href":"https:\/\/elmetropolitano.com.gt\/es\/wp-json\/wp\/v2\/comments?post=69301"}],"version-history":[{"count":2,"href":"https:\/\/elmetropolitano.com.gt\/es\/wp-json\/wp\/v2\/posts\/69301\/revisions"}],"predecessor-version":[{"id":69307,"href":"https:\/\/elmetropolitano.com.gt\/es\/wp-json\/wp\/v2\/posts\/69301\/revisions\/69307"}],"wp:featuredmedia":[{"embeddable":true,"href":"https:\/\/elmetropolitano.com.gt\/es\/wp-json\/wp\/v2\/media\/69302"}],"wp:attachment":[{"href":"https:\/\/elmetropolitano.com.gt\/es\/wp-json\/wp\/v2\/media?parent=69301"}],"wp:term":[{"taxonomy":"category","embeddable":true,"href":"https:\/\/elmetropolitano.com.gt\/es\/wp-json\/wp\/v2\/categories?post=69301"},{"taxonomy":"post_tag","embeddable":true,"href":"https:\/\/elmetropolitano.com.gt\/es\/wp-json\/wp\/v2\/tags?post=69301"}],"curies":[{"name":"wp","href":"https:\/\/api.w.org\/{rel}","templated":true}]}}