{"id":69308,"date":"2023-07-13T13:21:32","date_gmt":"2023-07-13T19:21:32","guid":{"rendered":"https:\/\/elmetropolitano.com.gt\/es\/?p=69308"},"modified":"2023-07-13T13:21:33","modified_gmt":"2023-07-13T19:21:33","slug":"los-48-cantones-de-totonicapan-en-asamblea-permanente-y-llaman-a-paro-nacional","status":"publish","type":"post","link":"https:\/\/elmetropolitano.com.gt\/es\/los-48-cantones-de-totonicapan-en-asamblea-permanente-y-llaman-a-paro-nacional\/","title":{"rendered":"Los 48 cantones de Totonicap\u00e1n en Asamblea Permanente y llaman a paro nacional"},"content":{"rendered":"\n<p>El Concejo de Autoridades de los 48 Cantones de Totonicap\u00e1n, llaman por medio de un pronunciamiento p\u00fablico a un Paro Nacional ante las pretende Chi es de cancelar al Parrillo Semilla y piden la destituci\u00f3n de la fiscal general Consuelo Porras y el fiscal contra la impunidad Rafael Curruchiche.<\/p>\n\n\n\n<p>As\u00ed lo expresan:<\/p><div class=\"elmet-contenido\" id=\"elmet-1880571450\"><div class=\"elmet-adlabel\">Anuncios<\/div><div style=\"margin-top: 20px;margin-right: 20px;margin-bottom: 20px;margin-left: 20px;\" id=\"elmet-3943472681\"><a href=\"https:\/\/www.facebook.com\/arrincuanantigua\/\" aria-label=\"cintillo-arrin-cual\"><img loading=\"lazy\" decoding=\"async\" src=\"https:\/\/elmetropolitano.com.gt\/es\/wp-content\/uploads\/2021\/11\/cintillo-arrin-cual-1.jpg\" alt=\"\"  srcset=\"https:\/\/elmetropolitano.com.gt\/es\/wp-content\/uploads\/2021\/11\/cintillo-arrin-cual-1.jpg 750w, https:\/\/elmetropolitano.com.gt\/es\/wp-content\/uploads\/2021\/11\/cintillo-arrin-cual-1-300x36.jpg 300w, https:\/\/elmetropolitano.com.gt\/es\/wp-content\/uploads\/2021\/11\/cintillo-arrin-cual-1-600x72.jpg 600w\" sizes=\"(max-width: 750px) 100vw, 750px\" width=\"750\" height=\"90\"   \/><\/a><\/div><\/div>\n\n\n\n<p>EL <a><\/a>CONCEJO DE AUTORDADES DE LOS 48 CANTONES DE TOTONICAP\u00c1N<\/p>\n\n\n\n<p>MANIFESTAMOS<\/p>\n\n\n\n<p>Al pueblo de Totonicap\u00e1n, al pueblo de Guatemala y a la comunidad Internacional, como organizaci\u00f3n de los 48 cantones, y m\u00e1xima expresi\u00f3n del poder popular expresamos nuestra preocupaci\u00f3n ante las acciones arbitrarias que est\u00e1 promoviendo el estado de Guatemala por medio de la corte de constitucionalidad y ahora con las acciones del MINISTERIO PUBLICO a trav\u00e9s de la Fiscal\u00eda Especial contra la \u00abImpunidad\u00bb dirigida por el fiscal Rafael Curruchiche, en contubernio con el Juez S\u00e9ptimo Penal Fredy Orellana, consiguieron una resoluci\u00f3n ilegal, tratando de entrampar un proceso democr\u00e1tico que el d\u00eda 26 de junio ya hab\u00eda sido certificado y ratificado el d\u00eda 12 de julio, por el Tribunal Supremo Electoral, resultados que reflejan la voluntad popular.<\/p>\n\n\n\n<p>Creemos firmemente que cada una de estas acciones err\u00e1ticas e ilegales solamente responden a un inter\u00e9s particular que quiere perpetuar el estatus Quo de una clase pol\u00edtica, y que el accionar del Juez es absolutamente llegal, ya que el no tiene competencia para suspender la personalidad Jur\u00eddica de ning\u00fan partido pol\u00edtico, llama la atenci\u00f3n que siendo \u00abprofesional del derecho\u00bb y del ordenamiento jur\u00eddico guatemalteco cometa estas atrocidades.<\/p>\n\n\n\n<p>Respaldando la decisi\u00f3n del Tribunal Supremo Electoral y tomando en cuenta que se ha cumpli\u00f3 con lo ordenado por la Corte de Constitucionalidad en materia de revisi\u00f3n de actas y tiempos en la oficializaci\u00f3n de los resultados seg\u00fan el acuerdo 1328-2023 y que cualquier otro intento de sabotaje contra los resultados finales de un proceso electoral que fue p\u00fablico esto es considerado un atentado contra el pueblo de Guatemala que emiti\u00f3 su voto.<\/p>\n\n\n\n<p>POR TANTO<\/p>\n\n\n\n<p>El concejo de Autoridades Indigenas de los 48 Cantones en conjunto con los pueblos ind\u00edgenas de Guatemala articulados, nos declaramos en asamblea permanente, a la espera de lo que resuelva el registro de ciudadanos, RECORDANDOLES que no se dejen manipular por personas inescrupulosas en la toma de decisiones, haciendo valer lo preceptuado en el art\u00edculo 92 de la LEPP en donde se indica que no puede suspenderse un partido pol\u00edtico tras las convocatoria a elecciones, y que no se presten a continuar acrecentando el ambiente de inestabilidad social en la poblaci\u00f3n Guatemalteca.<\/p>\n\n\n\n<p>Hacemos un llamado a los colegios de profesionales a que se pronuncien y a trav\u00e9s de su tribunal de honor y emita las sanciones correspondientes a los profesionales que est\u00e1n prest\u00e1ndose a retorcer las leyes en beneficio particular usando recursos espurios y faltos de materia legal.<\/p>\n\n\n\n<p>A partir de hoy estaremos coordinando acciones a tomar como pueblos ind\u00edgenas en defensa de nuestra democracia, en funci\u00f3n a ello tomaremos decisiones en torno al inicio de movilizaciones en todo el pa\u00eds, hacemos un llamado a las sociedades civiles, pueblo en general y Romunidad universitaria a que en su momento oportuno se unan y paralicemos el pa\u00eds hasta hacer respetar nuestros derechos y logremos retomar nuestro estado de Guatemala demostrando que nuestra democracia se respeta.<\/p>\n\n\n\n<p>Hoy m\u00e1s que nunca reiteramos al estado de Guatemala la solicitud para que la fiscal General Consuelo Porras y Rafael Curruchique, sean separada de su cargo por incapacidad.<\/p>\n\n\n\n<p>Condenamos la arbitrariedad con la cual est\u00e1n secuestrando documentos los cuales con certeza ellos utilizaran para intereses muy particulares, y condenamos la decisi\u00f3n del presidente de Guatemala y de la Fiscal, a ellos responsabilizamos directamente que nuestra democracia se da\u00f1e.<\/p>\n\n\n\n<p>Solo el Pueblo Salva al Pueblo&#8230;&#8230;.<\/p>\n\n\n\n<figure class=\"wp-block-gallery has-nested-images columns-default is-cropped wp-block-gallery-1 is-layout-flex wp-block-gallery-is-layout-flex\">\n<figure class=\"wp-block-image size-large\"><img loading=\"lazy\" decoding=\"async\" width=\"649\" height=\"1024\" data-id=\"69310\" src=\"https:\/\/elmetropolitano.com.gt\/es\/wp-content\/uploads\/2023\/07\/359145521_741540211305398_5302071269810800525_n-1-649x1024.jpg\" alt=\"\" class=\"wp-image-69310\" srcset=\"https:\/\/elmetropolitano.com.gt\/es\/wp-content\/uploads\/2023\/07\/359145521_741540211305398_5302071269810800525_n-1-649x1024.jpg 649w, https:\/\/elmetropolitano.com.gt\/es\/wp-content\/uploads\/2023\/07\/359145521_741540211305398_5302071269810800525_n-1-190x300.jpg 190w, https:\/\/elmetropolitano.com.gt\/es\/wp-content\/uploads\/2023\/07\/359145521_741540211305398_5302071269810800525_n-1-768x1212.jpg 768w, https:\/\/elmetropolitano.com.gt\/es\/wp-content\/uploads\/2023\/07\/359145521_741540211305398_5302071269810800525_n-1-600x947.jpg 600w, https:\/\/elmetropolitano.com.gt\/es\/wp-content\/uploads\/2023\/07\/359145521_741540211305398_5302071269810800525_n-1.jpg 947w\" sizes=\"auto, (max-width: 649px) 100vw, 649px\" \/><\/figure>\n<\/figure>\n","protected":false},"excerpt":{"rendered":"<p>El Concejo de Autoridades de los 48 Cantones de Totonicap\u00e1n, llaman por medio de un pronunciamiento p\u00fablico a un Paro Nacional ante las pretende Chi es de cancelar al Parrillo Semilla y piden la destituci\u00f3n de la fiscal general Consuelo Porras y el fiscal contra la impunidad Rafael Curruchiche. As\u00ed lo expresan: EL CONCEJO DE <a class=\"read-more\" href=\"https:\/\/elmetropolitano.com.gt\/es\/los-48-cantones-de-totonicapan-en-asamblea-permanente-y-llaman-a-paro-nacional\/\">Leer m\u00e1s<\/a><\/p>\n","protected":false},"author":1,"featured_media":69309,"comment_status":"open","ping_status":"closed","sticky":false,"template":"","format":"standard","meta":{"footnotes":""},"categories":[2],"tags":[12],"class_list":["post-69308","post","type-post","status-publish","format-standard","has-post-thumbnail","hentry","category-nacionales","tag-nacionales"],"_links":{"self":[{"href":"https:\/\/elmetropolitano.com.gt\/es\/wp-json\/wp\/v2\/posts\/69308","targetHints":{"allow":["GET"]}}],"collection":[{"href":"https:\/\/elmetropolitano.com.gt\/es\/wp-json\/wp\/v2\/posts"}],"about":[{"href":"https:\/\/elmetropolitano.com.gt\/es\/wp-json\/wp\/v2\/types\/post"}],"author":[{"embeddable":true,"href":"https:\/\/elmetropolitano.com.gt\/es\/wp-json\/wp\/v2\/users\/1"}],"replies":[{"embeddable":true,"href":"https:\/\/elmetropolitano.com.gt\/es\/wp-json\/wp\/v2\/comments?post=69308"}],"version-history":[{"count":1,"href":"https:\/\/elmetropolitano.com.gt\/es\/wp-json\/wp\/v2\/posts\/69308\/revisions"}],"predecessor-version":[{"id":69311,"href":"https:\/\/elmetropolitano.com.gt\/es\/wp-json\/wp\/v2\/posts\/69308\/revisions\/69311"}],"wp:featuredmedia":[{"embeddable":true,"href":"https:\/\/elmetropolitano.com.gt\/es\/wp-json\/wp\/v2\/media\/69309"}],"wp:attachment":[{"href":"https:\/\/elmetropolitano.com.gt\/es\/wp-json\/wp\/v2\/media?parent=69308"}],"wp:term":[{"taxonomy":"category","embeddable":true,"href":"https:\/\/elmetropolitano.com.gt\/es\/wp-json\/wp\/v2\/categories?post=69308"},{"taxonomy":"post_tag","embeddable":true,"href":"https:\/\/elmetropolitano.com.gt\/es\/wp-json\/wp\/v2\/tags?post=69308"}],"curies":[{"name":"wp","href":"https:\/\/api.w.org\/{rel}","templated":true}]}}