{"id":69312,"date":"2023-07-13T13:27:20","date_gmt":"2023-07-13T19:27:20","guid":{"rendered":"https:\/\/elmetropolitano.com.gt\/es\/?p=69312"},"modified":"2023-07-13T13:27:22","modified_gmt":"2023-07-13T19:27:22","slug":"sandra-torres-suspende-campana-proselitista-hasta-que-se-resuelva-situacion-politica-electoral","status":"publish","type":"post","link":"https:\/\/elmetropolitano.com.gt\/es\/sandra-torres-suspende-campana-proselitista-hasta-que-se-resuelva-situacion-politica-electoral\/","title":{"rendered":"Sandra Torres suspende campa\u00f1a proselitista hasta que se resuelva situaci\u00f3n pol\u00edtica electoral"},"content":{"rendered":"\n<p>Durante una conferencia de prensa, la presidenciable de la UNE, exigi\u00f3 al Tribunal Supremo Electoral que la segunda vuelta tenga lugar el 20 de agosto, tal como est\u00e1 establecido en la convocatoria a elecciones de este cuerpo colegiado y anunci\u00f3 que en solidaridad con quienes votaron el pasado 25 de junio, ha decidido suspender temporalmente su campa\u00f1a electoral, para poder competir <a><\/a>en igualdad de condiciones con el otro partido.<\/p>\n\n\n\n<p>Enfatiz\u00f3 que reanudar\u00e1 sus actividades proselitistas, cuando la situaci\u00f3n se aclare de parte de los \u00f3rganos correspondientes.<\/p><div class=\"elmet-contenido\" id=\"elmet-1506870996\"><div class=\"elmet-adlabel\">Anuncios<\/div><div style=\"margin-top: 20px;margin-right: 20px;margin-bottom: 20px;margin-left: 20px;\" id=\"elmet-2116635487\"><a href=\"https:\/\/www.facebook.com\/arrincuanantigua\/\" aria-label=\"cintillo-arrin-cual\"><img loading=\"lazy\" decoding=\"async\" src=\"https:\/\/elmetropolitano.com.gt\/es\/wp-content\/uploads\/2021\/11\/cintillo-arrin-cual-1.jpg\" alt=\"\"  srcset=\"https:\/\/elmetropolitano.com.gt\/es\/wp-content\/uploads\/2021\/11\/cintillo-arrin-cual-1.jpg 750w, https:\/\/elmetropolitano.com.gt\/es\/wp-content\/uploads\/2021\/11\/cintillo-arrin-cual-1-300x36.jpg 300w, https:\/\/elmetropolitano.com.gt\/es\/wp-content\/uploads\/2021\/11\/cintillo-arrin-cual-1-600x72.jpg 600w\" sizes=\"(max-width: 750px) 100vw, 750px\" width=\"750\" height=\"90\"   \/><\/a><\/div><\/div>\n\n\n\n<p>\u201cDeben existir elecciones democr\u00e1ticas, con transparencia y apegadas a derecho, as\u00ed como lo pide el pueblo de Guatemala que nos favoreci\u00f3 con casi 900 mil votos el pasado 25 de junio \u201cprecis\u00f3 la candidata, quien tambi\u00e9n expres\u00f3 \u201ces momento de rescatar el pa\u00eds, as\u00ed como salvar nuestra democracia\u201d.<\/p>\n\n\n\n<p>Agreg\u00f3 \u201clos ciudadanos que votaron esperan que los \u00f3rganos correspondientes garanticen una segunda vuelta ordenada, que haya seguridad jur\u00eddica en las urnas y seguridad ciudadana alrededor de los centros de votaci\u00f3n\u201d.<\/p>\n\n\n\n<p>La pr\u00f3xima presidenta de Guatemala se solidariz\u00f3 con los ciudadanos que votaron por el partido que alcanz\u00f3 el segundo lugar en las elecciones, cuyos votos deben respetarse.<\/p>\n\n\n\n<p>Enfatiz\u00f3 que la UNE est\u00e1 preparada para participar en esta segunda fase eleccionaria e hizo un llamado a la ciudadan\u00eda \u201cporque si no nos unimos, nos hundimos\u201d.<\/p>\n\n\n\n<p><\/p>\n","protected":false},"excerpt":{"rendered":"<p>Durante una conferencia de prensa, la presidenciable de la UNE, exigi\u00f3 al Tribunal Supremo Electoral que la segunda vuelta tenga lugar el 20 de agosto, tal como est\u00e1 establecido en la convocatoria a elecciones de este cuerpo colegiado y anunci\u00f3 que en solidaridad con quienes votaron el pasado 25 de junio, ha decidido suspender temporalmente <a class=\"read-more\" href=\"https:\/\/elmetropolitano.com.gt\/es\/sandra-torres-suspende-campana-proselitista-hasta-que-se-resuelva-situacion-politica-electoral\/\">Leer m\u00e1s<\/a><\/p>\n","protected":false},"author":1,"featured_media":69313,"comment_status":"open","ping_status":"closed","sticky":false,"template":"","format":"standard","meta":{"footnotes":""},"categories":[2],"tags":[12],"class_list":["post-69312","post","type-post","status-publish","format-standard","has-post-thumbnail","hentry","category-nacionales","tag-nacionales"],"_links":{"self":[{"href":"https:\/\/elmetropolitano.com.gt\/es\/wp-json\/wp\/v2\/posts\/69312","targetHints":{"allow":["GET"]}}],"collection":[{"href":"https:\/\/elmetropolitano.com.gt\/es\/wp-json\/wp\/v2\/posts"}],"about":[{"href":"https:\/\/elmetropolitano.com.gt\/es\/wp-json\/wp\/v2\/types\/post"}],"author":[{"embeddable":true,"href":"https:\/\/elmetropolitano.com.gt\/es\/wp-json\/wp\/v2\/users\/1"}],"replies":[{"embeddable":true,"href":"https:\/\/elmetropolitano.com.gt\/es\/wp-json\/wp\/v2\/comments?post=69312"}],"version-history":[{"count":1,"href":"https:\/\/elmetropolitano.com.gt\/es\/wp-json\/wp\/v2\/posts\/69312\/revisions"}],"predecessor-version":[{"id":69314,"href":"https:\/\/elmetropolitano.com.gt\/es\/wp-json\/wp\/v2\/posts\/69312\/revisions\/69314"}],"wp:featuredmedia":[{"embeddable":true,"href":"https:\/\/elmetropolitano.com.gt\/es\/wp-json\/wp\/v2\/media\/69313"}],"wp:attachment":[{"href":"https:\/\/elmetropolitano.com.gt\/es\/wp-json\/wp\/v2\/media?parent=69312"}],"wp:term":[{"taxonomy":"category","embeddable":true,"href":"https:\/\/elmetropolitano.com.gt\/es\/wp-json\/wp\/v2\/categories?post=69312"},{"taxonomy":"post_tag","embeddable":true,"href":"https:\/\/elmetropolitano.com.gt\/es\/wp-json\/wp\/v2\/tags?post=69312"}],"curies":[{"name":"wp","href":"https:\/\/api.w.org\/{rel}","templated":true}]}}