{"id":69315,"date":"2023-07-13T16:08:10","date_gmt":"2023-07-13T22:08:10","guid":{"rendered":"https:\/\/elmetropolitano.com.gt\/es\/?p=69315"},"modified":"2023-07-13T16:08:12","modified_gmt":"2023-07-13T22:08:12","slug":"amparo-provisional-de-la-cc-da-luz-verde-a-la-segunda-vuelta-electoral","status":"publish","type":"post","link":"https:\/\/elmetropolitano.com.gt\/es\/amparo-provisional-de-la-cc-da-luz-verde-a-la-segunda-vuelta-electoral\/","title":{"rendered":"Amparo provisional de la CC da luz verde a la segunda vuelta electoral"},"content":{"rendered":"\n<p>El pleno de la Corte de Constitucionalidad CC otorg\u00f3 amparo provisional al Pattido Movimiento Semilla y suspende la resoluci\u00f3n del juez Freddy Orellana, que busca inhabilitar al partido.<\/p>\n\n\n\n<p>Esto da luz verde para que el Partido Unidad Nacional de la Esperanza UNE con su candidata Sandra Torres y el Movimiento Semilla con Bernabro Ar\u00e9valo arranquen su campa\u00f1a electoral con miras a convertirse en el pr\u00f3ximo <a><\/a>Presidnwte en las elecciones del domingo 20 de agosto<\/p><div class=\"elmet-contenido\" id=\"elmet-2246555524\"><div class=\"elmet-adlabel\">Anuncios<\/div><div style=\"margin-top: 20px;margin-right: 20px;margin-bottom: 20px;margin-left: 20px;\" id=\"elmet-2735708486\"><a href=\"https:\/\/www.facebook.com\/arrincuanantigua\/\" aria-label=\"cintillo-arrin-cual\"><img loading=\"lazy\" decoding=\"async\" src=\"https:\/\/elmetropolitano.com.gt\/es\/wp-content\/uploads\/2021\/11\/cintillo-arrin-cual-1.jpg\" alt=\"\"  srcset=\"https:\/\/elmetropolitano.com.gt\/es\/wp-content\/uploads\/2021\/11\/cintillo-arrin-cual-1.jpg 750w, https:\/\/elmetropolitano.com.gt\/es\/wp-content\/uploads\/2021\/11\/cintillo-arrin-cual-1-300x36.jpg 300w, https:\/\/elmetropolitano.com.gt\/es\/wp-content\/uploads\/2021\/11\/cintillo-arrin-cual-1-600x72.jpg 600w\" sizes=\"(max-width: 750px) 100vw, 750px\" width=\"750\" height=\"90\"   \/><\/a><\/div><\/div>\n\n\n\n<p>Esto es lo que dice<\/p>\n\n\n\n<p>el amparo de la CC<\/p>\n\n\n\n<p>La Corte de Constitucionalidad a la opini\u00f3n p\u00fablica hace saber<\/p>\n\n\n\n<p>Que el d\u00eda de hoy, el Pleno de Magistrados conoci\u00f3:<\/p>\n\n\n\n<p>1) El expediente 3985-2023, relacionado con el amparo promovido por el partido pol\u00edtico Movimiento Semilla, contra el Tribunal Supremo Electoral, en el que se se\u00f1ala como acto reclamado el peligro de que la autoridad cuestionada con base en la resoluci\u00f3n emitida por el Juez S\u00e9ptimo Pluripersonal de Primera Instancia Penal, Narcoactividad y Delitos contra el Ambiente del departamento de Guatemala, suspenda el curso normal y vulnere el proceso electoral, suspendiendo y\/o cancelando al Partido Pol\u00edtico Movimiento Semilla; as\u00ed como, la amenaza que cierne sobre el proceso electoral.<\/p>\n\n\n\n<p>Al respecto, la Corte de Constitucionalidad, a prevenci\u00f3n, otorg\u00f3 el amparo provisional solicitado en el sentido de que la resoluci\u00f3n de doce de julio de dos mil veintitr\u00e9s emitida por el Juez S\u00e9ptimo Pluripersonal de Primera Instancia Penal, Narcoactividad y Delitos contra el Ambiente del departamento de Guatemala, NO AFECTA NI DEJA EN SUSPENSO el Acuerdo 1328-2023 del Tribunal Supremo Electoral, a efecto de que la segunda vuelta electoral se lleve a cabo en la fecha indicada y con la participaci\u00f3n de los candidatos oficializados en el Acuerdo en menci\u00f3n.<\/p>\n\n\n\n<p>Lo anterior es sin perjuicio de las facultades de persecuci\u00f3n penal que competen al Ministerio P\u00fablico y lo regulado en los art\u00edculos 251 de la Constituci\u00f3n Pol\u00edtica de la Rep\u00fablica de Guatemala y 251 de la Ley Electoral y de Partidos Pol\u00edticos.<\/p>\n\n\n\n<p>Adem\u00e1s, se orden\u00f3 la remisi\u00f3n del amparo por raz\u00f3n de competencia a la Corte Suprema de Justicia para que contin\u00fae con el tr\u00e1mite de la garant\u00eda constitucional instada.<\/p>\n\n\n\n<p>2) El expediente 3940-2023, relacionado al ocurso en queja promovido por el partido pol\u00edtico Compromiso, Renovaci\u00f3n y Orden -CREO-, contra la Corte Suprema de Justicia, constituida en Tribunal de Amparo. Al respecto, este Tribunal hace del conocimiento que dict\u00f3 auto por el que declar\u00f3 sin lugar el ocurso de queja promovido por el partido pol\u00edtico en menci\u00f3n, al estimar que, en el caso bajo an\u00e1lisis, se cumpli\u00f3 con los alcances del amparo provisional decretado en auto de uno de julio de dos mil veintitr\u00e9s dictado por esta Corte en el expediente identificado como 3731-2023.<\/p>\n\n\n\n<p>La Corte de Constitucionalidad reitera su compromiso por continuar garantizando la defensa del orden constitucional.<\/p>\n\n\n\n<p>Guatemala, 13 de julio de 2023.<\/p>\n\n\n\n<p><a href=\"https:\/\/www.facebook.com\/hashtag\/eleccionesgt2023?__eep__=6&amp;__cft__[0]=AZWoReEBGtGF977Lfm_sSDG66jokEkCp86bO9jAsG3nAhbAu5AiXV8Fn_98x6d9uMELcuKjHbjN7OfZWCe_De4px-J8PXa3TYemBzFtiXuuWjFy_b7FygkMGbltqsxxCBOwycynd1b9hptqHjQ5bN6L3gKhtvWdwcI6bO1es7POeXqCyxaAmaetx9xCnPNPsNx0&amp;__tn__=*NK-R\">#EleccionesGT2023<\/a><a href=\"https:\/\/www.facebook.com\/hashtag\/yovoto?__eep__=6&amp;__cft__[0]=AZWoReEBGtGF977Lfm_sSDG66jokEkCp86bO9jAsG3nAhbAu5AiXV8Fn_98x6d9uMELcuKjHbjN7OfZWCe_De4px-J8PXa3TYemBzFtiXuuWjFy_b7FygkMGbltqsxxCBOwycynd1b9hptqHjQ5bN6L3gKhtvWdwcI6bO1es7POeXqCyxaAmaetx9xCnPNPsNx0&amp;__tn__=*NK-R\">#YoVoto<\/a><\/p>\n\n\n\n<figure class=\"wp-block-gallery has-nested-images columns-default is-cropped wp-block-gallery-1 is-layout-flex wp-block-gallery-is-layout-flex\">\n<figure class=\"wp-block-image size-large\"><img loading=\"lazy\" decoding=\"async\" width=\"740\" height=\"960\" data-id=\"69317\" src=\"https:\/\/elmetropolitano.com.gt\/es\/wp-content\/uploads\/2023\/07\/358706510_741608244631928_4891430695055477068_n.jpg\" alt=\"\" class=\"wp-image-69317\" srcset=\"https:\/\/elmetropolitano.com.gt\/es\/wp-content\/uploads\/2023\/07\/358706510_741608244631928_4891430695055477068_n.jpg 740w, https:\/\/elmetropolitano.com.gt\/es\/wp-content\/uploads\/2023\/07\/358706510_741608244631928_4891430695055477068_n-231x300.jpg 231w, https:\/\/elmetropolitano.com.gt\/es\/wp-content\/uploads\/2023\/07\/358706510_741608244631928_4891430695055477068_n-600x778.jpg 600w\" sizes=\"auto, (max-width: 740px) 100vw, 740px\" \/><\/figure>\n\n\n\n<figure class=\"wp-block-image size-large\"><img loading=\"lazy\" decoding=\"async\" width=\"788\" height=\"1024\" data-id=\"69318\" src=\"https:\/\/elmetropolitano.com.gt\/es\/wp-content\/uploads\/2023\/07\/356908493_741608337965252_81165212915506685_n-788x1024.jpg\" alt=\"\" class=\"wp-image-69318\" srcset=\"https:\/\/elmetropolitano.com.gt\/es\/wp-content\/uploads\/2023\/07\/356908493_741608337965252_81165212915506685_n-788x1024.jpg 788w, https:\/\/elmetropolitano.com.gt\/es\/wp-content\/uploads\/2023\/07\/356908493_741608337965252_81165212915506685_n-231x300.jpg 231w, https:\/\/elmetropolitano.com.gt\/es\/wp-content\/uploads\/2023\/07\/356908493_741608337965252_81165212915506685_n-768x997.jpg 768w, https:\/\/elmetropolitano.com.gt\/es\/wp-content\/uploads\/2023\/07\/356908493_741608337965252_81165212915506685_n-1183x1536.jpg 1183w, https:\/\/elmetropolitano.com.gt\/es\/wp-content\/uploads\/2023\/07\/356908493_741608337965252_81165212915506685_n-600x779.jpg 600w, https:\/\/elmetropolitano.com.gt\/es\/wp-content\/uploads\/2023\/07\/356908493_741608337965252_81165212915506685_n.jpg 1232w\" sizes=\"auto, (max-width: 788px) 100vw, 788px\" \/><\/figure>\n<\/figure>\n","protected":false},"excerpt":{"rendered":"<p>El pleno de la Corte de Constitucionalidad CC otorg\u00f3 amparo provisional al Pattido Movimiento Semilla y suspende la resoluci\u00f3n del juez Freddy Orellana, que busca inhabilitar al partido. Esto da luz verde para que el Partido Unidad Nacional de la Esperanza UNE con su candidata Sandra Torres y el Movimiento Semilla con Bernabro Ar\u00e9valo arranquen <a class=\"read-more\" href=\"https:\/\/elmetropolitano.com.gt\/es\/amparo-provisional-de-la-cc-da-luz-verde-a-la-segunda-vuelta-electoral\/\">Leer m\u00e1s<\/a><\/p>\n","protected":false},"author":1,"featured_media":69316,"comment_status":"open","ping_status":"closed","sticky":false,"template":"","format":"standard","meta":{"footnotes":""},"categories":[2],"tags":[12],"class_list":["post-69315","post","type-post","status-publish","format-standard","has-post-thumbnail","hentry","category-nacionales","tag-nacionales"],"_links":{"self":[{"href":"https:\/\/elmetropolitano.com.gt\/es\/wp-json\/wp\/v2\/posts\/69315","targetHints":{"allow":["GET"]}}],"collection":[{"href":"https:\/\/elmetropolitano.com.gt\/es\/wp-json\/wp\/v2\/posts"}],"about":[{"href":"https:\/\/elmetropolitano.com.gt\/es\/wp-json\/wp\/v2\/types\/post"}],"author":[{"embeddable":true,"href":"https:\/\/elmetropolitano.com.gt\/es\/wp-json\/wp\/v2\/users\/1"}],"replies":[{"embeddable":true,"href":"https:\/\/elmetropolitano.com.gt\/es\/wp-json\/wp\/v2\/comments?post=69315"}],"version-history":[{"count":1,"href":"https:\/\/elmetropolitano.com.gt\/es\/wp-json\/wp\/v2\/posts\/69315\/revisions"}],"predecessor-version":[{"id":69319,"href":"https:\/\/elmetropolitano.com.gt\/es\/wp-json\/wp\/v2\/posts\/69315\/revisions\/69319"}],"wp:featuredmedia":[{"embeddable":true,"href":"https:\/\/elmetropolitano.com.gt\/es\/wp-json\/wp\/v2\/media\/69316"}],"wp:attachment":[{"href":"https:\/\/elmetropolitano.com.gt\/es\/wp-json\/wp\/v2\/media?parent=69315"}],"wp:term":[{"taxonomy":"category","embeddable":true,"href":"https:\/\/elmetropolitano.com.gt\/es\/wp-json\/wp\/v2\/categories?post=69315"},{"taxonomy":"post_tag","embeddable":true,"href":"https:\/\/elmetropolitano.com.gt\/es\/wp-json\/wp\/v2\/tags?post=69315"}],"curies":[{"name":"wp","href":"https:\/\/api.w.org\/{rel}","templated":true}]}}