{"id":69407,"date":"2023-07-15T11:45:14","date_gmt":"2023-07-15T17:45:14","guid":{"rendered":"https:\/\/elmetropolitano.com.gt\/es\/?p=69407"},"modified":"2023-07-15T11:45:15","modified_gmt":"2023-07-15T17:45:15","slug":"comuna-mixquena-bachea-calles-de-la-colonia-la-brigada","status":"publish","type":"post","link":"https:\/\/elmetropolitano.com.gt\/es\/comuna-mixquena-bachea-calles-de-la-colonia-la-brigada\/","title":{"rendered":"Comuna mixque\u00f1a bachea calles de la colonia La Brigada"},"content":{"rendered":"\n<p>Con el fin de brindar una mejor movilidad a los vecinos de la colonia La Brigada, empleados de la municipalidad de Mixco, llevan a cabo los trabajos de bacheo en este sector, luego de los desastres dejados por las lluvias que han azotado al pa\u00eds y a este sector.<\/p>\n\n\n\n<p>El alcalde Neto Bran se\u00f1al\u00f3 que despu\u00e9s de las pasadas elecciones y gracias al apoyo de los mixque\u00f1os lograra ganar su tercera reelecci\u00f3n, agarro m\u00e1s fuerza para llevar a cabo los trabajos que los vecinos necesitan.<\/p><div class=\"elmet-contenido\" id=\"elmet-1330963248\"><div class=\"elmet-adlabel\">Anuncios<\/div><div style=\"margin-top: 20px;margin-right: 20px;margin-bottom: 20px;margin-left: 20px;\" id=\"elmet-492322869\"><a href=\"https:\/\/www.facebook.com\/arrincuanantigua\/\" aria-label=\"cintillo-arrin-cual\"><img loading=\"lazy\" decoding=\"async\" src=\"https:\/\/elmetropolitano.com.gt\/es\/wp-content\/uploads\/2021\/11\/cintillo-arrin-cual-1.jpg\" alt=\"\"  srcset=\"https:\/\/elmetropolitano.com.gt\/es\/wp-content\/uploads\/2021\/11\/cintillo-arrin-cual-1.jpg 750w, https:\/\/elmetropolitano.com.gt\/es\/wp-content\/uploads\/2021\/11\/cintillo-arrin-cual-1-300x36.jpg 300w, https:\/\/elmetropolitano.com.gt\/es\/wp-content\/uploads\/2021\/11\/cintillo-arrin-cual-1-600x72.jpg 600w\" sizes=\"(max-width: 750px) 100vw, 750px\" width=\"750\" height=\"90\"   \/><\/a><\/div><\/div>\n\n\n\n<p>El jefe edil dijo que estos cuatro a\u00f1os ser\u00e1n de trabajo, pues se buscar\u00e1 atender las necesidades de los vecinos en todas \u00e1reas, no solo la obra gris, sino la educaci\u00f3n, el medio ambiente y por supuesto la salud que incluye alimentaci\u00f3n, por eso se han dado a la tarea de regalar verduras a vecinos de la Tierra de Campeones.<\/p>\n\n\n\n<figure class=\"wp-block-gallery has-nested-images columns-default is-cropped wp-block-gallery-1 is-layout-flex wp-block-gallery-is-layout-flex\">\n<figure class=\"wp-block-image size-large\"><img loading=\"lazy\" decoding=\"async\" width=\"1024\" height=\"768\" data-id=\"69409\" src=\"https:\/\/elmetropolitano.com.gt\/es\/wp-content\/uploads\/2023\/07\/359077360_840646560753755_6547270275978953085_n-1024x768.jpg\" alt=\"\" class=\"wp-image-69409\" srcset=\"https:\/\/elmetropolitano.com.gt\/es\/wp-content\/uploads\/2023\/07\/359077360_840646560753755_6547270275978953085_n-1024x768.jpg 1024w, https:\/\/elmetropolitano.com.gt\/es\/wp-content\/uploads\/2023\/07\/359077360_840646560753755_6547270275978953085_n-300x225.jpg 300w, https:\/\/elmetropolitano.com.gt\/es\/wp-content\/uploads\/2023\/07\/359077360_840646560753755_6547270275978953085_n-768x576.jpg 768w, https:\/\/elmetropolitano.com.gt\/es\/wp-content\/uploads\/2023\/07\/359077360_840646560753755_6547270275978953085_n-600x450.jpg 600w, https:\/\/elmetropolitano.com.gt\/es\/wp-content\/uploads\/2023\/07\/359077360_840646560753755_6547270275978953085_n.jpg 1280w\" sizes=\"auto, (max-width: 1024px) 100vw, 1024px\" \/><\/figure>\n\n\n\n<figure class=\"wp-block-image size-large\"><img loading=\"lazy\" decoding=\"async\" width=\"1024\" height=\"768\" data-id=\"69412\" src=\"https:\/\/elmetropolitano.com.gt\/es\/wp-content\/uploads\/2023\/07\/359142250_840646547420423_5649994698569582288_n-1024x768.jpg\" alt=\"\" class=\"wp-image-69412\" srcset=\"https:\/\/elmetropolitano.com.gt\/es\/wp-content\/uploads\/2023\/07\/359142250_840646547420423_5649994698569582288_n-1024x768.jpg 1024w, https:\/\/elmetropolitano.com.gt\/es\/wp-content\/uploads\/2023\/07\/359142250_840646547420423_5649994698569582288_n-300x225.jpg 300w, https:\/\/elmetropolitano.com.gt\/es\/wp-content\/uploads\/2023\/07\/359142250_840646547420423_5649994698569582288_n-768x576.jpg 768w, https:\/\/elmetropolitano.com.gt\/es\/wp-content\/uploads\/2023\/07\/359142250_840646547420423_5649994698569582288_n-600x450.jpg 600w, https:\/\/elmetropolitano.com.gt\/es\/wp-content\/uploads\/2023\/07\/359142250_840646547420423_5649994698569582288_n.jpg 1280w\" sizes=\"auto, (max-width: 1024px) 100vw, 1024px\" \/><\/figure>\n\n\n\n<figure class=\"wp-block-image size-large\"><img loading=\"lazy\" decoding=\"async\" width=\"1024\" height=\"767\" data-id=\"69411\" src=\"https:\/\/elmetropolitano.com.gt\/es\/wp-content\/uploads\/2023\/07\/360097365_840646527420425_6334354347216135534_n-1024x767.jpg\" alt=\"\" class=\"wp-image-69411\" srcset=\"https:\/\/elmetropolitano.com.gt\/es\/wp-content\/uploads\/2023\/07\/360097365_840646527420425_6334354347216135534_n-1024x767.jpg 1024w, https:\/\/elmetropolitano.com.gt\/es\/wp-content\/uploads\/2023\/07\/360097365_840646527420425_6334354347216135534_n-300x225.jpg 300w, https:\/\/elmetropolitano.com.gt\/es\/wp-content\/uploads\/2023\/07\/360097365_840646527420425_6334354347216135534_n-768x575.jpg 768w, https:\/\/elmetropolitano.com.gt\/es\/wp-content\/uploads\/2023\/07\/360097365_840646527420425_6334354347216135534_n-600x450.jpg 600w, https:\/\/elmetropolitano.com.gt\/es\/wp-content\/uploads\/2023\/07\/360097365_840646527420425_6334354347216135534_n.jpg 1280w\" sizes=\"auto, (max-width: 1024px) 100vw, 1024px\" \/><\/figure>\n\n\n\n<figure class=\"wp-block-image size-large\"><img loading=\"lazy\" decoding=\"async\" width=\"1024\" height=\"768\" data-id=\"69413\" src=\"https:\/\/elmetropolitano.com.gt\/es\/wp-content\/uploads\/2023\/07\/360131050_840646540753757_585989050309337680_n-1024x768.jpg\" alt=\"\" class=\"wp-image-69413\" srcset=\"https:\/\/elmetropolitano.com.gt\/es\/wp-content\/uploads\/2023\/07\/360131050_840646540753757_585989050309337680_n-1024x768.jpg 1024w, https:\/\/elmetropolitano.com.gt\/es\/wp-content\/uploads\/2023\/07\/360131050_840646540753757_585989050309337680_n-300x225.jpg 300w, https:\/\/elmetropolitano.com.gt\/es\/wp-content\/uploads\/2023\/07\/360131050_840646540753757_585989050309337680_n-768x576.jpg 768w, https:\/\/elmetropolitano.com.gt\/es\/wp-content\/uploads\/2023\/07\/360131050_840646540753757_585989050309337680_n-600x450.jpg 600w, https:\/\/elmetropolitano.com.gt\/es\/wp-content\/uploads\/2023\/07\/360131050_840646540753757_585989050309337680_n.jpg 1280w\" sizes=\"auto, (max-width: 1024px) 100vw, 1024px\" \/><\/figure>\n\n\n\n<figure class=\"wp-block-image size-large\"><img loading=\"lazy\" decoding=\"async\" width=\"1024\" height=\"767\" data-id=\"69410\" src=\"https:\/\/elmetropolitano.com.gt\/es\/wp-content\/uploads\/2023\/07\/361091170_840646510753760_2580940964151228849_n-1024x767.jpg\" alt=\"\" class=\"wp-image-69410\" srcset=\"https:\/\/elmetropolitano.com.gt\/es\/wp-content\/uploads\/2023\/07\/361091170_840646510753760_2580940964151228849_n-1024x767.jpg 1024w, https:\/\/elmetropolitano.com.gt\/es\/wp-content\/uploads\/2023\/07\/361091170_840646510753760_2580940964151228849_n-300x225.jpg 300w, https:\/\/elmetropolitano.com.gt\/es\/wp-content\/uploads\/2023\/07\/361091170_840646510753760_2580940964151228849_n-768x575.jpg 768w, https:\/\/elmetropolitano.com.gt\/es\/wp-content\/uploads\/2023\/07\/361091170_840646510753760_2580940964151228849_n-600x450.jpg 600w, https:\/\/elmetropolitano.com.gt\/es\/wp-content\/uploads\/2023\/07\/361091170_840646510753760_2580940964151228849_n.jpg 1280w\" sizes=\"auto, (max-width: 1024px) 100vw, 1024px\" \/><\/figure>\n<\/figure>\n","protected":false},"excerpt":{"rendered":"<p>Con el fin de brindar una mejor movilidad a los vecinos de la colonia La Brigada, empleados de la municipalidad de Mixco, llevan a cabo los trabajos de bacheo en este sector, luego de los desastres dejados por las lluvias que han azotado al pa\u00eds y a este sector. El alcalde Neto Bran se\u00f1al\u00f3 que <a class=\"read-more\" href=\"https:\/\/elmetropolitano.com.gt\/es\/comuna-mixquena-bachea-calles-de-la-colonia-la-brigada\/\">Leer m\u00e1s<\/a><\/p>\n","protected":false},"author":1,"featured_media":69408,"comment_status":"open","ping_status":"closed","sticky":false,"template":"","format":"standard","meta":{"footnotes":""},"categories":[119],"tags":[120],"class_list":["post-69407","post","type-post","status-publish","format-standard","has-post-thumbnail","hentry","category-municipales","tag-municipales"],"_links":{"self":[{"href":"https:\/\/elmetropolitano.com.gt\/es\/wp-json\/wp\/v2\/posts\/69407","targetHints":{"allow":["GET"]}}],"collection":[{"href":"https:\/\/elmetropolitano.com.gt\/es\/wp-json\/wp\/v2\/posts"}],"about":[{"href":"https:\/\/elmetropolitano.com.gt\/es\/wp-json\/wp\/v2\/types\/post"}],"author":[{"embeddable":true,"href":"https:\/\/elmetropolitano.com.gt\/es\/wp-json\/wp\/v2\/users\/1"}],"replies":[{"embeddable":true,"href":"https:\/\/elmetropolitano.com.gt\/es\/wp-json\/wp\/v2\/comments?post=69407"}],"version-history":[{"count":1,"href":"https:\/\/elmetropolitano.com.gt\/es\/wp-json\/wp\/v2\/posts\/69407\/revisions"}],"predecessor-version":[{"id":69414,"href":"https:\/\/elmetropolitano.com.gt\/es\/wp-json\/wp\/v2\/posts\/69407\/revisions\/69414"}],"wp:featuredmedia":[{"embeddable":true,"href":"https:\/\/elmetropolitano.com.gt\/es\/wp-json\/wp\/v2\/media\/69408"}],"wp:attachment":[{"href":"https:\/\/elmetropolitano.com.gt\/es\/wp-json\/wp\/v2\/media?parent=69407"}],"wp:term":[{"taxonomy":"category","embeddable":true,"href":"https:\/\/elmetropolitano.com.gt\/es\/wp-json\/wp\/v2\/categories?post=69407"},{"taxonomy":"post_tag","embeddable":true,"href":"https:\/\/elmetropolitano.com.gt\/es\/wp-json\/wp\/v2\/tags?post=69407"}],"curies":[{"name":"wp","href":"https:\/\/api.w.org\/{rel}","templated":true}]}}