{"id":69440,"date":"2023-07-16T20:32:21","date_gmt":"2023-07-17T02:32:21","guid":{"rendered":"https:\/\/elmetropolitano.com.gt\/es\/?p=69440"},"modified":"2023-07-16T20:32:24","modified_gmt":"2023-07-17T02:32:24","slug":"exito-rotundo-de-teleton-2023-al-cierre-se-llega-a-una-cifra-de-q19115053","status":"publish","type":"post","link":"https:\/\/elmetropolitano.com.gt\/es\/exito-rotundo-de-teleton-2023-al-cierre-se-llega-a-una-cifra-de-q19115053\/","title":{"rendered":"\u00c9xito rotundo de Telet\u00f3n 2023: Al cierre se llega a una cifra de Q19,115,053"},"content":{"rendered":"\n<p>Con gran entusiasmo y alegr\u00eda, anunciamos la clausura exitosa de Telet\u00f3n 2023, la marat\u00f3n de solidaridad que ha logrado reunir la impresionante suma de 19,115,053 quetzales.<\/p>\n\n\n\n<p>Este <a><\/a>logro representa un alcance significativo en el compromiso por mejorar la vida de las personas que viven con discapacidad f\u00edsica en Guatemala, por tratarse de un a\u00f1o electoral indicaron los organizadores<\/p><div class=\"elmet-contenido\" id=\"elmet-895663722\"><div class=\"elmet-adlabel\">Anuncios<\/div><div style=\"margin-top: 20px;margin-right: 20px;margin-bottom: 20px;margin-left: 20px;\" id=\"elmet-2878059123\"><a href=\"https:\/\/www.facebook.com\/arrincuanantigua\/\" aria-label=\"cintillo-arrin-cual\"><img loading=\"lazy\" decoding=\"async\" src=\"https:\/\/elmetropolitano.com.gt\/es\/wp-content\/uploads\/2021\/11\/cintillo-arrin-cual-1.jpg\" alt=\"\"  srcset=\"https:\/\/elmetropolitano.com.gt\/es\/wp-content\/uploads\/2021\/11\/cintillo-arrin-cual-1.jpg 750w, https:\/\/elmetropolitano.com.gt\/es\/wp-content\/uploads\/2021\/11\/cintillo-arrin-cual-1-300x36.jpg 300w, https:\/\/elmetropolitano.com.gt\/es\/wp-content\/uploads\/2021\/11\/cintillo-arrin-cual-1-600x72.jpg 600w\" sizes=\"(max-width: 750px) 100vw, 750px\" width=\"750\" height=\"90\"   \/><\/a><\/div><\/div>\n\n\n\n<p>El contexto nacional present\u00f3 desaf\u00edos sin precedentes, pero gracias a la dedicaci\u00f3n incansable de la organizaci\u00f3n, el valioso apoyo de los artistas y presentadores, y el inquebrantable esp\u00edritu de los ni\u00f1os, se supero cada obst\u00e1culo. Este logro es un testimonio de la fuerza y unidad de los guatemaltecos, demostrando una vez m\u00e1s que juntos podemos lograr grandes cosas.<\/p>\n\n\n\n<p>Durante las intensas 27 horas de transmisi\u00f3n, hemos presenciado el compromiso de los artistas nacionales e internacionales que han puesto todo su coraz\u00f3n en cada presentaci\u00f3n. Azucena Cierco, Chiky BomBom, Cynthia Bagu\u00e9, TIMO, Pee Wee y Luis Enrique, entre otros talentosos artistas, nos han regalado momentos inolvidables.<\/p>\n\n\n\n<p>A trav\u00e9s de sus actuaciones, han transmitido un mensaje de esperanza y motivaci\u00f3n para todos aquellos que trabajaron arduamente detr\u00e1s de c\u00e1maras.<\/p>\n\n\n\n<p>Por primera vez, hemos llevado nuestro foro presencial al interior del pa\u00eds, espec\u00edficamente al Centro Cultural C\u00e9sar Bra\u00f1as en La Antigua Guatemala. Esta decisi\u00f3n ha permitido acercar a\u00fan m\u00e1s Telet\u00f3n a diferentes comunidades, fortaleciendo as\u00ed nuestro compromiso de inclusi\u00f3n.<\/p>\n\n\n\n<p>\u201cQueremos expresar nuestro m\u00e1s profundo agradecimiento a todas las personas y organizaciones que contribuyeron generosamente a esta noble causa. Cada donativo, por peque\u00f1o que parezca, ha sido fundamental para alcanzar este gran logro. Agradecemos a nuestros aliados estrat\u00e9gicos, especialmente al Banco Oficial de Telet\u00f3n, BANRURAL, por su invaluable apoyo y por facilitar m\u00faltiples formas de realizar donaciones en todo el pa\u00eds\u201d, indic\u00f3 visiblemente emotivo, Luis Fernando C\u00e1ceres, Presidente en funciones de Telet\u00f3n.<\/p>\n\n\n\n<p>El evento de este a\u00f1o ha recordado que todos somos Telet\u00f3n, un movimiento de unidad nacional que ha articulado a los guatemaltecos en torno a una causa com\u00fan: construir una sociedad inclusiva donde todas las personas tengan las mismas oportunidades. Este a\u00f1o, hemos sido testigos de c\u00f3mo la solidaridad y el compromiso de nuestra comunidad pueden superar cualquier desaf\u00edo.<\/p>\n\n\n\n<p>Fue invaluable la participaci\u00f3n activa de miles de guatemaltecos que a trav\u00e9s de m\u00e1s de 150 mini teletones organizadas en todo el pa\u00eds, trabajaron incansablemente desde hace meses y de forma conjunta para que logr\u00e1ramos como pa\u00eds, sumar la cifra alcanzada.<\/p>\n\n\n\n<p>\u201cLa transmisi\u00f3n de Telet\u00f3n 2023 ha dejado huella en miles de hogares guatemaltecos. A trav\u00e9s de los canales 3 y 11 de Albavisi\u00f3n, Canal Antigua, Guatevisi\u00f3n, Canal Nuevo Mundo, Chapin TV, 429 de DIRECTV y todas las plataformas digitales, hemos llegado a cada rinc\u00f3n del pa\u00eds, despertando conciencia y generando una ola de apoyo\u201d, agreg\u00f3 C\u00e1ceres.<\/p>\n\n\n\n<p>Nos enorgullece anunciar que los fondos recaudados permitir\u00e1n mantener operando los 21 Centros y Cl\u00ednicas Fundabiem en todo el pa\u00eds, beneficiando a m\u00e1s de 13,000 familias que reciben servicios de rehabilitaci\u00f3n anualmente. Estos centros cuentan con tecnolog\u00eda de punta y son una referencia en la regi\u00f3n, gracias al apoyo y donativos recibidos.<\/p>\n\n\n\n<p>Telet\u00f3n 2023 es solo el comienzo de un largo camino por recorrer. Invitamos a todos los guatemaltecos a seguir apoyando nuestras iniciativas y a visitar el sitio web oficial en <a href=\"https:\/\/l.facebook.com\/l.php?u=http%3A%2F%2Fwww.teleton.com.gt%2F%3Ffbclid%3DIwAR3kNQOXRbs9x1OuYPUXSuFWRDI7-9TarwKoO1x5kwURs64PgTn6quNzUNA&amp;h=AT2pORpbtM2MKcGzpXdHL1eB588BOkEINxunyWnhufglWmQUZ8HEW41rGwwNSNgVvKm9DbWtwj7-03ZQ-hCmVC_2DDpyAWoTCGsuSKYTj58D3voSbYQzPnQOryaMrUVUxKW3&amp;__tn__=-UK-R&amp;c[0]=AT3IQpz76_QBv8pMyb_ysliwXmXVpHszggsoDL3LKDYM7_KC6OHXt4ejsdRZZFnwgRPGjucCLWgsW_FDawkEcLMUlP2OfkXH29pFM8B8BPgP0kTyHJEplPfhZqn-kJiEJYdj9yBalt7sxYu7KJI66ql7nPjg4oGnfD2wZQNAeLdwARZtx3ykMYYfirIPi9BZQlXa6DkEidB6\" rel=\"noreferrer noopener\" target=\"_blank\">www.teleton.com.gt<\/a> para obtener m\u00e1s informaci\u00f3n, considerando que seguir\u00e1n por unos d\u00edas m\u00e1s las opciones de contribuci\u00f3n.<\/p>\n\n\n\n<p>Una vez m\u00e1s, extendemos nuestro m\u00e1s sincero agradecimiento a todos los que han confiado en Telet\u00f3n y han demostrado su solidaridad. Juntos, seguiremos construyendo un futuro inclusivo para Guatemala.<\/p>\n\n\n\n<p><a href=\"https:\/\/www.facebook.com\/hashtag\/metroredes?__eep__=6&amp;__cft__[0]=AZVuvHaThdn6qaHx08jxi6rtPmnZgwsvKt7lsoG0E0YU0pyqdsspgfjUQ99IosSpomnY2XSgFEdp_iACtV6gEG7ibyzJ3RweDRklZzK6ucurF5MEaZlofkqomnOi4d9kjqWsfatUCDXAa7ofoybWqFaj2LxUM9u2fnqhuMa9YK9zx2NHS-fxwOg7DzcRl0rfbxo&amp;__tn__=*NK-R\">#metroredes<\/a><a href=\"https:\/\/www.facebook.com\/hashtag\/teleton2023?__eep__=6&amp;__cft__[0]=AZVuvHaThdn6qaHx08jxi6rtPmnZgwsvKt7lsoG0E0YU0pyqdsspgfjUQ99IosSpomnY2XSgFEdp_iACtV6gEG7ibyzJ3RweDRklZzK6ucurF5MEaZlofkqomnOi4d9kjqWsfatUCDXAa7ofoybWqFaj2LxUM9u2fnqhuMa9YK9zx2NHS-fxwOg7DzcRl0rfbxo&amp;__tn__=*NK-R\">#teleton2023<\/a><\/p>\n\n\n\n<figure class=\"wp-block-gallery has-nested-images columns-default is-cropped wp-block-gallery-1 is-layout-flex wp-block-gallery-is-layout-flex\">\n<figure class=\"wp-block-image size-large\"><img loading=\"lazy\" decoding=\"async\" width=\"1024\" height=\"1024\" data-id=\"69442\" src=\"https:\/\/elmetropolitano.com.gt\/es\/wp-content\/uploads\/2023\/07\/359843408_743441741115245_4591893590791860379_n-1-1024x1024.jpg\" alt=\"\" class=\"wp-image-69442\" srcset=\"https:\/\/elmetropolitano.com.gt\/es\/wp-content\/uploads\/2023\/07\/359843408_743441741115245_4591893590791860379_n-1-1024x1024.jpg 1024w, https:\/\/elmetropolitano.com.gt\/es\/wp-content\/uploads\/2023\/07\/359843408_743441741115245_4591893590791860379_n-1-300x300.jpg 300w, https:\/\/elmetropolitano.com.gt\/es\/wp-content\/uploads\/2023\/07\/359843408_743441741115245_4591893590791860379_n-1-150x150.jpg 150w, https:\/\/elmetropolitano.com.gt\/es\/wp-content\/uploads\/2023\/07\/359843408_743441741115245_4591893590791860379_n-1-768x768.jpg 768w, https:\/\/elmetropolitano.com.gt\/es\/wp-content\/uploads\/2023\/07\/359843408_743441741115245_4591893590791860379_n-1-1536x1536.jpg 1536w, https:\/\/elmetropolitano.com.gt\/es\/wp-content\/uploads\/2023\/07\/359843408_743441741115245_4591893590791860379_n-1-600x600.jpg 600w, https:\/\/elmetropolitano.com.gt\/es\/wp-content\/uploads\/2023\/07\/359843408_743441741115245_4591893590791860379_n-1-100x100.jpg 100w, https:\/\/elmetropolitano.com.gt\/es\/wp-content\/uploads\/2023\/07\/359843408_743441741115245_4591893590791860379_n-1.jpg 1600w\" sizes=\"auto, (max-width: 1024px) 100vw, 1024px\" \/><\/figure>\n<\/figure>\n","protected":false},"excerpt":{"rendered":"<p>Con gran entusiasmo y alegr\u00eda, anunciamos la clausura exitosa de Telet\u00f3n 2023, la marat\u00f3n de solidaridad que ha logrado reunir la impresionante suma de 19,115,053 quetzales. Este logro representa un alcance significativo en el compromiso por mejorar la vida de las personas que viven con discapacidad f\u00edsica en Guatemala, por tratarse de un a\u00f1o electoral <a class=\"read-more\" href=\"https:\/\/elmetropolitano.com.gt\/es\/exito-rotundo-de-teleton-2023-al-cierre-se-llega-a-una-cifra-de-q19115053\/\">Leer m\u00e1s<\/a><\/p>\n","protected":false},"author":1,"featured_media":69441,"comment_status":"open","ping_status":"closed","sticky":false,"template":"","format":"standard","meta":{"footnotes":""},"categories":[2],"tags":[12],"class_list":["post-69440","post","type-post","status-publish","format-standard","has-post-thumbnail","hentry","category-nacionales","tag-nacionales"],"_links":{"self":[{"href":"https:\/\/elmetropolitano.com.gt\/es\/wp-json\/wp\/v2\/posts\/69440","targetHints":{"allow":["GET"]}}],"collection":[{"href":"https:\/\/elmetropolitano.com.gt\/es\/wp-json\/wp\/v2\/posts"}],"about":[{"href":"https:\/\/elmetropolitano.com.gt\/es\/wp-json\/wp\/v2\/types\/post"}],"author":[{"embeddable":true,"href":"https:\/\/elmetropolitano.com.gt\/es\/wp-json\/wp\/v2\/users\/1"}],"replies":[{"embeddable":true,"href":"https:\/\/elmetropolitano.com.gt\/es\/wp-json\/wp\/v2\/comments?post=69440"}],"version-history":[{"count":1,"href":"https:\/\/elmetropolitano.com.gt\/es\/wp-json\/wp\/v2\/posts\/69440\/revisions"}],"predecessor-version":[{"id":69443,"href":"https:\/\/elmetropolitano.com.gt\/es\/wp-json\/wp\/v2\/posts\/69440\/revisions\/69443"}],"wp:featuredmedia":[{"embeddable":true,"href":"https:\/\/elmetropolitano.com.gt\/es\/wp-json\/wp\/v2\/media\/69441"}],"wp:attachment":[{"href":"https:\/\/elmetropolitano.com.gt\/es\/wp-json\/wp\/v2\/media?parent=69440"}],"wp:term":[{"taxonomy":"category","embeddable":true,"href":"https:\/\/elmetropolitano.com.gt\/es\/wp-json\/wp\/v2\/categories?post=69440"},{"taxonomy":"post_tag","embeddable":true,"href":"https:\/\/elmetropolitano.com.gt\/es\/wp-json\/wp\/v2\/tags?post=69440"}],"curies":[{"name":"wp","href":"https:\/\/api.w.org\/{rel}","templated":true}]}}