{"id":69444,"date":"2023-07-16T20:37:57","date_gmt":"2023-07-17T02:37:57","guid":{"rendered":"https:\/\/elmetropolitano.com.gt\/es\/?p=69444"},"modified":"2023-07-16T20:37:58","modified_gmt":"2023-07-17T02:37:58","slug":"se-repetiran-las-elecciones-en-san-miguel-petapa","status":"publish","type":"post","link":"https:\/\/elmetropolitano.com.gt\/es\/se-repetiran-las-elecciones-en-san-miguel-petapa\/","title":{"rendered":"Se repetir\u00e1n las elecciones en San Miguel Petapa"},"content":{"rendered":"\n<p>El Pleno del Tribunal Supremo Electoral TSE anunci\u00f3 este domingo que las elecciones a alcalde del Municipio de San Miguel Petapa se van a repetir el domingo 29 de agosto.<\/p>\n\n\n\n<p>Esto es debido a que en las elecciones del 25 de junio no se incluy\u00f3 el s\u00edmbolo del Partido Compromiso Renovaci\u00f3n y Orden CREO cuyo candidato es Westin Lemus.<\/p><div class=\"elmet-contenido\" id=\"elmet-1928897465\"><div class=\"elmet-adlabel\">Anuncios<\/div><div style=\"margin-top: 20px;margin-right: 20px;margin-bottom: 20px;margin-left: 20px;\" id=\"elmet-1071468773\"><a href=\"https:\/\/www.facebook.com\/arrincuanantigua\/\" aria-label=\"cintillo-arrin-cual\"><img loading=\"lazy\" decoding=\"async\" src=\"https:\/\/elmetropolitano.com.gt\/es\/wp-content\/uploads\/2021\/11\/cintillo-arrin-cual-1.jpg\" alt=\"\"  srcset=\"https:\/\/elmetropolitano.com.gt\/es\/wp-content\/uploads\/2021\/11\/cintillo-arrin-cual-1.jpg 750w, https:\/\/elmetropolitano.com.gt\/es\/wp-content\/uploads\/2021\/11\/cintillo-arrin-cual-1-300x36.jpg 300w, https:\/\/elmetropolitano.com.gt\/es\/wp-content\/uploads\/2021\/11\/cintillo-arrin-cual-1-600x72.jpg 600w\" sizes=\"(max-width: 750px) 100vw, 750px\" width=\"750\" height=\"90\"   \/><\/a><\/div><\/div>\n\n\n\n<p>En las elecciones del 25 de Junio el ganador fue el actual alcalde Mynor Morales quien obtuvo 12 mil 949 votos y en segundo lugar fue para el candidato de Semilla Jos\u00e9 Rodolfo Estrada Rodriguez con 6 mil 200 votos .<\/p>\n\n\n\n<p><a href=\"https:\/\/www.facebook.com\/hashtag\/eleccionesgt2023?__eep__=6&amp;__cft__[0]=AZVFcyskEiHc66p7KBRJi6PHQgGCyyUxY2Kivec9SCnv9e5lXEH-YSUzsbaWwVDinYQboNgbuv2sy9EiCHn3zG1UzhLwWofobNIRDBPf6piXgPBA_h2m5PEJFtbU_kF9JNb6Z9BofOQz6kRVgM_WoAVps996zv9F_lW429nJgKgZraqyo9UE9N2S0OGokATKHwc&amp;__tn__=*NK-R\">#EleccionesGT2023<\/a><a href=\"https:\/\/www.facebook.com\/hashtag\/yovoto?__eep__=6&amp;__cft__[0]=AZVFcyskEiHc66p7KBRJi6PHQgGCyyUxY2Kivec9SCnv9e5lXEH-YSUzsbaWwVDinYQboNgbuv2sy9EiCHn3zG1UzhLwWofobNIRDBPf6piXgPBA_h2m5PEJFtbU_kF9JNb6Z9BofOQz6kRVgM_WoAVps996zv9F_lW429nJgKgZraqyo9UE9N2S0OGokATKHwc&amp;__tn__=*NK-R\">#YoVoto<\/a><\/p>\n\n\n\n<p><\/p>\n","protected":false},"excerpt":{"rendered":"<p>El Pleno del Tribunal Supremo Electoral TSE anunci\u00f3 este domingo que las elecciones a alcalde del Municipio de San Miguel Petapa se van a repetir el domingo 29 de agosto. Esto es debido a que en las elecciones del 25 de junio no se incluy\u00f3 el s\u00edmbolo del Partido Compromiso Renovaci\u00f3n y Orden CREO cuyo <a class=\"read-more\" href=\"https:\/\/elmetropolitano.com.gt\/es\/se-repetiran-las-elecciones-en-san-miguel-petapa\/\">Leer m\u00e1s<\/a><\/p>\n","protected":false},"author":1,"featured_media":69445,"comment_status":"open","ping_status":"closed","sticky":false,"template":"","format":"standard","meta":{"footnotes":""},"categories":[2],"tags":[12],"class_list":["post-69444","post","type-post","status-publish","format-standard","has-post-thumbnail","hentry","category-nacionales","tag-nacionales"],"_links":{"self":[{"href":"https:\/\/elmetropolitano.com.gt\/es\/wp-json\/wp\/v2\/posts\/69444","targetHints":{"allow":["GET"]}}],"collection":[{"href":"https:\/\/elmetropolitano.com.gt\/es\/wp-json\/wp\/v2\/posts"}],"about":[{"href":"https:\/\/elmetropolitano.com.gt\/es\/wp-json\/wp\/v2\/types\/post"}],"author":[{"embeddable":true,"href":"https:\/\/elmetropolitano.com.gt\/es\/wp-json\/wp\/v2\/users\/1"}],"replies":[{"embeddable":true,"href":"https:\/\/elmetropolitano.com.gt\/es\/wp-json\/wp\/v2\/comments?post=69444"}],"version-history":[{"count":1,"href":"https:\/\/elmetropolitano.com.gt\/es\/wp-json\/wp\/v2\/posts\/69444\/revisions"}],"predecessor-version":[{"id":69446,"href":"https:\/\/elmetropolitano.com.gt\/es\/wp-json\/wp\/v2\/posts\/69444\/revisions\/69446"}],"wp:featuredmedia":[{"embeddable":true,"href":"https:\/\/elmetropolitano.com.gt\/es\/wp-json\/wp\/v2\/media\/69445"}],"wp:attachment":[{"href":"https:\/\/elmetropolitano.com.gt\/es\/wp-json\/wp\/v2\/media?parent=69444"}],"wp:term":[{"taxonomy":"category","embeddable":true,"href":"https:\/\/elmetropolitano.com.gt\/es\/wp-json\/wp\/v2\/categories?post=69444"},{"taxonomy":"post_tag","embeddable":true,"href":"https:\/\/elmetropolitano.com.gt\/es\/wp-json\/wp\/v2\/tags?post=69444"}],"curies":[{"name":"wp","href":"https:\/\/api.w.org\/{rel}","templated":true}]}}