{"id":69467,"date":"2023-07-17T12:15:25","date_gmt":"2023-07-17T18:15:25","guid":{"rendered":"https:\/\/elmetropolitano.com.gt\/es\/?p=69467"},"modified":"2023-07-17T12:53:22","modified_gmt":"2023-07-17T18:53:22","slug":"piden-a-entidades-internacionales-velar-por-las-elecciones-en-guatemala","status":"publish","type":"post","link":"https:\/\/elmetropolitano.com.gt\/es\/piden-a-entidades-internacionales-velar-por-las-elecciones-en-guatemala\/","title":{"rendered":"Piden a entidades internacionales velar por las elecciones en Guatemala"},"content":{"rendered":"\n<p>Los ex jefes de estado y de gobierno participantes en la iniciativa democr\u00e1tica de Espa\u00f1a y Las Am\u00e9ricas, piden la actuaci\u00f3n de la Secretar\u00eda General de la Organizaci\u00f3n de los Estados Americanos y de la Comisi\u00f3n Interamericana de Derechos Humanos, de acuerdo a los estatutos que la rigen, que vigilen el proceso electoral en Guatemala.<\/p>\n\n\n\n<p>Lo anterior se desprende lo ocurrido la semana pasada cuando el Ministerio P\u00fablico, MP, por medio de la Fiscal\u00eda Especial Contra la Impunidad, FECI, intentara por medio de argucias legales, dejar fuera de la contienda electoral a la agrupaci\u00f3n pol\u00edtica Movimiento Semilla.<\/p><div class=\"elmet-contenido\" id=\"elmet-3047038933\"><div class=\"elmet-adlabel\">Anuncios<\/div><div style=\"margin-top: 20px;margin-right: 20px;margin-bottom: 20px;margin-left: 20px;\" id=\"elmet-2138499721\"><a href=\"https:\/\/www.facebook.com\/arrincuanantigua\/\" aria-label=\"cintillo-arrin-cual\"><img loading=\"lazy\" decoding=\"async\" src=\"https:\/\/elmetropolitano.com.gt\/es\/wp-content\/uploads\/2021\/11\/cintillo-arrin-cual-1.jpg\" alt=\"\"  srcset=\"https:\/\/elmetropolitano.com.gt\/es\/wp-content\/uploads\/2021\/11\/cintillo-arrin-cual-1.jpg 750w, https:\/\/elmetropolitano.com.gt\/es\/wp-content\/uploads\/2021\/11\/cintillo-arrin-cual-1-300x36.jpg 300w, https:\/\/elmetropolitano.com.gt\/es\/wp-content\/uploads\/2021\/11\/cintillo-arrin-cual-1-600x72.jpg 600w\" sizes=\"(max-width: 750px) 100vw, 750px\" width=\"750\" height=\"90\"   \/><\/a><\/div><\/div>\n\n\n\n<p>Seg\u00fan indicaron en un comunicado que algo similar ocurri\u00f3 en Venezuela sobre el inconstitucional intento para proscribir la participaci\u00f3n pol\u00edtica de Mar\u00eda Corina Machado, inhabilit\u00e1ndola administrativamente, \u201ccon grave preocupaci\u00f3n vemos la similar medida en la que se avanza en Guatemala, al suspender la personer\u00eda jur\u00eddica del partido Movimiento Semilla, que respalda la candidatura de Bernardo Ar\u00e9valo, para querer impedir que este participara en la segunda vuelta\u201d.<\/p>\n\n\n\n<p>Tanto como en Argentina, su ministro de justicia ha decidido intervenir un instituto (Instituto de Estudios Estrat\u00e9gicos en Seguridad IEES) que dirige la candidata presidencial opositora Patricia Bullrich, con el manifest\u00f3 prop\u00f3sito de frenar el ejercicio de sus derechos pol\u00edticos, lo mismo ocurre con el MP en Guatemala.<\/p>\n\n\n\n<p>Los ex presidente se\u00f1alan que se ven obligados a denunciar y hacer \u00e9nfasis p\u00fablico en lo que es doctrina pac\u00edfica del Sistema Interamericano de Derechos Humanos y previsi\u00f3n expresa de la Carta Democr\u00e1tica Interamericana, a saber que el acceso y ejercicio del poder ha de conformarse al Estado Constitucional y de Derecho; lo que de suyo proscribe de toda forma directa o indirecta de fraude o desviaci\u00f3n en la aplicaci\u00f3n de la ley para condicionar o&nbsp; mediatizar el libre ejercicio de la soberan\u00eda popular.<\/p>\n\n\n\n<p>Firman el comunicado, los ex presidentes, Jos\u00e9 Mar\u00eda Aznar, Espa\u00f1a; Felipe Calder\u00f3n, M\u00e9xico; Rafael Calder\u00f3n, Costa Rica; Alfredo Cristiani, El Salvador; Iv\u00e1n Duque, Colombia; Vicente Fox, M\u00e9xico; Mireya Moscoso, Panam\u00e1; Sebasti\u00e1n Pi\u00f1era, Chile; Juan Carlos Wasmosy, Paraguay, entre otros.<\/p>\n\n\n\n<p>#metroredes<\/p>\n\n\n\n<figure class=\"wp-block-gallery has-nested-images columns-default is-cropped wp-block-gallery-1 is-layout-flex wp-block-gallery-is-layout-flex\">\n<figure class=\"wp-block-image size-large\"><img loading=\"lazy\" decoding=\"async\" width=\"796\" height=\"1024\" data-id=\"69470\" src=\"https:\/\/elmetropolitano.com.gt\/es\/wp-content\/uploads\/2023\/07\/eb9c9614-4bd6-4b18-9170-be6a9344ede6-796x1024.jpg\" alt=\"\" class=\"wp-image-69470\" srcset=\"https:\/\/elmetropolitano.com.gt\/es\/wp-content\/uploads\/2023\/07\/eb9c9614-4bd6-4b18-9170-be6a9344ede6-796x1024.jpg 796w, https:\/\/elmetropolitano.com.gt\/es\/wp-content\/uploads\/2023\/07\/eb9c9614-4bd6-4b18-9170-be6a9344ede6-233x300.jpg 233w, https:\/\/elmetropolitano.com.gt\/es\/wp-content\/uploads\/2023\/07\/eb9c9614-4bd6-4b18-9170-be6a9344ede6-768x988.jpg 768w, https:\/\/elmetropolitano.com.gt\/es\/wp-content\/uploads\/2023\/07\/eb9c9614-4bd6-4b18-9170-be6a9344ede6-1194x1536.jpg 1194w, https:\/\/elmetropolitano.com.gt\/es\/wp-content\/uploads\/2023\/07\/eb9c9614-4bd6-4b18-9170-be6a9344ede6-600x772.jpg 600w, https:\/\/elmetropolitano.com.gt\/es\/wp-content\/uploads\/2023\/07\/eb9c9614-4bd6-4b18-9170-be6a9344ede6.jpg 1242w\" sizes=\"auto, (max-width: 796px) 100vw, 796px\" \/><\/figure>\n\n\n\n<figure class=\"wp-block-image size-large\"><img loading=\"lazy\" decoding=\"async\" width=\"798\" height=\"1024\" data-id=\"69469\" src=\"https:\/\/elmetropolitano.com.gt\/es\/wp-content\/uploads\/2023\/07\/ee32b50c-78db-4121-bb7b-ed287567c8b9-798x1024.jpg\" alt=\"\" class=\"wp-image-69469\" srcset=\"https:\/\/elmetropolitano.com.gt\/es\/wp-content\/uploads\/2023\/07\/ee32b50c-78db-4121-bb7b-ed287567c8b9-798x1024.jpg 798w, https:\/\/elmetropolitano.com.gt\/es\/wp-content\/uploads\/2023\/07\/ee32b50c-78db-4121-bb7b-ed287567c8b9-234x300.jpg 234w, https:\/\/elmetropolitano.com.gt\/es\/wp-content\/uploads\/2023\/07\/ee32b50c-78db-4121-bb7b-ed287567c8b9-768x986.jpg 768w, https:\/\/elmetropolitano.com.gt\/es\/wp-content\/uploads\/2023\/07\/ee32b50c-78db-4121-bb7b-ed287567c8b9-1197x1536.jpg 1197w, https:\/\/elmetropolitano.com.gt\/es\/wp-content\/uploads\/2023\/07\/ee32b50c-78db-4121-bb7b-ed287567c8b9-600x770.jpg 600w, https:\/\/elmetropolitano.com.gt\/es\/wp-content\/uploads\/2023\/07\/ee32b50c-78db-4121-bb7b-ed287567c8b9.jpg 1242w\" sizes=\"auto, (max-width: 798px) 100vw, 798px\" \/><\/figure>\n<\/figure>\n","protected":false},"excerpt":{"rendered":"<p>Los ex jefes de estado y de gobierno participantes en la iniciativa democr\u00e1tica de Espa\u00f1a y Las Am\u00e9ricas, piden la actuaci\u00f3n de la Secretar\u00eda General de la Organizaci\u00f3n de los Estados Americanos y de la Comisi\u00f3n Interamericana de Derechos Humanos, de acuerdo a los estatutos que la rigen, que vigilen el proceso electoral en Guatemala. <a class=\"read-more\" href=\"https:\/\/elmetropolitano.com.gt\/es\/piden-a-entidades-internacionales-velar-por-las-elecciones-en-guatemala\/\">Leer m\u00e1s<\/a><\/p>\n","protected":false},"author":1,"featured_media":69472,"comment_status":"open","ping_status":"closed","sticky":false,"template":"","format":"standard","meta":{"footnotes":""},"categories":[14],"tags":[15],"class_list":["post-69467","post","type-post","status-publish","format-standard","has-post-thumbnail","hentry","category-internacionales","tag-internacionales"],"_links":{"self":[{"href":"https:\/\/elmetropolitano.com.gt\/es\/wp-json\/wp\/v2\/posts\/69467","targetHints":{"allow":["GET"]}}],"collection":[{"href":"https:\/\/elmetropolitano.com.gt\/es\/wp-json\/wp\/v2\/posts"}],"about":[{"href":"https:\/\/elmetropolitano.com.gt\/es\/wp-json\/wp\/v2\/types\/post"}],"author":[{"embeddable":true,"href":"https:\/\/elmetropolitano.com.gt\/es\/wp-json\/wp\/v2\/users\/1"}],"replies":[{"embeddable":true,"href":"https:\/\/elmetropolitano.com.gt\/es\/wp-json\/wp\/v2\/comments?post=69467"}],"version-history":[{"count":1,"href":"https:\/\/elmetropolitano.com.gt\/es\/wp-json\/wp\/v2\/posts\/69467\/revisions"}],"predecessor-version":[{"id":69471,"href":"https:\/\/elmetropolitano.com.gt\/es\/wp-json\/wp\/v2\/posts\/69467\/revisions\/69471"}],"wp:featuredmedia":[{"embeddable":true,"href":"https:\/\/elmetropolitano.com.gt\/es\/wp-json\/wp\/v2\/media\/69472"}],"wp:attachment":[{"href":"https:\/\/elmetropolitano.com.gt\/es\/wp-json\/wp\/v2\/media?parent=69467"}],"wp:term":[{"taxonomy":"category","embeddable":true,"href":"https:\/\/elmetropolitano.com.gt\/es\/wp-json\/wp\/v2\/categories?post=69467"},{"taxonomy":"post_tag","embeddable":true,"href":"https:\/\/elmetropolitano.com.gt\/es\/wp-json\/wp\/v2\/tags?post=69467"}],"curies":[{"name":"wp","href":"https:\/\/api.w.org\/{rel}","templated":true}]}}