{"id":69476,"date":"2023-07-17T13:51:26","date_gmt":"2023-07-17T19:51:26","guid":{"rendered":"https:\/\/elmetropolitano.com.gt\/es\/?p=69476"},"modified":"2023-07-17T13:51:27","modified_gmt":"2023-07-17T19:51:27","slug":"semilla-presenta-recusacion-contra-juez-fredy-orellana","status":"publish","type":"post","link":"https:\/\/elmetropolitano.com.gt\/es\/semilla-presenta-recusacion-contra-juez-fredy-orellana\/","title":{"rendered":"Semilla presenta recusaci\u00f3n contra juez Fredy Orellana"},"content":{"rendered":"\n<p>Por no actuar de buena fe o de forma imparcial al suspender los derechos del agraviado en este proceso, as\u00ed como haber buscado suspender los derechos del partido Movimiento Semilla sin audiencia previa, el equipo legal de la agrupaci\u00f3n present\u00f3 una recusaci\u00f3n contra el Juez Fredy Orellana.<\/p>\n\n\n\n<p>Lo anterior se dio a conocer por la agrupaci\u00f3n pol\u00edtica luego de los hechos suscitados la semana pasada cuando el juez Fredy Orellana a pedido del fiscal Rafael Curruchiche, fiscal de la Fiscal\u00eda Especial Contra la Impunidad, FECI, ordenara la suspensi\u00f3n la personer\u00eda jur\u00eddica del Movimiento Semilla, para sacarlo de la contienda electoral y evitar que fuera a la segunda vuelta.<\/p><div class=\"elmet-contenido\" id=\"elmet-158802673\"><div class=\"elmet-adlabel\">Anuncios<\/div><div style=\"margin-top: 20px;margin-right: 20px;margin-bottom: 20px;margin-left: 20px;\" id=\"elmet-2172724719\"><a href=\"https:\/\/www.facebook.com\/arrincuanantigua\/\" aria-label=\"cintillo-arrin-cual\"><img loading=\"lazy\" decoding=\"async\" src=\"https:\/\/elmetropolitano.com.gt\/es\/wp-content\/uploads\/2021\/11\/cintillo-arrin-cual-1.jpg\" alt=\"\"  srcset=\"https:\/\/elmetropolitano.com.gt\/es\/wp-content\/uploads\/2021\/11\/cintillo-arrin-cual-1.jpg 750w, https:\/\/elmetropolitano.com.gt\/es\/wp-content\/uploads\/2021\/11\/cintillo-arrin-cual-1-300x36.jpg 300w, https:\/\/elmetropolitano.com.gt\/es\/wp-content\/uploads\/2021\/11\/cintillo-arrin-cual-1-600x72.jpg 600w\" sizes=\"(max-width: 750px) 100vw, 750px\" width=\"750\" height=\"90\"   \/><\/a><\/div><\/div>\n\n\n\n<p>Esta medida provoc\u00f3 una inestabilidad pol\u00edtica, promovida, seg\u00fan analistas, por el MP, y que tuvo la reacci\u00f3n de todos los sectores del pa\u00eds y de organizaciones y pa\u00edses amigos, quienes rechazaron rotundamente el actual de este ente investigador.<\/p>\n\n\n\n<p>Ante todo, lo anterior, el equipo legal del partido Semilla accion\u00f3 en contra de la \u201cmala fe\u201d del juzgador, por lo consiguiente se pidi\u00f3 la recusaci\u00f3n contra este juzgador que fue tildado de emanar una orden inconstitucional, que definitivamente no fue acatada por el Registrador de Ciudadanos y el Tribunal Supremo Electoral, al igual que un amparo gallo gallina dado por la Corte de Constitucionalidad, seg\u00fan analistas.<\/p>\n\n\n\n<figure class=\"wp-block-gallery has-nested-images columns-default is-cropped wp-block-gallery-1 is-layout-flex wp-block-gallery-is-layout-flex\">\n<figure class=\"wp-block-image size-large\"><img loading=\"lazy\" decoding=\"async\" width=\"576\" height=\"1024\" data-id=\"69477\" src=\"https:\/\/elmetropolitano.com.gt\/es\/wp-content\/uploads\/2023\/07\/F1QAOZcWcAEbRlh-576x1024.jpg\" alt=\"\" class=\"wp-image-69477\" srcset=\"https:\/\/elmetropolitano.com.gt\/es\/wp-content\/uploads\/2023\/07\/F1QAOZcWcAEbRlh-576x1024.jpg 576w, https:\/\/elmetropolitano.com.gt\/es\/wp-content\/uploads\/2023\/07\/F1QAOZcWcAEbRlh-169x300.jpg 169w, https:\/\/elmetropolitano.com.gt\/es\/wp-content\/uploads\/2023\/07\/F1QAOZcWcAEbRlh-768x1366.jpg 768w, https:\/\/elmetropolitano.com.gt\/es\/wp-content\/uploads\/2023\/07\/F1QAOZcWcAEbRlh-864x1536.jpg 864w, https:\/\/elmetropolitano.com.gt\/es\/wp-content\/uploads\/2023\/07\/F1QAOZcWcAEbRlh-600x1067.jpg 600w, https:\/\/elmetropolitano.com.gt\/es\/wp-content\/uploads\/2023\/07\/F1QAOZcWcAEbRlh.jpg 899w\" sizes=\"auto, (max-width: 576px) 100vw, 576px\" \/><\/figure>\n<\/figure>\n","protected":false},"excerpt":{"rendered":"<p>Por no actuar de buena fe o de forma imparcial al suspender los derechos del agraviado en este proceso, as\u00ed como haber buscado suspender los derechos del partido Movimiento Semilla sin audiencia previa, el equipo legal de la agrupaci\u00f3n present\u00f3 una recusaci\u00f3n contra el Juez Fredy Orellana. Lo anterior se dio a conocer por la <a class=\"read-more\" href=\"https:\/\/elmetropolitano.com.gt\/es\/semilla-presenta-recusacion-contra-juez-fredy-orellana\/\">Leer m\u00e1s<\/a><\/p>\n","protected":false},"author":1,"featured_media":69477,"comment_status":"open","ping_status":"closed","sticky":false,"template":"","format":"standard","meta":{"footnotes":""},"categories":[2],"tags":[12],"class_list":["post-69476","post","type-post","status-publish","format-standard","has-post-thumbnail","hentry","category-nacionales","tag-nacionales"],"_links":{"self":[{"href":"https:\/\/elmetropolitano.com.gt\/es\/wp-json\/wp\/v2\/posts\/69476","targetHints":{"allow":["GET"]}}],"collection":[{"href":"https:\/\/elmetropolitano.com.gt\/es\/wp-json\/wp\/v2\/posts"}],"about":[{"href":"https:\/\/elmetropolitano.com.gt\/es\/wp-json\/wp\/v2\/types\/post"}],"author":[{"embeddable":true,"href":"https:\/\/elmetropolitano.com.gt\/es\/wp-json\/wp\/v2\/users\/1"}],"replies":[{"embeddable":true,"href":"https:\/\/elmetropolitano.com.gt\/es\/wp-json\/wp\/v2\/comments?post=69476"}],"version-history":[{"count":1,"href":"https:\/\/elmetropolitano.com.gt\/es\/wp-json\/wp\/v2\/posts\/69476\/revisions"}],"predecessor-version":[{"id":69478,"href":"https:\/\/elmetropolitano.com.gt\/es\/wp-json\/wp\/v2\/posts\/69476\/revisions\/69478"}],"wp:featuredmedia":[{"embeddable":true,"href":"https:\/\/elmetropolitano.com.gt\/es\/wp-json\/wp\/v2\/media\/69477"}],"wp:attachment":[{"href":"https:\/\/elmetropolitano.com.gt\/es\/wp-json\/wp\/v2\/media?parent=69476"}],"wp:term":[{"taxonomy":"category","embeddable":true,"href":"https:\/\/elmetropolitano.com.gt\/es\/wp-json\/wp\/v2\/categories?post=69476"},{"taxonomy":"post_tag","embeddable":true,"href":"https:\/\/elmetropolitano.com.gt\/es\/wp-json\/wp\/v2\/tags?post=69476"}],"curies":[{"name":"wp","href":"https:\/\/api.w.org\/{rel}","templated":true}]}}