{"id":69524,"date":"2023-07-18T12:09:32","date_gmt":"2023-07-18T18:09:32","guid":{"rendered":"https:\/\/elmetropolitano.com.gt\/es\/?p=69524"},"modified":"2023-07-18T12:12:06","modified_gmt":"2023-07-18T18:12:06","slug":"juez-orellana-pide-al-mp-investigar-al-registrador-de-ciudadanos-del-tse","status":"publish","type":"post","link":"https:\/\/elmetropolitano.com.gt\/es\/juez-orellana-pide-al-mp-investigar-al-registrador-de-ciudadanos-del-tse\/","title":{"rendered":"Juez Orellana pide al MP investigar al registrador de ciudadanos del TSE"},"content":{"rendered":"\n<p>A pesar de los amparos y la oficializaci\u00f3n de los resultados de la primera vuelta electoral realizada el pasado 25 de junio, los tribunales contin\u00faan con su intento de bloquear al Movimiento Semilla, el mismo juez Fredy Orellana, orden\u00f3 al Ministerio P\u00fablico, MP, iniciar una investigaci\u00f3n contra el registrador de ciudadanos Jos\u00e9 Ramiro Mu\u00f1oz.<\/p>\n\n\n\n<p>Se inform\u00f3 que el juzgador quiere que el registrador sea investigado de porque no acat\u00f3 la orden de suspender a la organizaci\u00f3n pol\u00edtica Movimiento Semilla y por esa raz\u00f3n certifican lo conducente contra el licenciado Mu\u00f1oz.<\/p><div class=\"elmet-contenido\" id=\"elmet-728132676\"><div class=\"elmet-adlabel\">Anuncios<\/div><div style=\"margin-top: 20px;margin-right: 20px;margin-bottom: 20px;margin-left: 20px;\" id=\"elmet-3129492252\"><a href=\"https:\/\/www.facebook.com\/arrincuanantigua\/\" aria-label=\"cintillo-arrin-cual\"><img loading=\"lazy\" decoding=\"async\" src=\"https:\/\/elmetropolitano.com.gt\/es\/wp-content\/uploads\/2021\/11\/cintillo-arrin-cual-1.jpg\" alt=\"\"  srcset=\"https:\/\/elmetropolitano.com.gt\/es\/wp-content\/uploads\/2021\/11\/cintillo-arrin-cual-1.jpg 750w, https:\/\/elmetropolitano.com.gt\/es\/wp-content\/uploads\/2021\/11\/cintillo-arrin-cual-1-300x36.jpg 300w, https:\/\/elmetropolitano.com.gt\/es\/wp-content\/uploads\/2021\/11\/cintillo-arrin-cual-1-600x72.jpg 600w\" sizes=\"(max-width: 750px) 100vw, 750px\" width=\"750\" height=\"90\"   \/><\/a><\/div><\/div>\n\n\n\n<p>Desde que se conoci\u00f3 la decisi\u00f3n de la Corte de Constitucionalidad, CC, el licenciado Mu\u00f1oz en conferencia de prensa fue claro en expresar que no obedecer\u00eda la orden del juzgado, ya que el registrador act\u00faa conforme a derecho y ratific\u00f3 la vigencia del Movimiento Semilla para continuar en la contienda electoral anunciada por el Tribunal Supremo Electoral para la segunda vuelta.<\/p>\n\n\n\n<p>Juzgado ordena que se le retire la inmunidad para poder capturarlo, seg\u00fan analistas, este pudo haber sido la causa por la que el licenciado Mu\u00f1oz pidiera vacaciones y pr\u00e1cticamente se convierta en otro exilado, ya que seguramente se fue a los Estados Unidos.<\/p>\n\n\n\n<p>#metroredes<\/p>\n\n\n\n<p><\/p>\n\n\n\n<figure class=\"wp-block-gallery has-nested-images columns-default is-cropped wp-block-gallery-1 is-layout-flex wp-block-gallery-is-layout-flex\">\n<figure class=\"wp-block-image size-large\"><img loading=\"lazy\" decoding=\"async\" width=\"336\" height=\"400\" data-id=\"69528\" src=\"https:\/\/elmetropolitano.com.gt\/es\/wp-content\/uploads\/2023\/07\/359844076_653546430139161_4897083089532011531_n-2.jpg\" alt=\"\" class=\"wp-image-69528\" srcset=\"https:\/\/elmetropolitano.com.gt\/es\/wp-content\/uploads\/2023\/07\/359844076_653546430139161_4897083089532011531_n-2.jpg 336w, https:\/\/elmetropolitano.com.gt\/es\/wp-content\/uploads\/2023\/07\/359844076_653546430139161_4897083089532011531_n-2-252x300.jpg 252w\" sizes=\"auto, (max-width: 336px) 100vw, 336px\" \/><\/figure>\n<\/figure>\n","protected":false},"excerpt":{"rendered":"<p>A pesar de los amparos y la oficializaci\u00f3n de los resultados de la primera vuelta electoral realizada el pasado 25 de junio, los tribunales contin\u00faan con su intento de bloquear al Movimiento Semilla, el mismo juez Fredy Orellana, orden\u00f3 al Ministerio P\u00fablico, MP, iniciar una investigaci\u00f3n contra el registrador de ciudadanos Jos\u00e9 Ramiro Mu\u00f1oz. Se <a class=\"read-more\" href=\"https:\/\/elmetropolitano.com.gt\/es\/juez-orellana-pide-al-mp-investigar-al-registrador-de-ciudadanos-del-tse\/\">Leer m\u00e1s<\/a><\/p>\n","protected":false},"author":1,"featured_media":69527,"comment_status":"open","ping_status":"closed","sticky":false,"template":"","format":"standard","meta":{"footnotes":""},"categories":[2],"tags":[12],"class_list":["post-69524","post","type-post","status-publish","format-standard","has-post-thumbnail","hentry","category-nacionales","tag-nacionales"],"_links":{"self":[{"href":"https:\/\/elmetropolitano.com.gt\/es\/wp-json\/wp\/v2\/posts\/69524","targetHints":{"allow":["GET"]}}],"collection":[{"href":"https:\/\/elmetropolitano.com.gt\/es\/wp-json\/wp\/v2\/posts"}],"about":[{"href":"https:\/\/elmetropolitano.com.gt\/es\/wp-json\/wp\/v2\/types\/post"}],"author":[{"embeddable":true,"href":"https:\/\/elmetropolitano.com.gt\/es\/wp-json\/wp\/v2\/users\/1"}],"replies":[{"embeddable":true,"href":"https:\/\/elmetropolitano.com.gt\/es\/wp-json\/wp\/v2\/comments?post=69524"}],"version-history":[{"count":2,"href":"https:\/\/elmetropolitano.com.gt\/es\/wp-json\/wp\/v2\/posts\/69524\/revisions"}],"predecessor-version":[{"id":69529,"href":"https:\/\/elmetropolitano.com.gt\/es\/wp-json\/wp\/v2\/posts\/69524\/revisions\/69529"}],"wp:featuredmedia":[{"embeddable":true,"href":"https:\/\/elmetropolitano.com.gt\/es\/wp-json\/wp\/v2\/media\/69527"}],"wp:attachment":[{"href":"https:\/\/elmetropolitano.com.gt\/es\/wp-json\/wp\/v2\/media?parent=69524"}],"wp:term":[{"taxonomy":"category","embeddable":true,"href":"https:\/\/elmetropolitano.com.gt\/es\/wp-json\/wp\/v2\/categories?post=69524"},{"taxonomy":"post_tag","embeddable":true,"href":"https:\/\/elmetropolitano.com.gt\/es\/wp-json\/wp\/v2\/tags?post=69524"}],"curies":[{"name":"wp","href":"https:\/\/api.w.org\/{rel}","templated":true}]}}