{"id":69530,"date":"2023-07-18T13:37:34","date_gmt":"2023-07-18T19:37:34","guid":{"rendered":"https:\/\/elmetropolitano.com.gt\/es\/?p=69530"},"modified":"2023-07-18T13:38:21","modified_gmt":"2023-07-18T19:38:21","slug":"bernardo-arevalo-los-denuncia-ante-junta-disciplinaria-del-organismo-judicial","status":"publish","type":"post","link":"https:\/\/elmetropolitano.com.gt\/es\/bernardo-arevalo-los-denuncia-ante-junta-disciplinaria-del-organismo-judicial\/","title":{"rendered":"Bernardo Ar\u00e9valo los denuncia ante junta disciplinaria del Organismo Judicial"},"content":{"rendered":"\n<p>El partido Movimiento Semilla present\u00f3 por medio de su Secretario General Bernardo Ar\u00e9valo una queja ante la junta disciplinaria del Organismo Judicial en contra del juez s\u00e9ptimo, Fredy Orellana por \u00abuna resoluci\u00f3n que carece de fundamento legal\u00bb.<\/p>\n\n\n\n<p>Adem\u00e1s, Ar\u00e9valo tambi\u00e9n present\u00f3 una queja en contra de la magistrada Silvia Vald\u00e9s, presidente de la Corte Suprema de Justicia CSJ por haber, aparentemente, tratado de variar las formas del proceso electoral, de manera unilateral, a trav\u00e9s de una resoluci\u00f3n.<\/p><div class=\"elmet-contenido\" id=\"elmet-4197963456\"><div class=\"elmet-adlabel\">Anuncios<\/div><div style=\"margin-top: 20px;margin-right: 20px;margin-bottom: 20px;margin-left: 20px;\" id=\"elmet-412119065\"><a href=\"https:\/\/www.facebook.com\/arrincuanantigua\/\" aria-label=\"cintillo-arrin-cual\"><img loading=\"lazy\" decoding=\"async\" src=\"https:\/\/elmetropolitano.com.gt\/es\/wp-content\/uploads\/2021\/11\/cintillo-arrin-cual-1.jpg\" alt=\"\"  srcset=\"https:\/\/elmetropolitano.com.gt\/es\/wp-content\/uploads\/2021\/11\/cintillo-arrin-cual-1.jpg 750w, https:\/\/elmetropolitano.com.gt\/es\/wp-content\/uploads\/2021\/11\/cintillo-arrin-cual-1-300x36.jpg 300w, https:\/\/elmetropolitano.com.gt\/es\/wp-content\/uploads\/2021\/11\/cintillo-arrin-cual-1-600x72.jpg 600w\" sizes=\"(max-width: 750px) 100vw, 750px\" width=\"750\" height=\"90\"   \/><\/a><\/div><\/div>\n\n\n\n<p><a href=\"https:\/\/www.facebook.com\/hashtag\/eleccionesgt2023?__eep__=6&amp;__cft__[0]=AZW-kZjqCywiDm5KWme3mnI16LZIVNMED-3dzMw0TAFrQeeM3sSz1cBKC3jp3f8w4HPOklILFFG0BzOaGJbbfsE_y2Q6TM8p3o2efZQ42mQJYBMz-7S8W6_xuWEz16wIFAIkDahpSqLxajGMEEGUqHnPSnUk_l3IV4S7_V8t444uLShPW7qvFzxzOvjwOMUhcU0&amp;__tn__=*NK-R\">#EleccionesGT2023<\/a><a href=\"https:\/\/www.facebook.com\/hashtag\/yovoto?__eep__=6&amp;__cft__[0]=AZW-kZjqCywiDm5KWme3mnI16LZIVNMED-3dzMw0TAFrQeeM3sSz1cBKC3jp3f8w4HPOklILFFG0BzOaGJbbfsE_y2Q6TM8p3o2efZQ42mQJYBMz-7S8W6_xuWEz16wIFAIkDahpSqLxajGMEEGUqHnPSnUk_l3IV4S7_V8t444uLShPW7qvFzxzOvjwOMUhcU0&amp;__tn__=*NK-R\">#YoVoto<\/a><\/p>\n\n\n\n<figure class=\"wp-block-gallery has-nested-images columns-default is-cropped wp-block-gallery-1 is-layout-flex wp-block-gallery-is-layout-flex\">\n<figure class=\"wp-block-image size-large\"><img loading=\"lazy\" decoding=\"async\" width=\"800\" height=\"1024\" data-id=\"69533\" src=\"https:\/\/elmetropolitano.com.gt\/es\/wp-content\/uploads\/2023\/07\/357067751_744775127648573_7871035745516229371_n-800x1024.jpg\" alt=\"\" class=\"wp-image-69533\" srcset=\"https:\/\/elmetropolitano.com.gt\/es\/wp-content\/uploads\/2023\/07\/357067751_744775127648573_7871035745516229371_n-800x1024.jpg 800w, https:\/\/elmetropolitano.com.gt\/es\/wp-content\/uploads\/2023\/07\/357067751_744775127648573_7871035745516229371_n-234x300.jpg 234w, https:\/\/elmetropolitano.com.gt\/es\/wp-content\/uploads\/2023\/07\/357067751_744775127648573_7871035745516229371_n-768x983.jpg 768w, https:\/\/elmetropolitano.com.gt\/es\/wp-content\/uploads\/2023\/07\/357067751_744775127648573_7871035745516229371_n-600x768.jpg 600w, https:\/\/elmetropolitano.com.gt\/es\/wp-content\/uploads\/2023\/07\/357067751_744775127648573_7871035745516229371_n.jpg 941w\" sizes=\"auto, (max-width: 800px) 100vw, 800px\" \/><\/figure>\n<\/figure>\n\n\n\n<figure class=\"wp-block-gallery has-nested-images columns-default is-cropped wp-block-gallery-2 is-layout-flex wp-block-gallery-is-layout-flex\">\n<figure class=\"wp-block-image size-large\"><img loading=\"lazy\" decoding=\"async\" width=\"1024\" height=\"768\" data-id=\"69534\" src=\"https:\/\/elmetropolitano.com.gt\/es\/wp-content\/uploads\/2023\/07\/357137038_744775130981906_2763718685274662258_n-2.jpg\" alt=\"\" class=\"wp-image-69534\" srcset=\"https:\/\/elmetropolitano.com.gt\/es\/wp-content\/uploads\/2023\/07\/357137038_744775130981906_2763718685274662258_n-2.jpg 1024w, https:\/\/elmetropolitano.com.gt\/es\/wp-content\/uploads\/2023\/07\/357137038_744775130981906_2763718685274662258_n-2-300x225.jpg 300w, https:\/\/elmetropolitano.com.gt\/es\/wp-content\/uploads\/2023\/07\/357137038_744775130981906_2763718685274662258_n-2-768x576.jpg 768w, https:\/\/elmetropolitano.com.gt\/es\/wp-content\/uploads\/2023\/07\/357137038_744775130981906_2763718685274662258_n-2-600x450.jpg 600w\" sizes=\"auto, (max-width: 1024px) 100vw, 1024px\" \/><\/figure>\n<\/figure>\n","protected":false},"excerpt":{"rendered":"<p>El partido Movimiento Semilla present\u00f3 por medio de su Secretario General Bernardo Ar\u00e9valo una queja ante la junta disciplinaria del Organismo Judicial en contra del juez s\u00e9ptimo, Fredy Orellana por \u00abuna resoluci\u00f3n que carece de fundamento legal\u00bb. Adem\u00e1s, Ar\u00e9valo tambi\u00e9n present\u00f3 una queja en contra de la magistrada Silvia Vald\u00e9s, presidente de la Corte Suprema <a class=\"read-more\" href=\"https:\/\/elmetropolitano.com.gt\/es\/bernardo-arevalo-los-denuncia-ante-junta-disciplinaria-del-organismo-judicial\/\">Leer m\u00e1s<\/a><\/p>\n","protected":false},"author":1,"featured_media":69531,"comment_status":"open","ping_status":"closed","sticky":false,"template":"","format":"standard","meta":{"footnotes":""},"categories":[2],"tags":[12],"class_list":["post-69530","post","type-post","status-publish","format-standard","has-post-thumbnail","hentry","category-nacionales","tag-nacionales"],"_links":{"self":[{"href":"https:\/\/elmetropolitano.com.gt\/es\/wp-json\/wp\/v2\/posts\/69530","targetHints":{"allow":["GET"]}}],"collection":[{"href":"https:\/\/elmetropolitano.com.gt\/es\/wp-json\/wp\/v2\/posts"}],"about":[{"href":"https:\/\/elmetropolitano.com.gt\/es\/wp-json\/wp\/v2\/types\/post"}],"author":[{"embeddable":true,"href":"https:\/\/elmetropolitano.com.gt\/es\/wp-json\/wp\/v2\/users\/1"}],"replies":[{"embeddable":true,"href":"https:\/\/elmetropolitano.com.gt\/es\/wp-json\/wp\/v2\/comments?post=69530"}],"version-history":[{"count":1,"href":"https:\/\/elmetropolitano.com.gt\/es\/wp-json\/wp\/v2\/posts\/69530\/revisions"}],"predecessor-version":[{"id":69535,"href":"https:\/\/elmetropolitano.com.gt\/es\/wp-json\/wp\/v2\/posts\/69530\/revisions\/69535"}],"wp:featuredmedia":[{"embeddable":true,"href":"https:\/\/elmetropolitano.com.gt\/es\/wp-json\/wp\/v2\/media\/69531"}],"wp:attachment":[{"href":"https:\/\/elmetropolitano.com.gt\/es\/wp-json\/wp\/v2\/media?parent=69530"}],"wp:term":[{"taxonomy":"category","embeddable":true,"href":"https:\/\/elmetropolitano.com.gt\/es\/wp-json\/wp\/v2\/categories?post=69530"},{"taxonomy":"post_tag","embeddable":true,"href":"https:\/\/elmetropolitano.com.gt\/es\/wp-json\/wp\/v2\/tags?post=69530"}],"curies":[{"name":"wp","href":"https:\/\/api.w.org\/{rel}","templated":true}]}}