{"id":69540,"date":"2023-07-18T15:47:00","date_gmt":"2023-07-18T21:47:00","guid":{"rendered":"https:\/\/elmetropolitano.com.gt\/es\/?p=69540"},"modified":"2023-07-18T19:57:14","modified_gmt":"2023-07-19T01:57:14","slug":"giran-orden-de-captura-en-contra-de-dos-integrantes-del-movimiento-semilla","status":"publish","type":"post","link":"https:\/\/elmetropolitano.com.gt\/es\/giran-orden-de-captura-en-contra-de-dos-integrantes-del-movimiento-semilla\/","title":{"rendered":"Giran orden de captura en contra de dos integrantes del Movimiento Semilla"},"content":{"rendered":"\n<p>El juez Fredy Orellana, del juzgado s\u00e9ptimo de primera instancia penal, orden\u00f3 la orden de captura en contra de Cinthya Alejandra Rojas Donis y Jaime Gabriel Gudiel Arias, del partido pol\u00edtico Movimiento Semilla, acusados de los delitos de falsedad ideol\u00f3gica con agravaci\u00f3n electoral en forma continuada y asociaci\u00f3n il\u00edcita.<\/p>\n\n\n\n<p>En la orden emanada por el referido juzgado, se\u00f1ala que la captura fue solicitada por el Ministerio P\u00fablico, MP, quien contin\u00faa con la investigaci\u00f3n del caso Semilla. Asimismo, el MP envi\u00f3 solicitud al registrador de ciudadanos licenciado Jos\u00e9 Ramiro Mu\u00f1oz, para que en un plazo de dos horas notifique porque no se cumpli\u00f3 con la orden emanada del juzgado s\u00e9ptimo para la cancelaci\u00f3n del partido Semilla.<\/p><div class=\"elmet-contenido\" id=\"elmet-1340532146\"><div class=\"elmet-adlabel\">Anuncios<\/div><div style=\"margin-top: 20px;margin-right: 20px;margin-bottom: 20px;margin-left: 20px;\" id=\"elmet-1161842986\"><a href=\"https:\/\/www.facebook.com\/arrincuanantigua\/\" aria-label=\"cintillo-arrin-cual\"><img loading=\"lazy\" decoding=\"async\" src=\"https:\/\/elmetropolitano.com.gt\/es\/wp-content\/uploads\/2021\/11\/cintillo-arrin-cual-1.jpg\" alt=\"\"  srcset=\"https:\/\/elmetropolitano.com.gt\/es\/wp-content\/uploads\/2021\/11\/cintillo-arrin-cual-1.jpg 750w, https:\/\/elmetropolitano.com.gt\/es\/wp-content\/uploads\/2021\/11\/cintillo-arrin-cual-1-300x36.jpg 300w, https:\/\/elmetropolitano.com.gt\/es\/wp-content\/uploads\/2021\/11\/cintillo-arrin-cual-1-600x72.jpg 600w\" sizes=\"(max-width: 750px) 100vw, 750px\" width=\"750\" height=\"90\"   \/><\/a><\/div><\/div>\n\n\n\n<p>En este documento, el MP se\u00f1ala que los cargos obtenidos en las elecciones del pasado 25 de junio no debieron ser adjudicados, pues al momento no existe ninguna resoluci\u00f3n pendiente que impida que se cumpla con dicha orden judicial y se certifica lo conducente en contra del registrados de ciudadanos Jos\u00e9 Ramiro Mu\u00f1oz emanada por el juez contralor el d\u00eda de hoy.<\/p>\n\n\n\n<p>Seg\u00fan analistas, sorprende esta orden del juzgador, cuando ya se ha dejado bien claro que seg\u00fan el art\u00edculo 92 de la Ley Electoral y de Partidos Pol\u00edticos (Ley de rango constitucional) establece: \u201cNo podr\u00e1 suspenderse un partido despu\u00e9s de la convocatoria a una elecci\u00f3n y hasta que \u00e9sta se haya celebrado.\u201d<\/p>\n\n\n\n<p>A\u00f1aden que en el art\u00edculo 156 de la Constituci\u00f3n Pol\u00edtica de la Rep\u00fablica de Guatemala en cuanto a \u201cNo obligatoriedad de \u00f3rdenes ilegales. Ning\u00fan funcionario o empleado p\u00fablico, civil o militar, est\u00e1 obligado a cumplir \u00f3rdenes manifiestamente ilegales o que impliquen la comisi\u00f3n de un delito\u201d.<\/p>\n\n\n\n<p>Esto anterior tambi\u00e9n fue manifestado por el Mirador Electoral por medio de un comunicado quien califica estas acciones como \u201cun acto de abierta ilegalidad\u201d la suspensi\u00f3n de la personer\u00eda jur\u00eddica del partido pol\u00edtico Semilla.<\/p>\n\n\n\n<figure class=\"wp-block-gallery has-nested-images columns-default is-cropped wp-block-gallery-1 is-layout-flex wp-block-gallery-is-layout-flex\">\n<figure class=\"wp-block-image size-large\"><img loading=\"lazy\" decoding=\"async\" width=\"707\" height=\"1024\" data-id=\"69550\" src=\"https:\/\/elmetropolitano.com.gt\/es\/wp-content\/uploads\/2023\/07\/F1WRA7bXwAA3ESt-1-707x1024.jpg\" alt=\"\" class=\"wp-image-69550\" srcset=\"https:\/\/elmetropolitano.com.gt\/es\/wp-content\/uploads\/2023\/07\/F1WRA7bXwAA3ESt-1-707x1024.jpg 707w, https:\/\/elmetropolitano.com.gt\/es\/wp-content\/uploads\/2023\/07\/F1WRA7bXwAA3ESt-1-207x300.jpg 207w, https:\/\/elmetropolitano.com.gt\/es\/wp-content\/uploads\/2023\/07\/F1WRA7bXwAA3ESt-1-768x1112.jpg 768w, https:\/\/elmetropolitano.com.gt\/es\/wp-content\/uploads\/2023\/07\/F1WRA7bXwAA3ESt-1-600x869.jpg 600w, https:\/\/elmetropolitano.com.gt\/es\/wp-content\/uploads\/2023\/07\/F1WRA7bXwAA3ESt-1.jpg 973w\" sizes=\"auto, (max-width: 707px) 100vw, 707px\" \/><\/figure>\n\n\n\n<figure class=\"wp-block-image size-large\"><img loading=\"lazy\" decoding=\"async\" width=\"743\" height=\"1024\" data-id=\"69549\" src=\"https:\/\/elmetropolitano.com.gt\/es\/wp-content\/uploads\/2023\/07\/F1WRBL7X0AAWGmO-1-743x1024.jpg\" alt=\"\" class=\"wp-image-69549\" srcset=\"https:\/\/elmetropolitano.com.gt\/es\/wp-content\/uploads\/2023\/07\/F1WRBL7X0AAWGmO-1-743x1024.jpg 743w, https:\/\/elmetropolitano.com.gt\/es\/wp-content\/uploads\/2023\/07\/F1WRBL7X0AAWGmO-1-218x300.jpg 218w, https:\/\/elmetropolitano.com.gt\/es\/wp-content\/uploads\/2023\/07\/F1WRBL7X0AAWGmO-1-768x1058.jpg 768w, https:\/\/elmetropolitano.com.gt\/es\/wp-content\/uploads\/2023\/07\/F1WRBL7X0AAWGmO-1-600x827.jpg 600w, https:\/\/elmetropolitano.com.gt\/es\/wp-content\/uploads\/2023\/07\/F1WRBL7X0AAWGmO-1.jpg 1030w\" sizes=\"auto, (max-width: 743px) 100vw, 743px\" \/><\/figure>\n\n\n\n<figure class=\"wp-block-image size-large\"><img loading=\"lazy\" decoding=\"async\" width=\"724\" height=\"1024\" data-id=\"69548\" src=\"https:\/\/elmetropolitano.com.gt\/es\/wp-content\/uploads\/2023\/07\/F1WNsZRWwAAq5wQ-1-724x1024.jpg\" alt=\"\" class=\"wp-image-69548\" srcset=\"https:\/\/elmetropolitano.com.gt\/es\/wp-content\/uploads\/2023\/07\/F1WNsZRWwAAq5wQ-1-724x1024.jpg 724w, https:\/\/elmetropolitano.com.gt\/es\/wp-content\/uploads\/2023\/07\/F1WNsZRWwAAq5wQ-1-212x300.jpg 212w, https:\/\/elmetropolitano.com.gt\/es\/wp-content\/uploads\/2023\/07\/F1WNsZRWwAAq5wQ-1-600x848.jpg 600w, https:\/\/elmetropolitano.com.gt\/es\/wp-content\/uploads\/2023\/07\/F1WNsZRWwAAq5wQ-1.jpg 768w\" sizes=\"auto, (max-width: 724px) 100vw, 724px\" \/><\/figure>\n<\/figure>\n","protected":false},"excerpt":{"rendered":"<p>El juez Fredy Orellana, del juzgado s\u00e9ptimo de primera instancia penal, orden\u00f3 la orden de captura en contra de Cinthya Alejandra Rojas Donis y Jaime Gabriel Gudiel Arias, del partido pol\u00edtico Movimiento Semilla, acusados de los delitos de falsedad ideol\u00f3gica con agravaci\u00f3n electoral en forma continuada y asociaci\u00f3n il\u00edcita. En la orden emanada por el <a class=\"read-more\" href=\"https:\/\/elmetropolitano.com.gt\/es\/giran-orden-de-captura-en-contra-de-dos-integrantes-del-movimiento-semilla\/\">Leer m\u00e1s<\/a><\/p>\n","protected":false},"author":1,"featured_media":69549,"comment_status":"open","ping_status":"closed","sticky":false,"template":"","format":"standard","meta":{"footnotes":""},"categories":[2],"tags":[12],"class_list":["post-69540","post","type-post","status-publish","format-standard","has-post-thumbnail","hentry","category-nacionales","tag-nacionales"],"_links":{"self":[{"href":"https:\/\/elmetropolitano.com.gt\/es\/wp-json\/wp\/v2\/posts\/69540","targetHints":{"allow":["GET"]}}],"collection":[{"href":"https:\/\/elmetropolitano.com.gt\/es\/wp-json\/wp\/v2\/posts"}],"about":[{"href":"https:\/\/elmetropolitano.com.gt\/es\/wp-json\/wp\/v2\/types\/post"}],"author":[{"embeddable":true,"href":"https:\/\/elmetropolitano.com.gt\/es\/wp-json\/wp\/v2\/users\/1"}],"replies":[{"embeddable":true,"href":"https:\/\/elmetropolitano.com.gt\/es\/wp-json\/wp\/v2\/comments?post=69540"}],"version-history":[{"count":2,"href":"https:\/\/elmetropolitano.com.gt\/es\/wp-json\/wp\/v2\/posts\/69540\/revisions"}],"predecessor-version":[{"id":69552,"href":"https:\/\/elmetropolitano.com.gt\/es\/wp-json\/wp\/v2\/posts\/69540\/revisions\/69552"}],"wp:featuredmedia":[{"embeddable":true,"href":"https:\/\/elmetropolitano.com.gt\/es\/wp-json\/wp\/v2\/media\/69549"}],"wp:attachment":[{"href":"https:\/\/elmetropolitano.com.gt\/es\/wp-json\/wp\/v2\/media?parent=69540"}],"wp:term":[{"taxonomy":"category","embeddable":true,"href":"https:\/\/elmetropolitano.com.gt\/es\/wp-json\/wp\/v2\/categories?post=69540"},{"taxonomy":"post_tag","embeddable":true,"href":"https:\/\/elmetropolitano.com.gt\/es\/wp-json\/wp\/v2\/tags?post=69540"}],"curies":[{"name":"wp","href":"https:\/\/api.w.org\/{rel}","templated":true}]}}