{"id":69561,"date":"2023-07-19T09:49:34","date_gmt":"2023-07-19T15:49:34","guid":{"rendered":"https:\/\/elmetropolitano.com.gt\/es\/?p=69561"},"modified":"2023-07-19T09:49:35","modified_gmt":"2023-07-19T15:49:35","slug":"viceministro-manuel-eduardo-arita-asume-como-ministro-de-energia-y-minas","status":"publish","type":"post","link":"https:\/\/elmetropolitano.com.gt\/es\/viceministro-manuel-eduardo-arita-asume-como-ministro-de-energia-y-minas\/","title":{"rendered":"Viceministro Manuel Eduardo Arita asume como ministro de Energ\u00eda y Minas"},"content":{"rendered":"\n<p>Este martes fue juramentado Manuel Eduardo Arita Sagastume como nuevo titular del Ministerio de Energ\u00eda y Minas (MEM).<\/p>\n\n\n\n<p>La juramentaci\u00f3n estuvo a cargo de la Secretar\u00eda General de la Presidencia y se realiz\u00f3 en un acto en la Casa Presidencial.<\/p><div class=\"elmet-contenido\" id=\"elmet-1205875866\"><div class=\"elmet-adlabel\">Anuncios<\/div><div style=\"margin-top: 20px;margin-right: 20px;margin-bottom: 20px;margin-left: 20px;\" id=\"elmet-2694942288\"><a href=\"https:\/\/www.facebook.com\/arrincuanantigua\/\" aria-label=\"cintillo-arrin-cual\"><img loading=\"lazy\" decoding=\"async\" src=\"https:\/\/elmetropolitano.com.gt\/es\/wp-content\/uploads\/2021\/11\/cintillo-arrin-cual-1.jpg\" alt=\"\"  srcset=\"https:\/\/elmetropolitano.com.gt\/es\/wp-content\/uploads\/2021\/11\/cintillo-arrin-cual-1.jpg 750w, https:\/\/elmetropolitano.com.gt\/es\/wp-content\/uploads\/2021\/11\/cintillo-arrin-cual-1-300x36.jpg 300w, https:\/\/elmetropolitano.com.gt\/es\/wp-content\/uploads\/2021\/11\/cintillo-arrin-cual-1-600x72.jpg 600w\" sizes=\"(max-width: 750px) 100vw, 750px\" width=\"750\" height=\"90\"   \/><\/a><\/div><\/div>\n\n\n\n<p>El <a><\/a>reci\u00e9n nombrado ministro de Energ\u00eda y Minas es un ingeniero electricista con maestr\u00eda en Administraci\u00f3n de Empresas, que tiene m\u00e1s de 24 a\u00f1os de experiencia en el sector el\u00e9ctrico del pa\u00eds.<\/p>\n\n\n\n<p>Carrera profesional<\/p>\n\n\n\n<p>Durante el gobierno actual, el nuevo ministro estuvo a cargo del Viceministerio de Energ\u00eda y Minas, espec\u00edficamente en el \u00e1rea energ\u00e9tica, desde el 16 de enero de 2020 hasta hoy.<\/p>\n\n\n\n<p>Per\u00edodo durante el cual tambi\u00e9n fue director suplente ante el Consejo Directivo del Instituto Nacional de Electrificaci\u00f3n (INDE) y comisionado ante la Comisi\u00f3n Regional de Interconexi\u00f3n El\u00e9ctrica (CRIE).<\/p>\n\n\n\n<p>En el sector privado trabaj\u00f3 como gerente general para varias empresas relacionadas con el sector energ\u00e9tico en la regi\u00f3n centroamericana. Entre estas la empresa Transportista El\u00e9ctrica Centroamericana (Trelec), en la que escal\u00f3 hasta gerente general.<\/p>\n\n\n\n<p>En sus primeros pasos como profesional, egresado de la Universidad de San Carlos de Guatemala, trabaj\u00f3 en diversos puestos en la Empresa El\u00e9ctrica de Guatemala.<\/p>\n\n\n\n<p>La experiencia adquirida en el desarrollo de planes de expansi\u00f3n de generaci\u00f3n, transmisi\u00f3n y distribuci\u00f3n a escala nacional le ha permitido conocer las necesidades y oportunidades del sistema nacional interconectado.<\/p>\n\n\n\n<p>El ministro Arita Sagastume obtuvo una maestr\u00eda en Administraci\u00f3n de Empresas en la Universidad Rafael Land\u00edvar en 2017.<\/p>\n\n\n\n<p>Primeras acciones<\/p>\n\n\n\n<p>Tras asumir el cargo, el funcionario destac\u00f3 que continuar\u00e1n impulsando los proyectos de electrificaci\u00f3n rural, para llegar a los hogares m\u00e1s lejanos del pa\u00eds.<\/p>\n\n\n\n<p>En especial de cinco departamentos priorizados entre los que destacan Pet\u00e9n, Alta Verapaz y Huehuetenango. As\u00ed lo indic\u00f3 el funcionario:<\/p>\n\n\n\n<p>Me siento agradecido con el se\u00f1or Presidente, de servirle y servirle a mi pa\u00eds, y seguir desarrollando los programas y proyectos del Ministerio de Energ\u00eda y Minas.<\/p>\n\n\n\n<p>El funcionario destac\u00f3 que es importante impulsar la electrificaci\u00f3n en el \u00e1rea rural en fomento del desarrollo de las comunidades. Adem\u00e1s, impulsar la econom\u00eda local, generar empleos y brindar oportunidades para nuevas inversiones<\/p>\n\n\n\n<p>Texto: Brenda Larios<\/p>\n\n\n\n<p><\/p>\n","protected":false},"excerpt":{"rendered":"<p>Este martes fue juramentado Manuel Eduardo Arita Sagastume como nuevo titular del Ministerio de Energ\u00eda y Minas (MEM). La juramentaci\u00f3n estuvo a cargo de la Secretar\u00eda General de la Presidencia y se realiz\u00f3 en un acto en la Casa Presidencial. El reci\u00e9n nombrado ministro de Energ\u00eda y Minas es un ingeniero electricista con maestr\u00eda en <a class=\"read-more\" href=\"https:\/\/elmetropolitano.com.gt\/es\/viceministro-manuel-eduardo-arita-asume-como-ministro-de-energia-y-minas\/\">Leer m\u00e1s<\/a><\/p>\n","protected":false},"author":1,"featured_media":69562,"comment_status":"open","ping_status":"closed","sticky":false,"template":"","format":"standard","meta":{"footnotes":""},"categories":[2],"tags":[12],"class_list":["post-69561","post","type-post","status-publish","format-standard","has-post-thumbnail","hentry","category-nacionales","tag-nacionales"],"_links":{"self":[{"href":"https:\/\/elmetropolitano.com.gt\/es\/wp-json\/wp\/v2\/posts\/69561","targetHints":{"allow":["GET"]}}],"collection":[{"href":"https:\/\/elmetropolitano.com.gt\/es\/wp-json\/wp\/v2\/posts"}],"about":[{"href":"https:\/\/elmetropolitano.com.gt\/es\/wp-json\/wp\/v2\/types\/post"}],"author":[{"embeddable":true,"href":"https:\/\/elmetropolitano.com.gt\/es\/wp-json\/wp\/v2\/users\/1"}],"replies":[{"embeddable":true,"href":"https:\/\/elmetropolitano.com.gt\/es\/wp-json\/wp\/v2\/comments?post=69561"}],"version-history":[{"count":1,"href":"https:\/\/elmetropolitano.com.gt\/es\/wp-json\/wp\/v2\/posts\/69561\/revisions"}],"predecessor-version":[{"id":69563,"href":"https:\/\/elmetropolitano.com.gt\/es\/wp-json\/wp\/v2\/posts\/69561\/revisions\/69563"}],"wp:featuredmedia":[{"embeddable":true,"href":"https:\/\/elmetropolitano.com.gt\/es\/wp-json\/wp\/v2\/media\/69562"}],"wp:attachment":[{"href":"https:\/\/elmetropolitano.com.gt\/es\/wp-json\/wp\/v2\/media?parent=69561"}],"wp:term":[{"taxonomy":"category","embeddable":true,"href":"https:\/\/elmetropolitano.com.gt\/es\/wp-json\/wp\/v2\/categories?post=69561"},{"taxonomy":"post_tag","embeddable":true,"href":"https:\/\/elmetropolitano.com.gt\/es\/wp-json\/wp\/v2\/tags?post=69561"}],"curies":[{"name":"wp","href":"https:\/\/api.w.org\/{rel}","templated":true}]}}