{"id":69584,"date":"2023-07-19T10:00:40","date_gmt":"2023-07-19T16:00:40","guid":{"rendered":"https:\/\/elmetropolitano.com.gt\/es\/?p=69584"},"modified":"2023-07-19T10:00:43","modified_gmt":"2023-07-19T16:00:43","slug":"guatemala-lanza-declaracion-jurada-regional-de-viajero-electronica","status":"publish","type":"post","link":"https:\/\/elmetropolitano.com.gt\/es\/guatemala-lanza-declaracion-jurada-regional-de-viajero-electronica\/","title":{"rendered":"Guatemala lanza declaraci\u00f3n jurada regional de viajero electr\u00f3nica"},"content":{"rendered":"\n<p>Para entrar y salir de Guatemala, los turistas nacionales e internacionales podr\u00e1n hacer la declaraci\u00f3n jurada regional de viajero electr\u00f3nica.<\/p>\n\n\n\n<p>Esta nueva medida de ingreso migratorio fue presentada por el Superintendente Marco Livio D\u00edaz, Intendente de Aduanas, Werner Ovalle, titular de la superintendencia de bancos, Saulo De Le\u00f3n; Director de Migraci\u00f3n , Stuard Rodr\u00edguez y Juan Fernando Argueta de la <a><\/a>Intendencia de Verificaci\u00f3n Especial.<\/p><div class=\"elmet-contenido\" id=\"elmet-15540268\"><div class=\"elmet-adlabel\">Anuncios<\/div><div style=\"margin-top: 20px;margin-right: 20px;margin-bottom: 20px;margin-left: 20px;\" id=\"elmet-3114448532\"><a href=\"https:\/\/www.facebook.com\/arrincuanantigua\/\" aria-label=\"cintillo-arrin-cual\"><img loading=\"lazy\" decoding=\"async\" src=\"https:\/\/elmetropolitano.com.gt\/es\/wp-content\/uploads\/2021\/11\/cintillo-arrin-cual-1.jpg\" alt=\"\"  srcset=\"https:\/\/elmetropolitano.com.gt\/es\/wp-content\/uploads\/2021\/11\/cintillo-arrin-cual-1.jpg 750w, https:\/\/elmetropolitano.com.gt\/es\/wp-content\/uploads\/2021\/11\/cintillo-arrin-cual-1-300x36.jpg 300w, https:\/\/elmetropolitano.com.gt\/es\/wp-content\/uploads\/2021\/11\/cintillo-arrin-cual-1-600x72.jpg 600w\" sizes=\"(max-width: 750px) 100vw, 750px\" width=\"750\" height=\"90\"   \/><\/a><\/div><\/div>\n\n\n\n<p>\u201cEste nuevo proceso facilitar\u00e1 el control y llenado de la declaraci\u00f3n jurada y en aduanas un control m\u00e1s efectivo de los viajes. Ahora podemos hacer estad\u00edsticas de sus viajes, entre otros datos\u201d indic\u00f3 el jefe de la SAT Marco Libio D\u00edas<\/p>\n\n\n\n<p>Las personas podr\u00e1n hacer su declaraci\u00f3n 15 d\u00edas antes de su vuelo desde la p\u00e1gina web <a href=\"https:\/\/l.facebook.com\/l.php?u=https%3A%2F%2Fportal.sat.gob.gt%2F%3Ffbclid%3DIwAR1E--d9bhH9sSCzDljMPpjXogPPQH9eSPd8sPzAyVlgL_ygZncK_YYDl04&amp;h=AT1TNGtaZwgtGFVNlwZxwLqqanXdAvUOcXGnLWkCNCCV2H1vJD_owKUXNpZJ5MdxODb4vQ-MP8_zgXkbRpQMP14CISkcq5Y14SCLgXuO3dTh6ilV42gKc752Tel8A33FURywhQeEEewdCQb0g841&amp;__tn__=-UK-R&amp;c[0]=AT23ewrt4pPRhcpv-imgcARUAZ3iAcOfJMBLdpSpJWdX1VtLtdKlR4l3DUkUuRFynqQSzvpfZVwlyAW55gU7FDPGO4_viQf-HID5oBU6PPx5rrdLwCmNOAY4PUfjRh1XNNzw2MuCHnIo-uF-eKot4SpEivUmcyXcU9fQrc7X5OLvGrgCtqXRyz6TBxcV-0PWl0zwJAXYbMgp\" rel=\"noreferrer noopener\" target=\"_blank\">https:\/\/portal.sat.gob.gt\/<\/a>.<\/p>\n\n\n\n<p>Los beneficios<\/p>\n\n\n\n<p>Durante la presentaci\u00f3n se inform\u00f3 que con este nuevo proceso se reducir\u00e1n los costos del uso del papel, derivado de que los viajeros deb\u00edan llenar a mano su declaraci\u00f3n jurada.<\/p>\n\n\n\n<p>E\u00f1 intendente de la SAT Marco Libio Dias indic\u00f3 que a la fecha se reportaba un mill\u00f3n 914 mil 446 quetzales en costos anuales por la impresi\u00f3n de la declaraci\u00f3n.<\/p>\n\n\n\n<p>Se espera que con este nuevo proceso electr\u00f3nico se reduzcan los gastos a 157 mil 780 quetzales al a\u00f1o.<\/p>\n\n\n\n<p>Con este lanzamiento, Guatemala se convierte en el tercer pa\u00eds a nivel regional en implementar este procedimiento electr\u00f3nico. Se une a El Salvador, que lo lanz\u00f3 el 1 de marzo, y Honduras, el 10 de marzo del presente a\u00f1o.<\/p>\n\n\n\n<p>Adem\u00e1s, agiliza el proceso de declaraci\u00f3n de impuestos, reduce el uso de papel y ahorra tiempo, asegura un registro m\u00e1s preciso y permite la modernizaci\u00f3n del pa\u00eds.<\/p>\n\n\n\n<p>Las fases<\/p>\n\n\n\n<p>Esta declaratoria jurada electr\u00f3nica se impulsar\u00e1 por fases en el pa\u00eds, empezando con un tiempo de prueba de cuatro meses. Las fases son:<\/p>\n\n\n\n<p>-Primera fase, se implementar\u00e1 en el Aeropuerto Internacional la Aurora<\/p>\n\n\n\n<p>-Segunda fase, aeropuerto Internacional Mundo Maya, en septiembre<\/p>\n\n\n\n<p>-Tercera fase, implementaci\u00f3n en aduanas mar\u00edtimas, en noviembre<\/p>\n\n\n\n<p>-Cuarta fase, colocaci\u00f3n de quioscos para la atenci\u00f3n en aduanas terrestres, en diciembre<\/p>\n\n\n\n<p>La declaraci\u00f3n jurada regional de viajero (boleta de migraci\u00f3n) es un requisito para los viajeros. El formulario se encuentra estandarizado para los pa\u00edses centroamericanos, incluyendo Panam\u00e1, Belice y Rep\u00fablica Dominicana.<\/p>\n\n\n\n<p>Sobre la declaraci\u00f3n<\/p>\n\n\n\n<p>Se han reducido los campos de informaci\u00f3n, y con la versi\u00f3n electr\u00f3nica habr\u00e1 11 campos de autollenado, permitiendo que cada viajero llene su declaraci\u00f3n de forma \u00e1gil en 2 o 4 minutos.<\/p>\n\n\n\n<p>Tambi\u00e9n pueden llenar y generar esta declaraci\u00f3n tres d\u00edas antes del viaje. Si el viaje es con varios integrantes de la familia, podr\u00e1 llenarse solo una declaraci\u00f3n por c\u00edrculo familiar.<\/p>\n\n\n\n<p>Asimismo, las autoridades indicaron que tambi\u00e9n se podr\u00e1 efectuar al momento de hacer el check in en las aerol\u00edneas.<\/p>\n\n\n\n<p>Texto: Brenda Larios<\/p>\n\n\n\n<p><a href=\"https:\/\/www.facebook.com\/hashtag\/sat?__eep__=6&amp;__cft__[0]=AZWJEcuoGQ4l3phDR_q1wAiiytWAXA21xC4xbYgtFjlMgpqvWTwEHX6-fgzXsUDUbYCrg2QLFFqnLZ8GgjeO2OM38aQdxC_j-l4iT_T9W7LcYCcb-4gb49cWQI1GJ9PT6fV9qj2y1qLUEIYXj-rNhLqnGBU-1ttn2xf1I5Mf8BtP8duWtgG2SZxC01PLzCl5Iz0&amp;__tn__=*NK-R\">#SAT<\/a><a href=\"https:\/\/www.facebook.com\/hashtag\/metroredes?__eep__=6&amp;__cft__[0]=AZWJEcuoGQ4l3phDR_q1wAiiytWAXA21xC4xbYgtFjlMgpqvWTwEHX6-fgzXsUDUbYCrg2QLFFqnLZ8GgjeO2OM38aQdxC_j-l4iT_T9W7LcYCcb-4gb49cWQI1GJ9PT6fV9qj2y1qLUEIYXj-rNhLqnGBU-1ttn2xf1I5Mf8BtP8duWtgG2SZxC01PLzCl5Iz0&amp;__tn__=*NK-R\">#metroredes<\/a><a href=\"https:\/\/www.facebook.com\/hashtag\/migraciongt?__eep__=6&amp;__cft__[0]=AZWJEcuoGQ4l3phDR_q1wAiiytWAXA21xC4xbYgtFjlMgpqvWTwEHX6-fgzXsUDUbYCrg2QLFFqnLZ8GgjeO2OM38aQdxC_j-l4iT_T9W7LcYCcb-4gb49cWQI1GJ9PT6fV9qj2y1qLUEIYXj-rNhLqnGBU-1ttn2xf1I5Mf8BtP8duWtgG2SZxC01PLzCl5Iz0&amp;__tn__=*NK-R\">#migraciongt<\/a><a href=\"https:\/\/www.facebook.com\/hashtag\/superintendenciadebancos?__eep__=6&amp;__cft__[0]=AZWJEcuoGQ4l3phDR_q1wAiiytWAXA21xC4xbYgtFjlMgpqvWTwEHX6-fgzXsUDUbYCrg2QLFFqnLZ8GgjeO2OM38aQdxC_j-l4iT_T9W7LcYCcb-4gb49cWQI1GJ9PT6fV9qj2y1qLUEIYXj-rNhLqnGBU-1ttn2xf1I5Mf8BtP8duWtgG2SZxC01PLzCl5Iz0&amp;__tn__=*NK-R\">#SuperIntendenciadeBancos<\/a><\/p>\n\n\n\n<figure class=\"wp-block-gallery has-nested-images columns-default is-cropped wp-block-gallery-1 is-layout-flex wp-block-gallery-is-layout-flex\">\n<figure class=\"wp-block-image size-large\"><img loading=\"lazy\" decoding=\"async\" width=\"680\" height=\"456\" data-id=\"69588\" src=\"https:\/\/elmetropolitano.com.gt\/es\/wp-content\/uploads\/2023\/07\/360096866_745325090926910_8388282697514951373_n.jpg\" alt=\"\" class=\"wp-image-69588\" srcset=\"https:\/\/elmetropolitano.com.gt\/es\/wp-content\/uploads\/2023\/07\/360096866_745325090926910_8388282697514951373_n.jpg 680w, https:\/\/elmetropolitano.com.gt\/es\/wp-content\/uploads\/2023\/07\/360096866_745325090926910_8388282697514951373_n-300x201.jpg 300w, https:\/\/elmetropolitano.com.gt\/es\/wp-content\/uploads\/2023\/07\/360096866_745325090926910_8388282697514951373_n-600x402.jpg 600w\" sizes=\"auto, (max-width: 680px) 100vw, 680px\" \/><\/figure>\n\n\n\n<figure class=\"wp-block-image size-large\"><img loading=\"lazy\" decoding=\"async\" width=\"360\" height=\"240\" data-id=\"69586\" src=\"https:\/\/elmetropolitano.com.gt\/es\/wp-content\/uploads\/2023\/07\/361217434_745325040926915_788100392598322690_n.jpg\" alt=\"\" class=\"wp-image-69586\" srcset=\"https:\/\/elmetropolitano.com.gt\/es\/wp-content\/uploads\/2023\/07\/361217434_745325040926915_788100392598322690_n.jpg 360w, https:\/\/elmetropolitano.com.gt\/es\/wp-content\/uploads\/2023\/07\/361217434_745325040926915_788100392598322690_n-300x200.jpg 300w\" sizes=\"auto, (max-width: 360px) 100vw, 360px\" \/><\/figure>\n\n\n\n<figure class=\"wp-block-image size-large\"><img loading=\"lazy\" decoding=\"async\" width=\"543\" height=\"362\" data-id=\"69587\" src=\"https:\/\/elmetropolitano.com.gt\/es\/wp-content\/uploads\/2023\/07\/361220351_745325080926911_2010543101757494825_n.jpg\" alt=\"\" class=\"wp-image-69587\" srcset=\"https:\/\/elmetropolitano.com.gt\/es\/wp-content\/uploads\/2023\/07\/361220351_745325080926911_2010543101757494825_n.jpg 543w, https:\/\/elmetropolitano.com.gt\/es\/wp-content\/uploads\/2023\/07\/361220351_745325080926911_2010543101757494825_n-300x200.jpg 300w\" sizes=\"auto, (max-width: 543px) 100vw, 543px\" \/><\/figure>\n<\/figure>\n","protected":false},"excerpt":{"rendered":"<p>Para entrar y salir de Guatemala, los turistas nacionales e internacionales podr\u00e1n hacer la declaraci\u00f3n jurada regional de viajero electr\u00f3nica. Esta nueva medida de ingreso migratorio fue presentada por el Superintendente Marco Livio D\u00edaz, Intendente de Aduanas, Werner Ovalle, titular de la superintendencia de bancos, Saulo De Le\u00f3n; Director de Migraci\u00f3n , Stuard Rodr\u00edguez y <a class=\"read-more\" href=\"https:\/\/elmetropolitano.com.gt\/es\/guatemala-lanza-declaracion-jurada-regional-de-viajero-electronica\/\">Leer m\u00e1s<\/a><\/p>\n","protected":false},"author":1,"featured_media":69585,"comment_status":"open","ping_status":"closed","sticky":false,"template":"","format":"standard","meta":{"footnotes":""},"categories":[2],"tags":[12],"class_list":["post-69584","post","type-post","status-publish","format-standard","has-post-thumbnail","hentry","category-nacionales","tag-nacionales"],"_links":{"self":[{"href":"https:\/\/elmetropolitano.com.gt\/es\/wp-json\/wp\/v2\/posts\/69584","targetHints":{"allow":["GET"]}}],"collection":[{"href":"https:\/\/elmetropolitano.com.gt\/es\/wp-json\/wp\/v2\/posts"}],"about":[{"href":"https:\/\/elmetropolitano.com.gt\/es\/wp-json\/wp\/v2\/types\/post"}],"author":[{"embeddable":true,"href":"https:\/\/elmetropolitano.com.gt\/es\/wp-json\/wp\/v2\/users\/1"}],"replies":[{"embeddable":true,"href":"https:\/\/elmetropolitano.com.gt\/es\/wp-json\/wp\/v2\/comments?post=69584"}],"version-history":[{"count":1,"href":"https:\/\/elmetropolitano.com.gt\/es\/wp-json\/wp\/v2\/posts\/69584\/revisions"}],"predecessor-version":[{"id":69589,"href":"https:\/\/elmetropolitano.com.gt\/es\/wp-json\/wp\/v2\/posts\/69584\/revisions\/69589"}],"wp:featuredmedia":[{"embeddable":true,"href":"https:\/\/elmetropolitano.com.gt\/es\/wp-json\/wp\/v2\/media\/69585"}],"wp:attachment":[{"href":"https:\/\/elmetropolitano.com.gt\/es\/wp-json\/wp\/v2\/media?parent=69584"}],"wp:term":[{"taxonomy":"category","embeddable":true,"href":"https:\/\/elmetropolitano.com.gt\/es\/wp-json\/wp\/v2\/categories?post=69584"},{"taxonomy":"post_tag","embeddable":true,"href":"https:\/\/elmetropolitano.com.gt\/es\/wp-json\/wp\/v2\/tags?post=69584"}],"curies":[{"name":"wp","href":"https:\/\/api.w.org\/{rel}","templated":true}]}}