{"id":69590,"date":"2023-07-19T11:12:23","date_gmt":"2023-07-19T17:12:23","guid":{"rendered":"https:\/\/elmetropolitano.com.gt\/es\/?p=69590"},"modified":"2023-07-19T11:12:26","modified_gmt":"2023-07-19T17:12:26","slug":"bernardo-arevalo-la-minoria-corrupta-quiere-desgastar-al-partido-semilla","status":"publish","type":"post","link":"https:\/\/elmetropolitano.com.gt\/es\/bernardo-arevalo-la-minoria-corrupta-quiere-desgastar-al-partido-semilla\/","title":{"rendered":"Bernardo Ar\u00e9valo: La minor\u00eda corrupta quiere desgastar al partido Semilla"},"content":{"rendered":"\n<p>Existe una grave crisis de persecuci\u00f3n pol\u00edtica y la minor\u00eda corrupta quiere desgastar al Movimiento Semilla, dijo la vice presidenciable de esta agrupaci\u00f3n, Karin Herrera, en conferencia de prensa en la que expresaron que ya se presentaron denuncias a nivel nacional e internacional, de esta situaci\u00f3n, porque no es contra el partido sino contra la democracia del pa\u00eds, a\u00f1adi\u00f3.<\/p>\n\n\n\n<p>Se\u00f1al\u00f3 que en este momento tienen bajo persecuci\u00f3n al registrados de ciudadanos Jos\u00e9 Ramiro Mu\u00f1oz y a los magistrados del Tribunal Supremo Electoral, TSE, pidiendo explicaciones de lo que es m\u00e1s obvio y con distintas de nuevos casos artificiales, con el hecho de debilitarlos, dijo la vice presidenciable.<\/p><div class=\"elmet-contenido\" id=\"elmet-4040519316\"><div class=\"elmet-adlabel\">Anuncios<\/div><div style=\"margin-top: 20px;margin-right: 20px;margin-bottom: 20px;margin-left: 20px;\" id=\"elmet-4136327123\"><a href=\"https:\/\/www.facebook.com\/arrincuanantigua\/\" aria-label=\"cintillo-arrin-cual\"><img loading=\"lazy\" decoding=\"async\" src=\"https:\/\/elmetropolitano.com.gt\/es\/wp-content\/uploads\/2021\/11\/cintillo-arrin-cual-1.jpg\" alt=\"\"  srcset=\"https:\/\/elmetropolitano.com.gt\/es\/wp-content\/uploads\/2021\/11\/cintillo-arrin-cual-1.jpg 750w, https:\/\/elmetropolitano.com.gt\/es\/wp-content\/uploads\/2021\/11\/cintillo-arrin-cual-1-300x36.jpg 300w, https:\/\/elmetropolitano.com.gt\/es\/wp-content\/uploads\/2021\/11\/cintillo-arrin-cual-1-600x72.jpg 600w\" sizes=\"(max-width: 750px) 100vw, 750px\" width=\"750\" height=\"90\"   \/><\/a><\/div><\/div>\n\n\n\n<p>\u201cEsta minor\u00eda corrupta no quiere que Guatemala cambie y buscan debilitar al partido para que no sigan con la campa\u00f1a, amedrentarnos para infundirnos miedo, mismo que ellos tambi\u00e9n tienen de perder el poder que han capturado por muchos a\u00f1os y son los mismos de siempre\u201d enfatizo la vice presidenciable.<\/p>\n\n\n\n<p>\u201cSeremos firmes en decir la verdad y rechazar la mentira, dijo Bernardo Ar\u00e9valo, presidenciable de Semilla, quien a\u00f1adi\u00f3 que esta agrupaci\u00f3n se constituy\u00f3 legalmente sin pagarle a nadie para afiliarse, se hizo campa\u00f1a ciudadana para poder constituir el partido, sin la ayuda de los poderosos de siempre, sino de aquellos que han liderado la lucha contra la corrupci\u00f3n, de manera honesta y transparente, siempre con el pleno respeto de la ley\u201d, se\u00f1al\u00f3 Ar\u00e9valo.<\/p>\n\n\n\n<p>Agreg\u00f3 que se ha atacado personalmente a una integrante del partido, Cintia Rojas, con una orden de captura de algo que ella no es responsable sino la primera v\u00edctima clara de este partido, \u201cesa minor\u00eda corrupta esta desesperada, pero seremos firmes sin dejarlos dar un paso m\u00e1s\u201d.<\/p>\n\n\n\n<p>\u201cTomaremos acciones legales e internacionales para defender la democracia y se han denunciado ante la misi\u00f3n de Organizaciones de Estados Americanos la persecuci\u00f3n pol\u00edtica de la que estamos siendo objeto y se han solicitado medidas al consejo permanente de esa organizaci\u00f3n para defender el proceso electoral y la democracia en Guatemala\u201d, a\u00f1adi\u00f3 Ar\u00e9valo.<\/p>\n\n\n\n<p>El presidenciable de Semilla hizo un llamado a la ciudadan\u00eda guatemalteca para combatir las campa\u00f1as de desinformaci\u00f3n y \u201cunirnos para recuperar nuestro pa\u00eds y organizarnos para construir una nueva primavera, para lo cual usaremos todos los recursos para rescatar al pa\u00eds, junto a personas honestas que siguen trabajando para un futuro mejor\u201d.<\/p>\n\n\n\n<p>#metroredes<\/p>\n\n\n\n<figure class=\"wp-block-gallery has-nested-images columns-default is-cropped wp-block-gallery-1 is-layout-flex wp-block-gallery-is-layout-flex\">\n<figure class=\"wp-block-image size-large\"><img loading=\"lazy\" decoding=\"async\" width=\"1024\" height=\"489\" data-id=\"69592\" src=\"https:\/\/elmetropolitano.com.gt\/es\/wp-content\/uploads\/2023\/07\/Sin-titulo-1-2-1024x489.jpg\" alt=\"\" class=\"wp-image-69592\" srcset=\"https:\/\/elmetropolitano.com.gt\/es\/wp-content\/uploads\/2023\/07\/Sin-titulo-1-2-1024x489.jpg 1024w, https:\/\/elmetropolitano.com.gt\/es\/wp-content\/uploads\/2023\/07\/Sin-titulo-1-2-300x143.jpg 300w, https:\/\/elmetropolitano.com.gt\/es\/wp-content\/uploads\/2023\/07\/Sin-titulo-1-2-768x366.jpg 768w, https:\/\/elmetropolitano.com.gt\/es\/wp-content\/uploads\/2023\/07\/Sin-titulo-1-2-600x286.jpg 600w, https:\/\/elmetropolitano.com.gt\/es\/wp-content\/uploads\/2023\/07\/Sin-titulo-1-2.jpg 1090w\" sizes=\"auto, (max-width: 1024px) 100vw, 1024px\" \/><\/figure>\n<\/figure>\n","protected":false},"excerpt":{"rendered":"<p>Existe una grave crisis de persecuci\u00f3n pol\u00edtica y la minor\u00eda corrupta quiere desgastar al Movimiento Semilla, dijo la vice presidenciable de esta agrupaci\u00f3n, Karin Herrera, en conferencia de prensa en la que expresaron que ya se presentaron denuncias a nivel nacional e internacional, de esta situaci\u00f3n, porque no es contra el partido sino contra la <a class=\"read-more\" href=\"https:\/\/elmetropolitano.com.gt\/es\/bernardo-arevalo-la-minoria-corrupta-quiere-desgastar-al-partido-semilla\/\">Leer m\u00e1s<\/a><\/p>\n","protected":false},"author":1,"featured_media":69591,"comment_status":"open","ping_status":"closed","sticky":false,"template":"","format":"standard","meta":{"footnotes":""},"categories":[2],"tags":[12],"class_list":["post-69590","post","type-post","status-publish","format-standard","has-post-thumbnail","hentry","category-nacionales","tag-nacionales"],"_links":{"self":[{"href":"https:\/\/elmetropolitano.com.gt\/es\/wp-json\/wp\/v2\/posts\/69590","targetHints":{"allow":["GET"]}}],"collection":[{"href":"https:\/\/elmetropolitano.com.gt\/es\/wp-json\/wp\/v2\/posts"}],"about":[{"href":"https:\/\/elmetropolitano.com.gt\/es\/wp-json\/wp\/v2\/types\/post"}],"author":[{"embeddable":true,"href":"https:\/\/elmetropolitano.com.gt\/es\/wp-json\/wp\/v2\/users\/1"}],"replies":[{"embeddable":true,"href":"https:\/\/elmetropolitano.com.gt\/es\/wp-json\/wp\/v2\/comments?post=69590"}],"version-history":[{"count":1,"href":"https:\/\/elmetropolitano.com.gt\/es\/wp-json\/wp\/v2\/posts\/69590\/revisions"}],"predecessor-version":[{"id":69593,"href":"https:\/\/elmetropolitano.com.gt\/es\/wp-json\/wp\/v2\/posts\/69590\/revisions\/69593"}],"wp:featuredmedia":[{"embeddable":true,"href":"https:\/\/elmetropolitano.com.gt\/es\/wp-json\/wp\/v2\/media\/69591"}],"wp:attachment":[{"href":"https:\/\/elmetropolitano.com.gt\/es\/wp-json\/wp\/v2\/media?parent=69590"}],"wp:term":[{"taxonomy":"category","embeddable":true,"href":"https:\/\/elmetropolitano.com.gt\/es\/wp-json\/wp\/v2\/categories?post=69590"},{"taxonomy":"post_tag","embeddable":true,"href":"https:\/\/elmetropolitano.com.gt\/es\/wp-json\/wp\/v2\/tags?post=69590"}],"curies":[{"name":"wp","href":"https:\/\/api.w.org\/{rel}","templated":true}]}}