{"id":69594,"date":"2023-07-19T11:22:09","date_gmt":"2023-07-19T17:22:09","guid":{"rendered":"https:\/\/elmetropolitano.com.gt\/es\/?p=69594"},"modified":"2023-07-19T11:22:10","modified_gmt":"2023-07-19T17:22:10","slug":"lista-engel-juez-fredy-orellana-y-la-fiscal-cinthia-monterroso-encabezan-listado-de-actores-corruptos","status":"publish","type":"post","link":"https:\/\/elmetropolitano.com.gt\/es\/lista-engel-juez-fredy-orellana-y-la-fiscal-cinthia-monterroso-encabezan-listado-de-actores-corruptos\/","title":{"rendered":"Lista Engel: Juez Fredy Orellana y la fiscal Cinthia Monterroso encabezan listado de actores corruptos"},"content":{"rendered":"\n<p>El juez s\u00e9ptimo de primera instancia penal, Fredy Orellana y la fiscal Cinthia Monterroso, encabezan el litado de actores corrutos y antidemocr\u00e1ticos de Guatemala, seg\u00fan la nueva lista Engel, dada a conocer por el departamento de Estado de los Estados Unidos.<\/p>\n\n\n\n<p>Cinthia Edelmira Monterroso G\u00f3mez, actual fiscal de la FECI, socav\u00f3 los procesos o las instituciones democr\u00e1ticas al presentar cargos penales sin fundamento y con motivaciones pol\u00edticas contra periodistas por ejercer su libertad de expresi\u00f3n protegida por la ley guatemalteca.<\/p><div class=\"elmet-contenido\" id=\"elmet-2379717916\"><div class=\"elmet-adlabel\">Anuncios<\/div><div style=\"margin-top: 20px;margin-right: 20px;margin-bottom: 20px;margin-left: 20px;\" id=\"elmet-3331022652\"><a href=\"https:\/\/www.facebook.com\/arrincuanantigua\/\" aria-label=\"cintillo-arrin-cual\"><img loading=\"lazy\" decoding=\"async\" src=\"https:\/\/elmetropolitano.com.gt\/es\/wp-content\/uploads\/2021\/11\/cintillo-arrin-cual-1.jpg\" alt=\"\"  srcset=\"https:\/\/elmetropolitano.com.gt\/es\/wp-content\/uploads\/2021\/11\/cintillo-arrin-cual-1.jpg 750w, https:\/\/elmetropolitano.com.gt\/es\/wp-content\/uploads\/2021\/11\/cintillo-arrin-cual-1-300x36.jpg 300w, https:\/\/elmetropolitano.com.gt\/es\/wp-content\/uploads\/2021\/11\/cintillo-arrin-cual-1-600x72.jpg 600w\" sizes=\"(max-width: 750px) 100vw, 750px\" width=\"750\" height=\"90\"   \/><\/a><\/div><\/div>\n\n\n\n<p>Fredy Ra\u00fal Orellana Letona, un juez actual, socav\u00f3 los procesos o las instituciones democr\u00e1ticas al autorizar cargos penales sin fundamento y con motivaciones pol\u00edticas contra periodistas que estaban ejerciendo su libertad de expresi\u00f3n protegida por la ley guatemalteca.<\/p>\n\n\n\n<p>Estos dos de la lista son los actuales protagonistas se\u00f1alados de estar en contra de la democracia en Guatemala promover acciones artificiales con el fin de descalificar al partido semilla para evitar que este llegara a la segunda vuelta electoral, proceso que ha sido bien defendido por el registrador de ciudadanos Jos\u00e9 Ramiro Mu\u00f1oz y los magistrados del Tribunal Supremo Electoral, TSE.<\/p>\n\n\n\n<p><strong>Los otros de la lista<\/strong><\/p>\n\n\n\n<p><strong>Edgar Humberto Navarro Castro<\/strong>, expresidente administrador del mercado mayorista de energ\u00eda de Guatemala<\/p>\n\n\n\n<p><strong>Gendri Rocael Reyes Mazariegos<\/strong>, exministro del interior, involucrado en una importante corrupci\u00f3n.<\/p>\n\n\n\n<p><strong>Joviel Acevedo Ayala<\/strong>, el actual l\u00edder del Sindicato de Trabajadores de la Educaci\u00f3n de Guatemala (STEG)<\/p>\n\n\n\n<p><strong>Jimi Rodolfo Bremer Ram\u00edrez<\/strong>, actual juez, socav\u00f3 procesos o instituciones democr\u00e1ticas al autorizar cargos penales por motivos pol\u00edticos contra periodistas.<\/p>\n\n\n\n<p><strong>Lesther Castellanos Rodas<\/strong>, ex juez y actual relator guatemalteco contra la tortura, socav\u00f3 procesos o instituciones democr\u00e1ticas al tomar represalias contra un fiscal anticorrupci\u00f3n.<\/p>\n\n\n\n<p><strong>Melvin Quijivix Vega<\/strong>, el actual presidente del Instituto Nacional de Electrificaci\u00f3n, incurri\u00f3 en una importante corrupci\u00f3n al usar su posici\u00f3n y conexiones<\/p>\n\n\n\n<p><strong>Omar Ricardo Barrios Osorio<\/strong>, actual presidente de la junta directiva de la Comisi\u00f3n Nacional Portuaria.<\/p>\n\n\n\n<p><strong>Walter Ramiro Mazariegos Biolis<\/strong>, Rector de la Universidad San Carlos<\/p>\n\n\n\n<p><strong>\u00bfQu\u00e9 es la lista Engel?<\/strong><\/p>\n\n\n\n<p>La Ley de Compromiso Reforzado entre los Estados Unidos y el Tri\u00e1ngulo Norte, m\u00e1s conocida como \u201cLista Engel\u201d, aprobada en 2020, tiene como objetivo sancionar a los actores involucrados en actos de corrupci\u00f3n y ataques a la democracia en la regi\u00f3n centroamericana.<\/p>\n\n\n\n<p>Esta ley es una herramienta para contrarrestar la corrupci\u00f3n en la regi\u00f3n de Centroam\u00e9rica, hasta 2021, 62 personas de Guatemala, Honduras y El Salvador -la mayor\u00eda funcionarios p\u00fablicos en activo- de los poderes ejecutivos, legislativos y judiciales han sido incluidos en la lista.<\/p>\n\n\n\n<p>La \u00abLista Engel\u00bb surgi\u00f3 por iniciativa del ex congresista dem\u00f3crata de Nueva York Eliot Engel en 2019.<\/p>\n\n\n\n<p>#metroredes<\/p>\n\n\n\n<figure class=\"wp-block-gallery has-nested-images columns-default is-cropped wp-block-gallery-1 is-layout-flex wp-block-gallery-is-layout-flex\">\n<figure class=\"wp-block-image size-large\"><img loading=\"lazy\" decoding=\"async\" width=\"1024\" height=\"614\" data-id=\"69596\" src=\"https:\/\/elmetropolitano.com.gt\/es\/wp-content\/uploads\/2023\/07\/7b7b0b68-e236-46e6-a099-422770dfb8bb-1024x614.jpg\" alt=\"\" class=\"wp-image-69596\" srcset=\"https:\/\/elmetropolitano.com.gt\/es\/wp-content\/uploads\/2023\/07\/7b7b0b68-e236-46e6-a099-422770dfb8bb-1024x614.jpg 1024w, https:\/\/elmetropolitano.com.gt\/es\/wp-content\/uploads\/2023\/07\/7b7b0b68-e236-46e6-a099-422770dfb8bb-300x180.jpg 300w, https:\/\/elmetropolitano.com.gt\/es\/wp-content\/uploads\/2023\/07\/7b7b0b68-e236-46e6-a099-422770dfb8bb-768x461.jpg 768w, https:\/\/elmetropolitano.com.gt\/es\/wp-content\/uploads\/2023\/07\/7b7b0b68-e236-46e6-a099-422770dfb8bb-1536x922.jpg 1536w, https:\/\/elmetropolitano.com.gt\/es\/wp-content\/uploads\/2023\/07\/7b7b0b68-e236-46e6-a099-422770dfb8bb-600x360.jpg 600w, https:\/\/elmetropolitano.com.gt\/es\/wp-content\/uploads\/2023\/07\/7b7b0b68-e236-46e6-a099-422770dfb8bb.jpg 1600w\" sizes=\"auto, (max-width: 1024px) 100vw, 1024px\" \/><\/figure>\n<\/figure>\n\n\n\n<figure class=\"wp-block-gallery has-nested-images columns-default is-cropped wp-block-gallery-2 is-layout-flex wp-block-gallery-is-layout-flex\">\n<figure class=\"wp-block-image size-large\"><img loading=\"lazy\" decoding=\"async\" width=\"733\" height=\"854\" data-id=\"69597\" src=\"https:\/\/elmetropolitano.com.gt\/es\/wp-content\/uploads\/2023\/07\/ListaEngel.png\" alt=\"\" class=\"wp-image-69597\" srcset=\"https:\/\/elmetropolitano.com.gt\/es\/wp-content\/uploads\/2023\/07\/ListaEngel.png 733w, https:\/\/elmetropolitano.com.gt\/es\/wp-content\/uploads\/2023\/07\/ListaEngel-257x300.png 257w, https:\/\/elmetropolitano.com.gt\/es\/wp-content\/uploads\/2023\/07\/ListaEngel-600x699.png 600w\" sizes=\"auto, (max-width: 733px) 100vw, 733px\" \/><\/figure>\n<\/figure>\n","protected":false},"excerpt":{"rendered":"<p>El juez s\u00e9ptimo de primera instancia penal, Fredy Orellana y la fiscal Cinthia Monterroso, encabezan el litado de actores corrutos y antidemocr\u00e1ticos de Guatemala, seg\u00fan la nueva lista Engel, dada a conocer por el departamento de Estado de los Estados Unidos. Cinthia Edelmira Monterroso G\u00f3mez, actual fiscal de la FECI, socav\u00f3 los procesos o las <a class=\"read-more\" href=\"https:\/\/elmetropolitano.com.gt\/es\/lista-engel-juez-fredy-orellana-y-la-fiscal-cinthia-monterroso-encabezan-listado-de-actores-corruptos\/\">Leer m\u00e1s<\/a><\/p>\n","protected":false},"author":1,"featured_media":69595,"comment_status":"open","ping_status":"closed","sticky":false,"template":"","format":"standard","meta":{"footnotes":""},"categories":[2],"tags":[12],"class_list":["post-69594","post","type-post","status-publish","format-standard","has-post-thumbnail","hentry","category-nacionales","tag-nacionales"],"_links":{"self":[{"href":"https:\/\/elmetropolitano.com.gt\/es\/wp-json\/wp\/v2\/posts\/69594","targetHints":{"allow":["GET"]}}],"collection":[{"href":"https:\/\/elmetropolitano.com.gt\/es\/wp-json\/wp\/v2\/posts"}],"about":[{"href":"https:\/\/elmetropolitano.com.gt\/es\/wp-json\/wp\/v2\/types\/post"}],"author":[{"embeddable":true,"href":"https:\/\/elmetropolitano.com.gt\/es\/wp-json\/wp\/v2\/users\/1"}],"replies":[{"embeddable":true,"href":"https:\/\/elmetropolitano.com.gt\/es\/wp-json\/wp\/v2\/comments?post=69594"}],"version-history":[{"count":1,"href":"https:\/\/elmetropolitano.com.gt\/es\/wp-json\/wp\/v2\/posts\/69594\/revisions"}],"predecessor-version":[{"id":69598,"href":"https:\/\/elmetropolitano.com.gt\/es\/wp-json\/wp\/v2\/posts\/69594\/revisions\/69598"}],"wp:featuredmedia":[{"embeddable":true,"href":"https:\/\/elmetropolitano.com.gt\/es\/wp-json\/wp\/v2\/media\/69595"}],"wp:attachment":[{"href":"https:\/\/elmetropolitano.com.gt\/es\/wp-json\/wp\/v2\/media?parent=69594"}],"wp:term":[{"taxonomy":"category","embeddable":true,"href":"https:\/\/elmetropolitano.com.gt\/es\/wp-json\/wp\/v2\/categories?post=69594"},{"taxonomy":"post_tag","embeddable":true,"href":"https:\/\/elmetropolitano.com.gt\/es\/wp-json\/wp\/v2\/tags?post=69594"}],"curies":[{"name":"wp","href":"https:\/\/api.w.org\/{rel}","templated":true}]}}