{"id":69624,"date":"2023-07-20T09:12:31","date_gmt":"2023-07-20T15:12:31","guid":{"rendered":"https:\/\/elmetropolitano.com.gt\/es\/?p=69624"},"modified":"2023-07-20T09:13:12","modified_gmt":"2023-07-20T15:13:12","slug":"asi-lo-dijo-12","status":"publish","type":"post","link":"https:\/\/elmetropolitano.com.gt\/es\/asi-lo-dijo-12\/","title":{"rendered":"As\u00ed lo dijo"},"content":{"rendered":"\n<p><a href=\"https:\/\/www.facebook.com\/hashtag\/asilodjo?__eep__=6&amp;__cft__[0]=AZXbHQSXEo58DA2Asv6CQmy4u1N-Bg6XRVmnLXRbko6e3nfa8q9echnc0PcducQNkk6BTLL379GsAwg57xUWNXG5hmgqrL2Z8dmz-2KaAKN2G9z1Rxoc6l-hX-wawMpcSEyc_PS-kpjhBY1rHgzNoZaxva5pi2XdE_dBI99_lOWjB-IOAk5KGtWUgbvt40bllLA&amp;__tn__=*NK-R\">#asilodjo<\/a><\/p>\n\n\n\n<p>\u201cSaben cu\u00e1l es el factor com\u00fan de los funcionarios que aparecen en esa lista ilegal? Que todos han combatido la corrupci\u00f3n de los actores pol\u00edticos de izquierda y muchos han afectado los negocios de empresas gringas.<\/p><div class=\"elmet-contenido\" id=\"elmet-2035436524\"><div class=\"elmet-adlabel\">Anuncios<\/div><div style=\"margin-top: 20px;margin-right: 20px;margin-bottom: 20px;margin-left: 20px;\" id=\"elmet-2898873755\"><a href=\"https:\/\/www.facebook.com\/arrincuanantigua\/\" aria-label=\"cintillo-arrin-cual\"><img loading=\"lazy\" decoding=\"async\" src=\"https:\/\/elmetropolitano.com.gt\/es\/wp-content\/uploads\/2021\/11\/cintillo-arrin-cual-1.jpg\" alt=\"\"  srcset=\"https:\/\/elmetropolitano.com.gt\/es\/wp-content\/uploads\/2021\/11\/cintillo-arrin-cual-1.jpg 750w, https:\/\/elmetropolitano.com.gt\/es\/wp-content\/uploads\/2021\/11\/cintillo-arrin-cual-1-300x36.jpg 300w, https:\/\/elmetropolitano.com.gt\/es\/wp-content\/uploads\/2021\/11\/cintillo-arrin-cual-1-600x72.jpg 600w\" sizes=\"(max-width: 750px) 100vw, 750px\" width=\"750\" height=\"90\"   \/><\/a><\/div><\/div>\n\n\n\n<p>No nos dejaremos intimidar y seguiremos defendiendo la soberan\u00eda de nuestro pa\u00eds\u201d<\/p>\n\n\n\n<p>Miguel Mart\u00ednez, Miembro comit\u00e9 ejecutivo de Vamos<\/p>\n","protected":false},"excerpt":{"rendered":"<p>#asilodjo \u201cSaben cu\u00e1l es el factor com\u00fan de los funcionarios que aparecen en esa lista ilegal? Que todos han combatido la corrupci\u00f3n de los actores pol\u00edticos de izquierda y muchos han afectado los negocios de empresas gringas. No nos dejaremos intimidar y seguiremos defendiendo la soberan\u00eda de nuestro pa\u00eds\u201d Miguel Mart\u00ednez, Miembro comit\u00e9 ejecutivo de <a class=\"read-more\" href=\"https:\/\/elmetropolitano.com.gt\/es\/asi-lo-dijo-12\/\">Leer m\u00e1s<\/a><\/p>\n","protected":false},"author":1,"featured_media":69625,"comment_status":"open","ping_status":"closed","sticky":false,"template":"","format":"standard","meta":{"footnotes":""},"categories":[117],"tags":[118],"class_list":["post-69624","post","type-post","status-publish","format-standard","has-post-thumbnail","hentry","category-asi-lo-dijo","tag-asi-lo-dijo"],"_links":{"self":[{"href":"https:\/\/elmetropolitano.com.gt\/es\/wp-json\/wp\/v2\/posts\/69624","targetHints":{"allow":["GET"]}}],"collection":[{"href":"https:\/\/elmetropolitano.com.gt\/es\/wp-json\/wp\/v2\/posts"}],"about":[{"href":"https:\/\/elmetropolitano.com.gt\/es\/wp-json\/wp\/v2\/types\/post"}],"author":[{"embeddable":true,"href":"https:\/\/elmetropolitano.com.gt\/es\/wp-json\/wp\/v2\/users\/1"}],"replies":[{"embeddable":true,"href":"https:\/\/elmetropolitano.com.gt\/es\/wp-json\/wp\/v2\/comments?post=69624"}],"version-history":[{"count":1,"href":"https:\/\/elmetropolitano.com.gt\/es\/wp-json\/wp\/v2\/posts\/69624\/revisions"}],"predecessor-version":[{"id":69626,"href":"https:\/\/elmetropolitano.com.gt\/es\/wp-json\/wp\/v2\/posts\/69624\/revisions\/69626"}],"wp:featuredmedia":[{"embeddable":true,"href":"https:\/\/elmetropolitano.com.gt\/es\/wp-json\/wp\/v2\/media\/69625"}],"wp:attachment":[{"href":"https:\/\/elmetropolitano.com.gt\/es\/wp-json\/wp\/v2\/media?parent=69624"}],"wp:term":[{"taxonomy":"category","embeddable":true,"href":"https:\/\/elmetropolitano.com.gt\/es\/wp-json\/wp\/v2\/categories?post=69624"},{"taxonomy":"post_tag","embeddable":true,"href":"https:\/\/elmetropolitano.com.gt\/es\/wp-json\/wp\/v2\/tags?post=69624"}],"curies":[{"name":"wp","href":"https:\/\/api.w.org\/{rel}","templated":true}]}}