{"id":69712,"date":"2023-07-21T19:26:10","date_gmt":"2023-07-22T01:26:10","guid":{"rendered":"https:\/\/elmetropolitano.com.gt\/es\/?p=69712"},"modified":"2023-07-21T19:27:00","modified_gmt":"2023-07-22T01:27:00","slug":"union-europea-advierte-de-relaciones-internaciones-afectadas-con-guatemala-por-tema-electoral","status":"publish","type":"post","link":"https:\/\/elmetropolitano.com.gt\/es\/union-europea-advierte-de-relaciones-internaciones-afectadas-con-guatemala-por-tema-electoral\/","title":{"rendered":"Uni\u00f3n Europea advierte de relaciones Internaciones afectadas con Guatemala por tema electoral"},"content":{"rendered":"\n<p>Los Pa\u00edses de la Uni\u00f3n Europa EU por medio de un comunicado en sus plataformas digitales dej\u00f3 claro este viernes que \u201clos intentos de anular los resultados o de socavar un proceso democr\u00e1tico afectar\u00edan las<\/p>\n\n\n\n<p>relaciones internacionales de Guatemala , incluida la Uni\u00f3n Europea\u00bb<\/p><div class=\"elmet-contenido\" id=\"elmet-2643071261\"><div class=\"elmet-adlabel\">Anuncios<\/div><div style=\"margin-top: 20px;margin-right: 20px;margin-bottom: 20px;margin-left: 20px;\" id=\"elmet-2497634336\"><a href=\"https:\/\/www.facebook.com\/arrincuanantigua\/\" aria-label=\"cintillo-arrin-cual\"><img loading=\"lazy\" decoding=\"async\" src=\"https:\/\/elmetropolitano.com.gt\/es\/wp-content\/uploads\/2021\/11\/cintillo-arrin-cual-1.jpg\" alt=\"\"  srcset=\"https:\/\/elmetropolitano.com.gt\/es\/wp-content\/uploads\/2021\/11\/cintillo-arrin-cual-1.jpg 750w, https:\/\/elmetropolitano.com.gt\/es\/wp-content\/uploads\/2021\/11\/cintillo-arrin-cual-1-300x36.jpg 300w, https:\/\/elmetropolitano.com.gt\/es\/wp-content\/uploads\/2021\/11\/cintillo-arrin-cual-1-600x72.jpg 600w\" sizes=\"(max-width: 750px) 100vw, 750px\" width=\"750\" height=\"90\"   \/><\/a><\/div><\/div>\n\n\n\n<p><a href=\"https:\/\/www.facebook.com\/hashtag\/yovoto?__eep__=6&amp;__cft__[0]=AZVHySBsPMEyqtrBiAEJEASODTDcjA0Fui7-YHBo3oaHAgzyb9lNcj4riE6IBcJ0ieTiPfC51-oBtN5RhVzvkYq-eJRf66Mcl9wkmnOBqmQdmX2hf6oCOyqDt34M-PMFxRQ41yFJmHCQ5NqolQkE_xKNkUzhEpLJ3QCTP8K8Tm_5wBOWc8Zc8_ErmbA3DCKonn8&amp;__tn__=*NK-R\">#YoVoto<\/a><a href=\"https:\/\/www.facebook.com\/hashtag\/eleccionesgt2023?__eep__=6&amp;__cft__[0]=AZVHySBsPMEyqtrBiAEJEASODTDcjA0Fui7-YHBo3oaHAgzyb9lNcj4riE6IBcJ0ieTiPfC51-oBtN5RhVzvkYq-eJRf66Mcl9wkmnOBqmQdmX2hf6oCOyqDt34M-PMFxRQ41yFJmHCQ5NqolQkE_xKNkUzhEpLJ3QCTP8K8Tm_5wBOWc8Zc8_ErmbA3DCKonn8&amp;__tn__=*NK-R\">#EleccionesGT2023<\/a><\/p>\n\n\n\n<figure class=\"wp-block-gallery has-nested-images columns-default is-cropped wp-block-gallery-1 is-layout-flex wp-block-gallery-is-layout-flex\">\n<figure class=\"wp-block-image size-large\"><img loading=\"lazy\" decoding=\"async\" width=\"832\" height=\"1024\" data-id=\"69714\" src=\"https:\/\/elmetropolitano.com.gt\/es\/wp-content\/uploads\/2023\/07\/361109394_746741884118564_8065132966639585884_n-1-832x1024.jpg\" alt=\"\" class=\"wp-image-69714\" srcset=\"https:\/\/elmetropolitano.com.gt\/es\/wp-content\/uploads\/2023\/07\/361109394_746741884118564_8065132966639585884_n-1-832x1024.jpg 832w, https:\/\/elmetropolitano.com.gt\/es\/wp-content\/uploads\/2023\/07\/361109394_746741884118564_8065132966639585884_n-1-244x300.jpg 244w, https:\/\/elmetropolitano.com.gt\/es\/wp-content\/uploads\/2023\/07\/361109394_746741884118564_8065132966639585884_n-1-768x945.jpg 768w, https:\/\/elmetropolitano.com.gt\/es\/wp-content\/uploads\/2023\/07\/361109394_746741884118564_8065132966639585884_n-1-600x738.jpg 600w, https:\/\/elmetropolitano.com.gt\/es\/wp-content\/uploads\/2023\/07\/361109394_746741884118564_8065132966639585884_n-1.jpg 1169w\" sizes=\"auto, (max-width: 832px) 100vw, 832px\" \/><\/figure>\n<\/figure>\n","protected":false},"excerpt":{"rendered":"<p>Los Pa\u00edses de la Uni\u00f3n Europa EU por medio de un comunicado en sus plataformas digitales dej\u00f3 claro este viernes que \u201clos intentos de anular los resultados o de socavar un proceso democr\u00e1tico afectar\u00edan las relaciones internacionales de Guatemala , incluida la Uni\u00f3n Europea\u00bb #YoVoto#EleccionesGT2023<\/p>\n","protected":false},"author":1,"featured_media":69713,"comment_status":"open","ping_status":"closed","sticky":false,"template":"","format":"standard","meta":{"footnotes":""},"categories":[14],"tags":[15],"class_list":["post-69712","post","type-post","status-publish","format-standard","has-post-thumbnail","hentry","category-internacionales","tag-internacionales"],"_links":{"self":[{"href":"https:\/\/elmetropolitano.com.gt\/es\/wp-json\/wp\/v2\/posts\/69712","targetHints":{"allow":["GET"]}}],"collection":[{"href":"https:\/\/elmetropolitano.com.gt\/es\/wp-json\/wp\/v2\/posts"}],"about":[{"href":"https:\/\/elmetropolitano.com.gt\/es\/wp-json\/wp\/v2\/types\/post"}],"author":[{"embeddable":true,"href":"https:\/\/elmetropolitano.com.gt\/es\/wp-json\/wp\/v2\/users\/1"}],"replies":[{"embeddable":true,"href":"https:\/\/elmetropolitano.com.gt\/es\/wp-json\/wp\/v2\/comments?post=69712"}],"version-history":[{"count":1,"href":"https:\/\/elmetropolitano.com.gt\/es\/wp-json\/wp\/v2\/posts\/69712\/revisions"}],"predecessor-version":[{"id":69715,"href":"https:\/\/elmetropolitano.com.gt\/es\/wp-json\/wp\/v2\/posts\/69712\/revisions\/69715"}],"wp:featuredmedia":[{"embeddable":true,"href":"https:\/\/elmetropolitano.com.gt\/es\/wp-json\/wp\/v2\/media\/69713"}],"wp:attachment":[{"href":"https:\/\/elmetropolitano.com.gt\/es\/wp-json\/wp\/v2\/media?parent=69712"}],"wp:term":[{"taxonomy":"category","embeddable":true,"href":"https:\/\/elmetropolitano.com.gt\/es\/wp-json\/wp\/v2\/categories?post=69712"},{"taxonomy":"post_tag","embeddable":true,"href":"https:\/\/elmetropolitano.com.gt\/es\/wp-json\/wp\/v2\/tags?post=69712"}],"curies":[{"name":"wp","href":"https:\/\/api.w.org\/{rel}","templated":true}]}}