{"id":69740,"date":"2023-07-22T08:34:20","date_gmt":"2023-07-22T14:34:20","guid":{"rendered":"https:\/\/elmetropolitano.com.gt\/es\/?p=69740"},"modified":"2023-07-22T08:34:21","modified_gmt":"2023-07-22T14:34:21","slug":"cidh-insta-al-estado-de-guatemala-a-garantizar-la-participacion-politica-en-las-elecciones-generales-y-a-evitar-injerencias-indebidas","status":"publish","type":"post","link":"https:\/\/elmetropolitano.com.gt\/es\/cidh-insta-al-estado-de-guatemala-a-garantizar-la-participacion-politica-en-las-elecciones-generales-y-a-evitar-injerencias-indebidas\/","title":{"rendered":"CIDH insta al Estado de Guatemala a garantizar la participaci\u00f3n pol\u00edtica en las elecciones generales y a evitar injerencias indebidas"},"content":{"rendered":"\n<p>La Comisi\u00f3n Interamericana de Derechos Humanos (CIDH) con sede en Washington expreso este viernes su preocupaci\u00f3n por injerencias en el proceso electoral en Guatemala, en un contexto de falta de independencia del Ministerio P\u00fablico y su fiscal general.<\/p>\n\n\n\n<p>La CIDH urge al Estado de Guatemala a asegurar el principio de separaci\u00f3n de poderes y <a><\/a>garantizar el derecho a la participaci\u00f3n pol\u00edtica de conformidad con la normativa nacional y los est\u00e1ndares interamericanos, evitando injerencias indebidas, as\u00ed como a respetar la \u00abvoluntad popular expresada por el pueblo guatemalteco\u00bb en las elecciones de la primera vuelta, conforme lo manifestado por la Misi\u00f3n de Observaci\u00f3n Electoral de la OEA en el pa\u00eds.<\/p><div class=\"elmet-contenido\" id=\"elmet-3634063422\"><div class=\"elmet-adlabel\">Anuncios<\/div><div style=\"margin-top: 20px;margin-right: 20px;margin-bottom: 20px;margin-left: 20px;\" id=\"elmet-1950012104\"><a href=\"https:\/\/www.facebook.com\/arrincuanantigua\/\" aria-label=\"cintillo-arrin-cual\"><img loading=\"lazy\" decoding=\"async\" src=\"https:\/\/elmetropolitano.com.gt\/es\/wp-content\/uploads\/2021\/11\/cintillo-arrin-cual-1.jpg\" alt=\"\"  srcset=\"https:\/\/elmetropolitano.com.gt\/es\/wp-content\/uploads\/2021\/11\/cintillo-arrin-cual-1.jpg 750w, https:\/\/elmetropolitano.com.gt\/es\/wp-content\/uploads\/2021\/11\/cintillo-arrin-cual-1-300x36.jpg 300w, https:\/\/elmetropolitano.com.gt\/es\/wp-content\/uploads\/2021\/11\/cintillo-arrin-cual-1-600x72.jpg 600w\" sizes=\"(max-width: 750px) 100vw, 750px\" width=\"750\" height=\"90\"   \/><\/a><\/div><\/div>\n\n\n\n<p>El 12 de julio pasado, la Fiscal\u00eda Especial contra la Impunidad (FECI) anunci\u00f3 el inicio de una investigaci\u00f3n en contra del partido pol\u00edtico \u00abMovimiento Semilla\u00bb por supuestos hechos de falsedad de firmas en la documentaci\u00f3n presentada para su constituci\u00f3n, seg\u00fan informaci\u00f3n p\u00fablica. El mismo d\u00eda, a petici\u00f3n del Ministerio P\u00fablico, el Juzgado S\u00e9ptimo de Primera Instancia Penal orden\u00f3 al Tribunal Supremo Electoral (TSE) la suspensi\u00f3n provisional de la inscripci\u00f3n como persona jur\u00eddica de dicho partido con el fin de impedir a sus integrantes \u00abparticipar en ning\u00fan acto pol\u00edtico\u00bb o la adjudicaci\u00f3n de cargos. El 13 de julio, agentes de la FECI realizaron diligencias de \u00aballanamiento, inspecci\u00f3n, registro y secuestro de evidencia\u00bb en la sede del Registro de Ciudadanos del TSE.<\/p>\n\n\n\n<p>El mismo 13 de julio, el TSE ratific\u00f3 la validez de la elecci\u00f3n para Presidente y Vicepresidente realizada el 25 de junio. Asimismo, anunci\u00f3 que la segunda vuelta de las elecciones se realizar\u00e1 entre las dos planillas que alcanzaron el mayor n\u00famero de votos: Unidad Nacional de la Esperanza (UNE) y Movimiento Semilla. Por su parte, la Corte de Constitucionalidad (CC) otorg\u00f3 un amparo provisional en la cual indica que \u00abla segunda vuelta electoral se lleve a cabo en la fecha indicada y con la participaci\u00f3n de los candidatos oficializados por el TSE\u00bb. Esta decisi\u00f3n no tendr\u00eda ning\u00fan efecto en relaci\u00f3n con el proceso penal, por lo que el Ministerio P\u00fabico ha continuado con las investigaciones. La CIDH observa la reciente orden de detenci\u00f3n contra una funcionaria del Registro de Ciudadanos del TSE y nuevos allanamientos a sus instalaciones. Adem\u00e1s, se habr\u00edan girado \u00f3rdenes de detenci\u00f3n contra integrantes del partido Semilla, cuya sede fue allanada el d\u00eda de hoy seg\u00fan informaci\u00f3n oficial.<\/p>\n\n\n\n<p>El Estado de Guatemala luego de rechazar enf\u00e1ticamente el presente comunicado de prensa, inform\u00f3 a la CIDH que la investigaci\u00f3n penal que realiza el MP relacionada con el partido Movimiento Semilla responde a su deber de determinar la posible comisi\u00f3n de un delito y sus responsables, conforme a sus funciones legales y mandato constitucional. Adem\u00e1s, indic\u00f3 que la misma es completamente independiente al desarrollo de la segunda vuelta para la elecci\u00f3n presidencial, que sigue su curso de acuerdo con lo previsto por el TSE. Del mismo modo se\u00f1al\u00f3 que el desarrollo de la segunda vuelta electoral no podr\u00eda excluir el ejercicio de las facultades legales del MP. Tambi\u00e9n, indic\u00f3 que el partido Semilla no reclam\u00f3 la suspensi\u00f3n del ejercicio de las facultades del MP como parte del recurso de amparo provisional ante la CC.<\/p>\n\n\n\n<p>La CIDH observa con preocupaci\u00f3n que la orden de suspensi\u00f3n del Movimiento Semilla estar\u00eda en contravenci\u00f3n con la propia legislaci\u00f3n nacional, de la Ley Electoral y de Partidos Pol\u00edticos que regula expresamente que \u00abno podr\u00e1 suspenderse un partido despu\u00e9s de la convocatoria a una elecci\u00f3n y hasta que \u00e9sta se haya celebrado\u00bb. La exclusi\u00f3n de candidaturas de manera arbitraria o ilegal, adem\u00e1s de afectar los derechos pol\u00edticos, incide negativamente en la libre expresi\u00f3n de la voluntad del electorado, lo que supone una consecuencia grave para la democracia.<\/p>\n\n\n\n<p>La orden de suspensi\u00f3n del Movimiento Semilla se enmarca en un contexto de denuncias sobre injerencias por parte del Poder Judicial y del Ministerio P\u00fablico en el proceso electoral. En marzo de 2023, la CIDH llam\u00f3 la atenci\u00f3n sobre los derechos pol\u00edticos, el pluralismo y la participaci\u00f3n en condiciones de igualdad en el proceso electoral en Guatemala.<\/p>\n\n\n\n<p>Tanto las Misiones de Observaci\u00f3n Electoral de la Organizaci\u00f3n de Estados Americanos como de la Uni\u00f3n Europea, han expresado su preocupaci\u00f3n frente a la \u00abintensa judicializaci\u00f3n\u00bb del proceso por decisiones que resultaron en la exclusi\u00f3n de un alto n\u00famero de candidaturas, en la suspensi\u00f3n del anuncio de resultados de la primera vuelta por m\u00e1s de dos semanas debido a un amparo de la Corte de Constitucionalidad y, en general, en la erosi\u00f3n de la credibilidad de las elecciones.<\/p>\n\n\n\n<p>En particular, la Misi\u00f3n de Observaci\u00f3n Electoral de la Uni\u00f3n Europea se\u00f1al\u00f3 que las elecciones generales de 2023 se hab\u00edan celebrado \u00aben un contexto de serio deterioro del estado de derecho y de la independencia judicial, as\u00ed como de graves restricciones a las libertades de expresi\u00f3n y de prensa\u00bb.<\/p>\n\n\n\n<p>La Carta Democr\u00e1tica Interamericana reconoce que \u00abson elementos esenciales de la democracia representativa, entre otros, el respeto a los derechos humanos y las libertades fundamentales; el acceso al poder y su ejercicio con sujeci\u00f3n al estado de derecho; la celebraci\u00f3n de elecciones peri\u00f3dicas, libres, justas y basadas en el sufragio universal y secreto como expresi\u00f3n de la soberan\u00eda del pueblo; el r\u00e9gimen plural de partidos y organizaciones pol\u00edticas; y la separaci\u00f3n e independencia de los poderes p\u00fablicos\u00bb.<\/p>\n\n\n\n<p>La CIDH es un \u00f3rgano principal y aut\u00f3nomo de la Organizaci\u00f3n de los Estados Americanos (OEA), cuyo mandato surge de la Carta de la OEA y de la Convenci\u00f3n Americana sobre Derechos Humanos. La Comisi\u00f3n Interamericana tiene el mandato de promover la observancia y la defensa de los derechos humanos en la regi\u00f3n y act\u00faa como \u00f3rgano consultivo de la OEA en la materia. La CIDH est\u00e1 integrada por siete miembros independientes que son elegidos por la Asamblea General de la OEA a t\u00edtulo personal, y no representan sus pa\u00edses de origen o residencia<\/p>\n\n\n\n<p><a href=\"https:\/\/www.facebook.com\/hashtag\/metroredes?__eep__=6&amp;__cft__[0]=AZUwazZHtll1HyUBSY4OavV0laAX4N3-pqwh9hmwAJeIRFC6usNCG-_ocFexA5C3TryiQGU3tOrpGmERyk9Icjywu9O0UOBw2VvxlT-Pk1_3g9gGR0E20wMiaN-zOBGnfDMrqHyIwR6BIlbPtzYD6aYNbkt52URrtAaUi-A1wifySXwFCWrfxKHt0NEdukn_jzc&amp;__tn__=*NK-R\">#metroredes<\/a><a href=\"https:\/\/www.facebook.com\/hashtag\/eleccionesgt2023?__eep__=6&amp;__cft__[0]=AZUwazZHtll1HyUBSY4OavV0laAX4N3-pqwh9hmwAJeIRFC6usNCG-_ocFexA5C3TryiQGU3tOrpGmERyk9Icjywu9O0UOBw2VvxlT-Pk1_3g9gGR0E20wMiaN-zOBGnfDMrqHyIwR6BIlbPtzYD6aYNbkt52URrtAaUi-A1wifySXwFCWrfxKHt0NEdukn_jzc&amp;__tn__=*NK-R\">#EleccionesGT2023<\/a><a href=\"https:\/\/www.facebook.com\/hashtag\/yovoto?__eep__=6&amp;__cft__[0]=AZUwazZHtll1HyUBSY4OavV0laAX4N3-pqwh9hmwAJeIRFC6usNCG-_ocFexA5C3TryiQGU3tOrpGmERyk9Icjywu9O0UOBw2VvxlT-Pk1_3g9gGR0E20wMiaN-zOBGnfDMrqHyIwR6BIlbPtzYD6aYNbkt52URrtAaUi-A1wifySXwFCWrfxKHt0NEdukn_jzc&amp;__tn__=*NK-R\">#YoVoto<\/a><\/p>\n\n\n\n<figure class=\"wp-block-gallery has-nested-images columns-default is-cropped wp-block-gallery-1 is-layout-flex wp-block-gallery-is-layout-flex\">\n<figure class=\"wp-block-image size-large\"><img loading=\"lazy\" decoding=\"async\" width=\"1024\" height=\"530\" data-id=\"69743\" src=\"https:\/\/elmetropolitano.com.gt\/es\/wp-content\/uploads\/2023\/07\/355889960_746886430770776_3840037764304260489_n-1024x530.jpg\" alt=\"\" class=\"wp-image-69743\" srcset=\"https:\/\/elmetropolitano.com.gt\/es\/wp-content\/uploads\/2023\/07\/355889960_746886430770776_3840037764304260489_n-1024x530.jpg 1024w, https:\/\/elmetropolitano.com.gt\/es\/wp-content\/uploads\/2023\/07\/355889960_746886430770776_3840037764304260489_n-300x155.jpg 300w, https:\/\/elmetropolitano.com.gt\/es\/wp-content\/uploads\/2023\/07\/355889960_746886430770776_3840037764304260489_n-768x398.jpg 768w, https:\/\/elmetropolitano.com.gt\/es\/wp-content\/uploads\/2023\/07\/355889960_746886430770776_3840037764304260489_n-1536x795.jpg 1536w, https:\/\/elmetropolitano.com.gt\/es\/wp-content\/uploads\/2023\/07\/355889960_746886430770776_3840037764304260489_n-600x311.jpg 600w, https:\/\/elmetropolitano.com.gt\/es\/wp-content\/uploads\/2023\/07\/355889960_746886430770776_3840037764304260489_n.jpg 2048w\" sizes=\"auto, (max-width: 1024px) 100vw, 1024px\" \/><\/figure>\n\n\n\n<figure class=\"wp-block-image size-large\"><img loading=\"lazy\" decoding=\"async\" width=\"1024\" height=\"768\" data-id=\"69742\" src=\"https:\/\/elmetropolitano.com.gt\/es\/wp-content\/uploads\/2023\/07\/357137975_746886440770775_2949403513910571780_n-1024x768.jpg\" alt=\"\" class=\"wp-image-69742\" srcset=\"https:\/\/elmetropolitano.com.gt\/es\/wp-content\/uploads\/2023\/07\/357137975_746886440770775_2949403513910571780_n-1024x768.jpg 1024w, https:\/\/elmetropolitano.com.gt\/es\/wp-content\/uploads\/2023\/07\/357137975_746886440770775_2949403513910571780_n-300x225.jpg 300w, https:\/\/elmetropolitano.com.gt\/es\/wp-content\/uploads\/2023\/07\/357137975_746886440770775_2949403513910571780_n-768x576.jpg 768w, https:\/\/elmetropolitano.com.gt\/es\/wp-content\/uploads\/2023\/07\/357137975_746886440770775_2949403513910571780_n-600x450.jpg 600w, https:\/\/elmetropolitano.com.gt\/es\/wp-content\/uploads\/2023\/07\/357137975_746886440770775_2949403513910571780_n.jpg 1440w\" sizes=\"auto, (max-width: 1024px) 100vw, 1024px\" \/><\/figure>\n\n\n\n<figure class=\"wp-block-image size-large\"><img loading=\"lazy\" decoding=\"async\" width=\"1024\" height=\"577\" data-id=\"69744\" src=\"https:\/\/elmetropolitano.com.gt\/es\/wp-content\/uploads\/2023\/07\/357489128_746885777437508_4691989383914750762_n-1024x577.jpg\" alt=\"\" class=\"wp-image-69744\" srcset=\"https:\/\/elmetropolitano.com.gt\/es\/wp-content\/uploads\/2023\/07\/357489128_746885777437508_4691989383914750762_n-1024x577.jpg 1024w, https:\/\/elmetropolitano.com.gt\/es\/wp-content\/uploads\/2023\/07\/357489128_746885777437508_4691989383914750762_n-300x169.jpg 300w, https:\/\/elmetropolitano.com.gt\/es\/wp-content\/uploads\/2023\/07\/357489128_746885777437508_4691989383914750762_n-768x433.jpg 768w, https:\/\/elmetropolitano.com.gt\/es\/wp-content\/uploads\/2023\/07\/357489128_746885777437508_4691989383914750762_n-600x338.jpg 600w, https:\/\/elmetropolitano.com.gt\/es\/wp-content\/uploads\/2023\/07\/357489128_746885777437508_4691989383914750762_n.jpg 1280w\" sizes=\"auto, (max-width: 1024px) 100vw, 1024px\" \/><\/figure>\n<\/figure>\n","protected":false},"excerpt":{"rendered":"<p>La Comisi\u00f3n Interamericana de Derechos Humanos (CIDH) con sede en Washington expreso este viernes su preocupaci\u00f3n por injerencias en el proceso electoral en Guatemala, en un contexto de falta de independencia del Ministerio P\u00fablico y su fiscal general. La CIDH urge al Estado de Guatemala a asegurar el principio de separaci\u00f3n de poderes y garantizar <a class=\"read-more\" href=\"https:\/\/elmetropolitano.com.gt\/es\/cidh-insta-al-estado-de-guatemala-a-garantizar-la-participacion-politica-en-las-elecciones-generales-y-a-evitar-injerencias-indebidas\/\">Leer m\u00e1s<\/a><\/p>\n","protected":false},"author":1,"featured_media":69741,"comment_status":"open","ping_status":"closed","sticky":false,"template":"","format":"standard","meta":{"footnotes":""},"categories":[14],"tags":[15],"class_list":["post-69740","post","type-post","status-publish","format-standard","has-post-thumbnail","hentry","category-internacionales","tag-internacionales"],"_links":{"self":[{"href":"https:\/\/elmetropolitano.com.gt\/es\/wp-json\/wp\/v2\/posts\/69740","targetHints":{"allow":["GET"]}}],"collection":[{"href":"https:\/\/elmetropolitano.com.gt\/es\/wp-json\/wp\/v2\/posts"}],"about":[{"href":"https:\/\/elmetropolitano.com.gt\/es\/wp-json\/wp\/v2\/types\/post"}],"author":[{"embeddable":true,"href":"https:\/\/elmetropolitano.com.gt\/es\/wp-json\/wp\/v2\/users\/1"}],"replies":[{"embeddable":true,"href":"https:\/\/elmetropolitano.com.gt\/es\/wp-json\/wp\/v2\/comments?post=69740"}],"version-history":[{"count":1,"href":"https:\/\/elmetropolitano.com.gt\/es\/wp-json\/wp\/v2\/posts\/69740\/revisions"}],"predecessor-version":[{"id":69745,"href":"https:\/\/elmetropolitano.com.gt\/es\/wp-json\/wp\/v2\/posts\/69740\/revisions\/69745"}],"wp:featuredmedia":[{"embeddable":true,"href":"https:\/\/elmetropolitano.com.gt\/es\/wp-json\/wp\/v2\/media\/69741"}],"wp:attachment":[{"href":"https:\/\/elmetropolitano.com.gt\/es\/wp-json\/wp\/v2\/media?parent=69740"}],"wp:term":[{"taxonomy":"category","embeddable":true,"href":"https:\/\/elmetropolitano.com.gt\/es\/wp-json\/wp\/v2\/categories?post=69740"},{"taxonomy":"post_tag","embeddable":true,"href":"https:\/\/elmetropolitano.com.gt\/es\/wp-json\/wp\/v2\/tags?post=69740"}],"curies":[{"name":"wp","href":"https:\/\/api.w.org\/{rel}","templated":true}]}}