{"id":70172,"date":"2023-07-30T23:23:38","date_gmt":"2023-07-31T05:23:38","guid":{"rendered":"https:\/\/elmetropolitano.com.gt\/es\/?p=70172"},"modified":"2023-07-30T23:23:39","modified_gmt":"2023-07-31T05:23:39","slug":"sandra-torres-senala-a-dionisio-gutierrez-de-financiar-a-arevalo-con-intereses-espurios","status":"publish","type":"post","link":"https:\/\/elmetropolitano.com.gt\/es\/sandra-torres-senala-a-dionisio-gutierrez-de-financiar-a-arevalo-con-intereses-espurios\/","title":{"rendered":"Sandra Torres se\u00f1ala a Dionisio Guti\u00e9rrez de financiar a Ar\u00e9valo con intereses \u201cEspurios\u201d"},"content":{"rendered":"\n<p>La candidata presidencial del Partido Unidad Nacional de la Esperanza UNE Sandra Torres sin conocer los resultados cuestion\u00f3 este domingo la encuesta que este mi\u00e9rcoles dar\u00e1 a conocer la Fundaci\u00f3n Libertad y Desarrollo que dirige el empresario Dionisio Guti\u00e9rrez por que esta favorecer\u00e1 al candidato Bernanrdo Ar\u00e9valo a quien financia.<\/p>\n\n\n\n<p>Ante las diferentes mediciones de intenci\u00f3n de voto <a><\/a>que circulan en redes sociales, la presidenciable de la UNE Sandra Torres adelant\u00f3 que \u201cen los pr\u00f3ximos d\u00edas saldr\u00e1 una encuesta en un medio de comunicaci\u00f3n, la cual es pagada por un empresario del harina y el pollo en Guatemala que favorece al otro candidato, a quien apoya financieramente con intereses espurios\u201d.<\/p><div class=\"elmet-contenido\" id=\"elmet-2080179960\"><div class=\"elmet-adlabel\">Anuncios<\/div><div style=\"margin-top: 20px;margin-right: 20px;margin-bottom: 20px;margin-left: 20px;\" id=\"elmet-4292698199\"><a href=\"https:\/\/www.facebook.com\/arrincuanantigua\/\" aria-label=\"cintillo-arrin-cual\"><img loading=\"lazy\" decoding=\"async\" src=\"https:\/\/elmetropolitano.com.gt\/es\/wp-content\/uploads\/2021\/11\/cintillo-arrin-cual-1.jpg\" alt=\"\"  srcset=\"https:\/\/elmetropolitano.com.gt\/es\/wp-content\/uploads\/2021\/11\/cintillo-arrin-cual-1.jpg 750w, https:\/\/elmetropolitano.com.gt\/es\/wp-content\/uploads\/2021\/11\/cintillo-arrin-cual-1-300x36.jpg 300w, https:\/\/elmetropolitano.com.gt\/es\/wp-content\/uploads\/2021\/11\/cintillo-arrin-cual-1-600x72.jpg 600w\" sizes=\"(max-width: 750px) 100vw, 750px\" width=\"750\" height=\"90\"   \/><\/a><\/div><\/div>\n\n\n\n<p>La encuesta de la fundaci\u00f3n Libertad y Desarrollo ser\u00e1 presentada el mi\u00e9rcoles en el Hotel Westin Camino Real y que es esperada por todos los sectores pol\u00edticos del pa\u00eds y los analistas consideran que sus resultados tendr\u00e1n peso de cara a las elecciones de la segunda vuelta el domingo 20 de agosto<\/p>\n\n\n\n<p><a href=\"https:\/\/www.facebook.com\/hashtag\/eleccionesgt2023?__eep__=6&amp;__cft__[0]=AZUMdSW4-9JMt_uR43jeq3GGhF6dfB8i3iuAvGLgr1mNL22MvB8hJcJEj8BHA2iLHqX-V8VoE-aEoCpF8RUI8oGUNaXxHow-dvvT-yDurbKpoCa2HnJOIwwPDmbeFkEd7Pv7lqRyQH7yPLhinxY1rv9qVpBSRV4tmzTabgqmy-mFiYjUDO0OpB7PeZqeovHJ3Us&amp;__tn__=*NK-R\">#EleccionesGT2023<\/a><a href=\"https:\/\/www.facebook.com\/hashtag\/yovoto?__eep__=6&amp;__cft__[0]=AZUMdSW4-9JMt_uR43jeq3GGhF6dfB8i3iuAvGLgr1mNL22MvB8hJcJEj8BHA2iLHqX-V8VoE-aEoCpF8RUI8oGUNaXxHow-dvvT-yDurbKpoCa2HnJOIwwPDmbeFkEd7Pv7lqRyQH7yPLhinxY1rv9qVpBSRV4tmzTabgqmy-mFiYjUDO0OpB7PeZqeovHJ3Us&amp;__tn__=*NK-R\">#YoVoto<\/a><a href=\"https:\/\/www.facebook.com\/hashtag\/fundacionlibertadydesarrollo?__eep__=6&amp;__cft__[0]=AZUMdSW4-9JMt_uR43jeq3GGhF6dfB8i3iuAvGLgr1mNL22MvB8hJcJEj8BHA2iLHqX-V8VoE-aEoCpF8RUI8oGUNaXxHow-dvvT-yDurbKpoCa2HnJOIwwPDmbeFkEd7Pv7lqRyQH7yPLhinxY1rv9qVpBSRV4tmzTabgqmy-mFiYjUDO0OpB7PeZqeovHJ3Us&amp;__tn__=*NK-R\">#fundacionlibertadydesarrollo<\/a><\/p>\n\n\n\n<p><\/p>\n","protected":false},"excerpt":{"rendered":"<p>La candidata presidencial del Partido Unidad Nacional de la Esperanza UNE Sandra Torres sin conocer los resultados cuestion\u00f3 este domingo la encuesta que este mi\u00e9rcoles dar\u00e1 a conocer la Fundaci\u00f3n Libertad y Desarrollo que dirige el empresario Dionisio Guti\u00e9rrez por que esta favorecer\u00e1 al candidato Bernanrdo Ar\u00e9valo a quien financia. Ante las diferentes mediciones de <a class=\"read-more\" href=\"https:\/\/elmetropolitano.com.gt\/es\/sandra-torres-senala-a-dionisio-gutierrez-de-financiar-a-arevalo-con-intereses-espurios\/\">Leer m\u00e1s<\/a><\/p>\n","protected":false},"author":1,"featured_media":70173,"comment_status":"open","ping_status":"closed","sticky":false,"template":"","format":"standard","meta":{"footnotes":""},"categories":[97],"tags":[98],"class_list":["post-70172","post","type-post","status-publish","format-standard","has-post-thumbnail","hentry","category-politica","tag-politica"],"_links":{"self":[{"href":"https:\/\/elmetropolitano.com.gt\/es\/wp-json\/wp\/v2\/posts\/70172","targetHints":{"allow":["GET"]}}],"collection":[{"href":"https:\/\/elmetropolitano.com.gt\/es\/wp-json\/wp\/v2\/posts"}],"about":[{"href":"https:\/\/elmetropolitano.com.gt\/es\/wp-json\/wp\/v2\/types\/post"}],"author":[{"embeddable":true,"href":"https:\/\/elmetropolitano.com.gt\/es\/wp-json\/wp\/v2\/users\/1"}],"replies":[{"embeddable":true,"href":"https:\/\/elmetropolitano.com.gt\/es\/wp-json\/wp\/v2\/comments?post=70172"}],"version-history":[{"count":1,"href":"https:\/\/elmetropolitano.com.gt\/es\/wp-json\/wp\/v2\/posts\/70172\/revisions"}],"predecessor-version":[{"id":70174,"href":"https:\/\/elmetropolitano.com.gt\/es\/wp-json\/wp\/v2\/posts\/70172\/revisions\/70174"}],"wp:featuredmedia":[{"embeddable":true,"href":"https:\/\/elmetropolitano.com.gt\/es\/wp-json\/wp\/v2\/media\/70173"}],"wp:attachment":[{"href":"https:\/\/elmetropolitano.com.gt\/es\/wp-json\/wp\/v2\/media?parent=70172"}],"wp:term":[{"taxonomy":"category","embeddable":true,"href":"https:\/\/elmetropolitano.com.gt\/es\/wp-json\/wp\/v2\/categories?post=70172"},{"taxonomy":"post_tag","embeddable":true,"href":"https:\/\/elmetropolitano.com.gt\/es\/wp-json\/wp\/v2\/tags?post=70172"}],"curies":[{"name":"wp","href":"https:\/\/api.w.org\/{rel}","templated":true}]}}