{"id":70183,"date":"2023-07-30T23:28:48","date_gmt":"2023-07-31T05:28:48","guid":{"rendered":"https:\/\/elmetropolitano.com.gt\/es\/?p=70183"},"modified":"2023-07-30T23:28:49","modified_gmt":"2023-07-31T05:28:49","slug":"sandra-torres-trabajara-por-la-unidad-de-guatemala-por-la-vida-y-las-familias","status":"publish","type":"post","link":"https:\/\/elmetropolitano.com.gt\/es\/sandra-torres-trabajara-por-la-unidad-de-guatemala-por-la-vida-y-las-familias\/","title":{"rendered":"Sandra Torres trabajar\u00e1 por la unidad de Guatemala, por la vida y las familias"},"content":{"rendered":"\n<p>Con una caminata acompa\u00f1ada de miles de decenas de simpatizantes en el Paseo La Sexta, zona 1 capitalina, la candidata presidencial de la UNE, Sandra Torres, cerr\u00f3 el domingo su gira de campa\u00f1a del fin de semana en la ciudad de Guatemala.<\/p>\n\n\n\n<p>\u00abAgradezco a todas las familias que fueron parte de esta marcha de la esperanza por la vida, la familia y la paz de Guatemala. Hoy necesitamos unidad, porque <a><\/a>juntos y unidos vamos a demostrar que queremos el cambio con respeto a la vida desde su concepci\u00f3n, a la familia y a la libertad religiosa\u00bb, dijo la presidenciable.<\/p><div class=\"elmet-contenido\" id=\"elmet-2872109651\"><div class=\"elmet-adlabel\">Anuncios<\/div><div style=\"margin-top: 20px;margin-right: 20px;margin-bottom: 20px;margin-left: 20px;\" id=\"elmet-242612918\"><a href=\"https:\/\/www.facebook.com\/arrincuanantigua\/\" aria-label=\"cintillo-arrin-cual\"><img loading=\"lazy\" decoding=\"async\" src=\"https:\/\/elmetropolitano.com.gt\/es\/wp-content\/uploads\/2021\/11\/cintillo-arrin-cual-1.jpg\" alt=\"\"  srcset=\"https:\/\/elmetropolitano.com.gt\/es\/wp-content\/uploads\/2021\/11\/cintillo-arrin-cual-1.jpg 750w, https:\/\/elmetropolitano.com.gt\/es\/wp-content\/uploads\/2021\/11\/cintillo-arrin-cual-1-300x36.jpg 300w, https:\/\/elmetropolitano.com.gt\/es\/wp-content\/uploads\/2021\/11\/cintillo-arrin-cual-1-600x72.jpg 600w\" sizes=\"(max-width: 750px) 100vw, 750px\" width=\"750\" height=\"90\"   \/><\/a><\/div><\/div>\n\n\n\n<p>Mejora la econom\u00eda familiar<\/p>\n\n\n\n<p>Con el regreso de los programas sociales, el apoyo a los comerciantes y empresarios y el fomento del empleo, la econom\u00eda de las familias guatemaltecas, \u00abva a estar mejor\u00bb, explic\u00f3 Sandra Torres.<\/p>\n\n\n\n<p>La Bolsa Solidaria viene con m\u00e1s productos y ser\u00e1 recibida por las familias en la puerta de su casa, las transferencias condicionadas de Q700, ser\u00e1n una realidad cada mes, computadoras para estudiantes de secundaria, cr\u00e9dito a los emprendedores y programas de empleo para los j\u00f3venes, son parte de la ayuda que volver\u00e1, precis\u00f3 la candidata.<\/p>\n\n\n\n<p>Romeo Guerra acompa\u00f1a<\/p>\n\n\n\n<p>El candidato a la Vicepresidencia, Romeo Guerra, acompa\u00f1\u00f3 la multitudinaria caminata y expres\u00f3 \u00abcada uno de ustedes se merece lo mejor, cada uno de ustedes merece que su familia tenga lo mejor, por eso el cambio viene con nuestra candidata pr\u00f3xima presidenta, Sandra Torres, porque ella quiere lo mejor para Guatemala\u00bb.<\/p>\n\n\n\n<p>Al concluir, Torres se comprometi\u00f3 a donar su primer salario como presidenta, para causas ben\u00e9ficas en favor de la ni\u00f1ez y asegur\u00f3 que \u201cel 20 de agosto, con el apoyo del pueblo de Guatemala, vendr\u00e1 el cambio real para el pa\u00eds y primero Dios, una mujer ser\u00e1 por primera vez presidenta de la naci\u00f3n \u201c.<\/p>\n\n\n\n<p><a href=\"https:\/\/www.facebook.com\/hashtag\/eleccionesgt2023?__eep__=6&amp;__cft__[0]=AZVodTlRu9mWcsqv4ry35KN6czBoHdnOkEYTwmSTseIlwLA0e8C0DcfkBMmmc-LB_iMlyWPEOz8eRzDyN9XyTy4Rjy-yXHlfURzJXA1vJEw1wWZ6n_iwLt3oekGaNiyGzl2N4DG_9o6iYKEinIqdhpuhuwp8yQMC2Bgqy7f6BhD0ERjBpym_3ICcOPWn2S9V9Xc&amp;__tn__=*NK-R\">#EleccionesGT2023<\/a><a href=\"https:\/\/www.facebook.com\/hashtag\/yovoto?__eep__=6&amp;__cft__[0]=AZVodTlRu9mWcsqv4ry35KN6czBoHdnOkEYTwmSTseIlwLA0e8C0DcfkBMmmc-LB_iMlyWPEOz8eRzDyN9XyTy4Rjy-yXHlfURzJXA1vJEw1wWZ6n_iwLt3oekGaNiyGzl2N4DG_9o6iYKEinIqdhpuhuwp8yQMC2Bgqy7f6BhD0ERjBpym_3ICcOPWn2S9V9Xc&amp;__tn__=*NK-R\">#YoVoto<\/a><a href=\"https:\/\/www.facebook.com\/hashtag\/partidoune?__eep__=6&amp;__cft__[0]=AZVodTlRu9mWcsqv4ry35KN6czBoHdnOkEYTwmSTseIlwLA0e8C0DcfkBMmmc-LB_iMlyWPEOz8eRzDyN9XyTy4Rjy-yXHlfURzJXA1vJEw1wWZ6n_iwLt3oekGaNiyGzl2N4DG_9o6iYKEinIqdhpuhuwp8yQMC2Bgqy7f6BhD0ERjBpym_3ICcOPWn2S9V9Xc&amp;__tn__=*NK-R\">#PartidoUNE<\/a><\/p>\n\n\n\n<p><a rel=\"noreferrer noopener\" href=\"https:\/\/l.facebook.com\/l.php?u=http%3A%2F%2FWww.elmetropolitano.com.gt%2F%3Ffbclid%3DIwAR3KHMfW3nX2t7lRIA-M3Umssa_aUK0GRpluqnTAmCKzI6D3UgerK1ijJek&amp;h=AT0M4xCE7MT7aVc118u_7iQLJLPDpMW-36x6uaqjJc28eLuZ_056ULYYVtaMwtBo8i3Ieh6fRqWDNGq81pvzpTvMzlqmAF2SYgujcppWKV9qRCSlRr_82Kut7FTq_gdFKhe-&amp;__tn__=-UK-R&amp;c[0]=AT2SpoZT2Gi9Zh_-gbcI8vfgVc9eL8a2bhWy-H53kgig_zgxnNAoFYAcK72u1_rjNRNGh76QnOk50Kc7yRLBJlQ-hDqKTRCKZtxmI46F4b_P8gdlx-dvOl-ghlc6t8r5ovLbg3WB9Y35lyqm7Nt8RWAOlTUP3OcU0V9TZA8lIH5Ih2zf7KXal_b-5oGEc1NC4W-5qQi_Ye-1\" target=\"_blank\">Www.elmetropolitano.com.gt<\/a><\/p>\n\n\n\n<figure class=\"wp-block-gallery has-nested-images columns-default is-cropped wp-block-gallery-1 is-layout-flex wp-block-gallery-is-layout-flex\">\n<figure class=\"wp-block-image size-large\"><img loading=\"lazy\" decoding=\"async\" width=\"1024\" height=\"768\" data-id=\"70187\" src=\"https:\/\/elmetropolitano.com.gt\/es\/wp-content\/uploads\/2023\/07\/358149316_752244323568320_8601358268131089532_n-1024x768.jpg\" alt=\"\" class=\"wp-image-70187\" srcset=\"https:\/\/elmetropolitano.com.gt\/es\/wp-content\/uploads\/2023\/07\/358149316_752244323568320_8601358268131089532_n-1024x768.jpg 1024w, https:\/\/elmetropolitano.com.gt\/es\/wp-content\/uploads\/2023\/07\/358149316_752244323568320_8601358268131089532_n-300x225.jpg 300w, https:\/\/elmetropolitano.com.gt\/es\/wp-content\/uploads\/2023\/07\/358149316_752244323568320_8601358268131089532_n-768x576.jpg 768w, https:\/\/elmetropolitano.com.gt\/es\/wp-content\/uploads\/2023\/07\/358149316_752244323568320_8601358268131089532_n-600x450.jpg 600w, https:\/\/elmetropolitano.com.gt\/es\/wp-content\/uploads\/2023\/07\/358149316_752244323568320_8601358268131089532_n.jpg 1280w\" sizes=\"auto, (max-width: 1024px) 100vw, 1024px\" \/><\/figure>\n\n\n\n<figure class=\"wp-block-image size-large\"><img loading=\"lazy\" decoding=\"async\" width=\"960\" height=\"640\" data-id=\"70185\" src=\"https:\/\/elmetropolitano.com.gt\/es\/wp-content\/uploads\/2023\/07\/362277162_752243803568372_5654758012602290614_n.jpg\" alt=\"\" class=\"wp-image-70185\" srcset=\"https:\/\/elmetropolitano.com.gt\/es\/wp-content\/uploads\/2023\/07\/362277162_752243803568372_5654758012602290614_n.jpg 960w, https:\/\/elmetropolitano.com.gt\/es\/wp-content\/uploads\/2023\/07\/362277162_752243803568372_5654758012602290614_n-300x200.jpg 300w, https:\/\/elmetropolitano.com.gt\/es\/wp-content\/uploads\/2023\/07\/362277162_752243803568372_5654758012602290614_n-768x512.jpg 768w, https:\/\/elmetropolitano.com.gt\/es\/wp-content\/uploads\/2023\/07\/362277162_752243803568372_5654758012602290614_n-600x400.jpg 600w\" sizes=\"auto, (max-width: 960px) 100vw, 960px\" \/><\/figure>\n\n\n\n<figure class=\"wp-block-image size-large\"><img loading=\"lazy\" decoding=\"async\" width=\"960\" height=\"640\" data-id=\"70186\" src=\"https:\/\/elmetropolitano.com.gt\/es\/wp-content\/uploads\/2023\/07\/362670417_752243853568367_8997258093888458228_n.jpg\" alt=\"\" class=\"wp-image-70186\" srcset=\"https:\/\/elmetropolitano.com.gt\/es\/wp-content\/uploads\/2023\/07\/362670417_752243853568367_8997258093888458228_n.jpg 960w, https:\/\/elmetropolitano.com.gt\/es\/wp-content\/uploads\/2023\/07\/362670417_752243853568367_8997258093888458228_n-300x200.jpg 300w, https:\/\/elmetropolitano.com.gt\/es\/wp-content\/uploads\/2023\/07\/362670417_752243853568367_8997258093888458228_n-768x512.jpg 768w, https:\/\/elmetropolitano.com.gt\/es\/wp-content\/uploads\/2023\/07\/362670417_752243853568367_8997258093888458228_n-600x400.jpg 600w\" sizes=\"auto, (max-width: 960px) 100vw, 960px\" \/><\/figure>\n\n\n\n<figure class=\"wp-block-image size-large\"><img loading=\"lazy\" decoding=\"async\" width=\"960\" height=\"720\" data-id=\"70188\" src=\"https:\/\/elmetropolitano.com.gt\/es\/wp-content\/uploads\/2023\/07\/362683298_752243793568373_6577170432946256697_n.jpg\" alt=\"\" class=\"wp-image-70188\" srcset=\"https:\/\/elmetropolitano.com.gt\/es\/wp-content\/uploads\/2023\/07\/362683298_752243793568373_6577170432946256697_n.jpg 960w, https:\/\/elmetropolitano.com.gt\/es\/wp-content\/uploads\/2023\/07\/362683298_752243793568373_6577170432946256697_n-300x225.jpg 300w, https:\/\/elmetropolitano.com.gt\/es\/wp-content\/uploads\/2023\/07\/362683298_752243793568373_6577170432946256697_n-768x576.jpg 768w, https:\/\/elmetropolitano.com.gt\/es\/wp-content\/uploads\/2023\/07\/362683298_752243793568373_6577170432946256697_n-600x450.jpg 600w\" sizes=\"auto, (max-width: 960px) 100vw, 960px\" \/><\/figure>\n<\/figure>\n","protected":false},"excerpt":{"rendered":"<p>Con una caminata acompa\u00f1ada de miles de decenas de simpatizantes en el Paseo La Sexta, zona 1 capitalina, la candidata presidencial de la UNE, Sandra Torres, cerr\u00f3 el domingo su gira de campa\u00f1a del fin de semana en la ciudad de Guatemala. \u00abAgradezco a todas las familias que fueron parte de esta marcha de la <a class=\"read-more\" href=\"https:\/\/elmetropolitano.com.gt\/es\/sandra-torres-trabajara-por-la-unidad-de-guatemala-por-la-vida-y-las-familias\/\">Leer m\u00e1s<\/a><\/p>\n","protected":false},"author":1,"featured_media":70184,"comment_status":"open","ping_status":"closed","sticky":false,"template":"","format":"standard","meta":{"footnotes":""},"categories":[97],"tags":[98],"class_list":["post-70183","post","type-post","status-publish","format-standard","has-post-thumbnail","hentry","category-politica","tag-politica"],"_links":{"self":[{"href":"https:\/\/elmetropolitano.com.gt\/es\/wp-json\/wp\/v2\/posts\/70183","targetHints":{"allow":["GET"]}}],"collection":[{"href":"https:\/\/elmetropolitano.com.gt\/es\/wp-json\/wp\/v2\/posts"}],"about":[{"href":"https:\/\/elmetropolitano.com.gt\/es\/wp-json\/wp\/v2\/types\/post"}],"author":[{"embeddable":true,"href":"https:\/\/elmetropolitano.com.gt\/es\/wp-json\/wp\/v2\/users\/1"}],"replies":[{"embeddable":true,"href":"https:\/\/elmetropolitano.com.gt\/es\/wp-json\/wp\/v2\/comments?post=70183"}],"version-history":[{"count":1,"href":"https:\/\/elmetropolitano.com.gt\/es\/wp-json\/wp\/v2\/posts\/70183\/revisions"}],"predecessor-version":[{"id":70189,"href":"https:\/\/elmetropolitano.com.gt\/es\/wp-json\/wp\/v2\/posts\/70183\/revisions\/70189"}],"wp:featuredmedia":[{"embeddable":true,"href":"https:\/\/elmetropolitano.com.gt\/es\/wp-json\/wp\/v2\/media\/70184"}],"wp:attachment":[{"href":"https:\/\/elmetropolitano.com.gt\/es\/wp-json\/wp\/v2\/media?parent=70183"}],"wp:term":[{"taxonomy":"category","embeddable":true,"href":"https:\/\/elmetropolitano.com.gt\/es\/wp-json\/wp\/v2\/categories?post=70183"},{"taxonomy":"post_tag","embeddable":true,"href":"https:\/\/elmetropolitano.com.gt\/es\/wp-json\/wp\/v2\/tags?post=70183"}],"curies":[{"name":"wp","href":"https:\/\/api.w.org\/{rel}","templated":true}]}}