{"id":70195,"date":"2023-07-31T09:35:42","date_gmt":"2023-07-31T15:35:42","guid":{"rendered":"https:\/\/elmetropolitano.com.gt\/es\/?p=70195"},"modified":"2023-07-31T09:35:44","modified_gmt":"2023-07-31T15:35:44","slug":"hoy-vence-el-pago-del-impuesto-de-circulacion-de-vehiculos","status":"publish","type":"post","link":"https:\/\/elmetropolitano.com.gt\/es\/hoy-vence-el-pago-del-impuesto-de-circulacion-de-vehiculos\/","title":{"rendered":"Hoy vence el pago del impuesto de circulaci\u00f3n de veh\u00edculos"},"content":{"rendered":"\n<p>Hoy vence el plazo para el pago del impuesto de circulaci\u00f3n de veh\u00edculo a partir de ma\u00f1ana inician los registros en las calles y avenidas por parte de la PMT para multar por haber incumplido con este pago si no lo ha efectuado h\u00e1galo hoy<\/p>\n\n\n\n<p><a href=\"https:\/\/www.facebook.com\/hashtag\/satgt?__eep__=6&amp;__cft__[0]=AZUiIXVEDWl88Z82dLXqKKJgrvZdyGc867hovn2dVDj-NywKFNB8UMH2xoxrB4gMXCdbKQOU55qqFg54nN9T5Aoll4Xa0z12vJLpGOhoB-wYL2Dy3wq-wytceZ9LUnzVvo-__TBSMDPoGCM2Y7kcvxoLzvZz0Bi9YCZHetaqeKXl7DpAzyyXl53Zg_TsbwZdsOE&amp;__tn__=*NK-R\">#SATGT<\/a><a href=\"https:\/\/www.facebook.com\/hashtag\/metroredes?__eep__=6&amp;__cft__[0]=AZUiIXVEDWl88Z82dLXqKKJgrvZdyGc867hovn2dVDj-NywKFNB8UMH2xoxrB4gMXCdbKQOU55qqFg54nN9T5Aoll4Xa0z12vJLpGOhoB-wYL2Dy3wq-wytceZ9LUnzVvo-__TBSMDPoGCM2Y7kcvxoLzvZz0Bi9YCZHetaqeKXl7DpAzyyXl53Zg_TsbwZdsOE&amp;__tn__=*NK-R\">#metroredes<\/a><\/p><div class=\"elmet-contenido\" id=\"elmet-1611715219\"><div class=\"elmet-adlabel\">Anuncios<\/div><div style=\"margin-top: 20px;margin-right: 20px;margin-bottom: 20px;margin-left: 20px;\" id=\"elmet-803473432\"><a href=\"https:\/\/www.facebook.com\/arrincuanantigua\/\" aria-label=\"cintillo-arrin-cual\"><img loading=\"lazy\" decoding=\"async\" src=\"https:\/\/elmetropolitano.com.gt\/es\/wp-content\/uploads\/2021\/11\/cintillo-arrin-cual-1.jpg\" alt=\"\"  srcset=\"https:\/\/elmetropolitano.com.gt\/es\/wp-content\/uploads\/2021\/11\/cintillo-arrin-cual-1.jpg 750w, https:\/\/elmetropolitano.com.gt\/es\/wp-content\/uploads\/2021\/11\/cintillo-arrin-cual-1-300x36.jpg 300w, https:\/\/elmetropolitano.com.gt\/es\/wp-content\/uploads\/2021\/11\/cintillo-arrin-cual-1-600x72.jpg 600w\" sizes=\"(max-width: 750px) 100vw, 750px\" width=\"750\" height=\"90\"   \/><\/a><\/div><\/div>\n\n\n\n<p><\/p>\n","protected":false},"excerpt":{"rendered":"<p>Hoy vence el plazo para el pago del impuesto de circulaci\u00f3n de veh\u00edculo a partir de ma\u00f1ana inician los registros en las calles y avenidas por parte de la PMT para multar por haber incumplido con este pago si no lo ha efectuado h\u00e1galo hoy #SATGT#metroredes<\/p>\n","protected":false},"author":1,"featured_media":70196,"comment_status":"open","ping_status":"closed","sticky":false,"template":"","format":"standard","meta":{"footnotes":""},"categories":[2],"tags":[12],"class_list":["post-70195","post","type-post","status-publish","format-standard","has-post-thumbnail","hentry","category-nacionales","tag-nacionales"],"_links":{"self":[{"href":"https:\/\/elmetropolitano.com.gt\/es\/wp-json\/wp\/v2\/posts\/70195","targetHints":{"allow":["GET"]}}],"collection":[{"href":"https:\/\/elmetropolitano.com.gt\/es\/wp-json\/wp\/v2\/posts"}],"about":[{"href":"https:\/\/elmetropolitano.com.gt\/es\/wp-json\/wp\/v2\/types\/post"}],"author":[{"embeddable":true,"href":"https:\/\/elmetropolitano.com.gt\/es\/wp-json\/wp\/v2\/users\/1"}],"replies":[{"embeddable":true,"href":"https:\/\/elmetropolitano.com.gt\/es\/wp-json\/wp\/v2\/comments?post=70195"}],"version-history":[{"count":1,"href":"https:\/\/elmetropolitano.com.gt\/es\/wp-json\/wp\/v2\/posts\/70195\/revisions"}],"predecessor-version":[{"id":70197,"href":"https:\/\/elmetropolitano.com.gt\/es\/wp-json\/wp\/v2\/posts\/70195\/revisions\/70197"}],"wp:featuredmedia":[{"embeddable":true,"href":"https:\/\/elmetropolitano.com.gt\/es\/wp-json\/wp\/v2\/media\/70196"}],"wp:attachment":[{"href":"https:\/\/elmetropolitano.com.gt\/es\/wp-json\/wp\/v2\/media?parent=70195"}],"wp:term":[{"taxonomy":"category","embeddable":true,"href":"https:\/\/elmetropolitano.com.gt\/es\/wp-json\/wp\/v2\/categories?post=70195"},{"taxonomy":"post_tag","embeddable":true,"href":"https:\/\/elmetropolitano.com.gt\/es\/wp-json\/wp\/v2\/tags?post=70195"}],"curies":[{"name":"wp","href":"https:\/\/api.w.org\/{rel}","templated":true}]}}