{"id":70211,"date":"2023-07-31T14:53:43","date_gmt":"2023-07-31T20:53:43","guid":{"rendered":"https:\/\/elmetropolitano.com.gt\/es\/?p=70211"},"modified":"2023-07-31T14:54:31","modified_gmt":"2023-07-31T20:54:31","slug":"oficializado-el-triunfo-de-mainor-orellana-en-amatitlan","status":"publish","type":"post","link":"https:\/\/elmetropolitano.com.gt\/es\/oficializado-el-triunfo-de-mainor-orellana-en-amatitlan\/","title":{"rendered":"Oficializado el Triunfo de Mainor Orellana en Amatitl\u00e1n"},"content":{"rendered":"\n<p>De acuerdo con lo establecido en la Ley Electoral y de Partidos Pol\u00edticos, la Junta Electoral Departamental de Guatemala valido los resultados electorales en el Municipio de Amatitl\u00e1n donde el gobierno municipal es encabezado por Mainor Guillermo Orellana Mazariegos es el ganador oficial y deber\u00e1 tomar posesi\u00f3n el 15 de enero del 2024.<\/p>\n\n\n\n<p>La JEDG llev\u00f3 a cabo la adjudicaci\u00f3n de los cargos respetando estrictamente lo se\u00f1alado <a><\/a>en la Ley Electoral y de Partidos Pol\u00edticos, adem\u00e1s de lo dictado por la Corte de Constitucionalidad (CC). Durante este proceso, se realizaron dos audiencias de revisi\u00f3n de escrutinio de votos, en las cuales los fiscales de diversas organizaciones pol\u00edticas tuvieron la oportunidad de presentar sus solicitudes relacionadas a las Actas No. 4. Se procedi\u00f3 con la verificaci\u00f3n y cotejo de las actas, priorizando en todo momento la legitimidad y transparencia en cada etapa del proceso.<\/p><div class=\"elmet-contenido\" id=\"elmet-173959740\"><div class=\"elmet-adlabel\">Anuncios<\/div><div style=\"margin-top: 20px;margin-right: 20px;margin-bottom: 20px;margin-left: 20px;\" id=\"elmet-2805258093\"><a href=\"https:\/\/www.facebook.com\/arrincuanantigua\/\" aria-label=\"cintillo-arrin-cual\"><img loading=\"lazy\" decoding=\"async\" src=\"https:\/\/elmetropolitano.com.gt\/es\/wp-content\/uploads\/2021\/11\/cintillo-arrin-cual-1.jpg\" alt=\"\"  srcset=\"https:\/\/elmetropolitano.com.gt\/es\/wp-content\/uploads\/2021\/11\/cintillo-arrin-cual-1.jpg 750w, https:\/\/elmetropolitano.com.gt\/es\/wp-content\/uploads\/2021\/11\/cintillo-arrin-cual-1-300x36.jpg 300w, https:\/\/elmetropolitano.com.gt\/es\/wp-content\/uploads\/2021\/11\/cintillo-arrin-cual-1-600x72.jpg 600w\" sizes=\"(max-width: 750px) 100vw, 750px\" width=\"750\" height=\"90\"   \/><\/a><\/div><\/div>\n\n\n\n<p>Tras la confirmaci\u00f3n por parte del Tribunal Supremo Electoral de la informaci\u00f3n proporcionada por la JEDG, la Junta Electoral Departamental de Guatemala realizar\u00e1, durante esta semana, el proceso de notificaci\u00f3n y entrega de acreditaciones a todos los integrantes de corporaci\u00f3n municipal de Amatitl\u00e1n que fueron electos el 25 de junio<\/p>\n\n\n\n<p>\u201cComo Junta Electoral Departamental de Guatemala, agradecemos a todos los ciudadanos que ejercieron su derecho al voto el pasado 25 de junio, el cual constituye el principal medio para manifestar su voluntad en una democracia. Nos comprometemos firmemente a salvaguardar y proteger el voto de los guatemaltecos, asegurando que cada ciudadano pueda confiar plenamente en que su voluntad se ver\u00e1 reflejada en los resultados.\u00bb puntualiz\u00f3 \u00c1lvaro Bravo, presidente de la Junta Electoral Departamental de Guatemala.<\/p>\n\n\n\n<p>As\u00ed queda integrado el Concejo Municipal 2024-2028<\/p>\n\n\n\n<p>Alcalde Mainor Guillermo Orellana Mazariegos VALOR<\/p>\n\n\n\n<p>Concejal I Juan Carlos Ovando Ram\u00edrez VALOR<\/p>\n\n\n\n<p>Concejal II Luis Gerardo S\u00e1nchez Echeverr\u00eda VALOR<\/p>\n\n\n\n<p>Concejal III Luis Pedro Lavarreda Figueroa VALOR<\/p>\n\n\n\n<p>Concejal IV Josu\u00e9 David Garc\u00eda Escobar CABAL<\/p>\n\n\n\n<p>Concejal V Julio Roberto Reyes Cuevas CABAL<\/p>\n\n\n\n<p>Concejal VI Francisco Mamerto de Le\u00f3n CABAL<\/p>\n\n\n\n<p>Concejal VII Luisa Betzab\u00e9 Arias de la Cruz CABAL<\/p>\n\n\n\n<p>Concejal VIII Lorena Xiomara Orellana Cabrera BIEN<\/p>\n\n\n\n<p>Concejal IX Juan Carlos del Busto Soto UNE<\/p>\n\n\n\n<p>Concejal X Maynor Francisco Ardan Cabrera NOSOTROS<\/p>\n\n\n\n<p>Concejal S. I Oscar Jos\u00e9 Gil Ib\u00e1\u00f1ez VALOR<\/p>\n\n\n\n<p>Concejal S. II \u00c1lvaro Augusto Alfaro Ochoa VALOR<\/p>\n\n\n\n<p>Concejal S. III Carlos Antonio Saravia V\u00e1zquez CABAL<\/p>\n\n\n\n<p>Concejal S. IV Amanda Yanira Vel\u00e1squez BIEN<\/p>\n\n\n\n<p>S\u00edndico I Norma Violeta Aguilar Leiva VALOR<\/p>\n\n\n\n<p>S\u00edndico II Lilian Rosario Quezada VALOR<\/p>\n\n\n\n<p>S\u00edndico III Adelso Sol\u00eds Garc\u00eda VALOR<\/p>\n\n\n\n<p>S\u00edndico S. Harol Manuel Carrillo Hern\u00e1ndez VALOR<\/p>\n\n\n\n<p><a href=\"https:\/\/www.facebook.com\/hashtag\/eleccionesgt2023?__eep__=6&amp;__cft__[0]=AZXerBXtZZpU9pb6imypNYGHwx4DAVjmM9p5aznvjS55z8rk2nY-DO78fsc9i5ao1_8Sc7ga3OjKmbwHXdVvZK1_gk288pAdw-ZRdS8Xzqjsjfa19dHMChEjsRzZIrD0d_YQ779iMveJTstSi-bDm3RMPCs98EnioL-PXFF6vAyCfdVpSp-1Zugyxht6f6wiNR8&amp;__tn__=*NK-R\">#EleccionesGT2023<\/a><a href=\"https:\/\/www.facebook.com\/hashtag\/municipalidadamatitlan?__eep__=6&amp;__cft__[0]=AZXerBXtZZpU9pb6imypNYGHwx4DAVjmM9p5aznvjS55z8rk2nY-DO78fsc9i5ao1_8Sc7ga3OjKmbwHXdVvZK1_gk288pAdw-ZRdS8Xzqjsjfa19dHMChEjsRzZIrD0d_YQ779iMveJTstSi-bDm3RMPCs98EnioL-PXFF6vAyCfdVpSp-1Zugyxht6f6wiNR8&amp;__tn__=*NK-R\">#MunicipalidadAmatitlan<\/a><a href=\"https:\/\/www.facebook.com\/hashtag\/yovoto?__eep__=6&amp;__cft__[0]=AZXerBXtZZpU9pb6imypNYGHwx4DAVjmM9p5aznvjS55z8rk2nY-DO78fsc9i5ao1_8Sc7ga3OjKmbwHXdVvZK1_gk288pAdw-ZRdS8Xzqjsjfa19dHMChEjsRzZIrD0d_YQ779iMveJTstSi-bDm3RMPCs98EnioL-PXFF6vAyCfdVpSp-1Zugyxht6f6wiNR8&amp;__tn__=*NK-R\">#YoVoto<\/a><\/p>\n\n\n\n<p><\/p>\n","protected":false},"excerpt":{"rendered":"<p>De acuerdo con lo establecido en la Ley Electoral y de Partidos Pol\u00edticos, la Junta Electoral Departamental de Guatemala valido los resultados electorales en el Municipio de Amatitl\u00e1n donde el gobierno municipal es encabezado por Mainor Guillermo Orellana Mazariegos es el ganador oficial y deber\u00e1 tomar posesi\u00f3n el 15 de enero del 2024. La JEDG <a class=\"read-more\" href=\"https:\/\/elmetropolitano.com.gt\/es\/oficializado-el-triunfo-de-mainor-orellana-en-amatitlan\/\">Leer m\u00e1s<\/a><\/p>\n","protected":false},"author":1,"featured_media":70212,"comment_status":"open","ping_status":"closed","sticky":false,"template":"","format":"standard","meta":{"footnotes":""},"categories":[119],"tags":[120],"class_list":["post-70211","post","type-post","status-publish","format-standard","has-post-thumbnail","hentry","category-municipales","tag-municipales"],"_links":{"self":[{"href":"https:\/\/elmetropolitano.com.gt\/es\/wp-json\/wp\/v2\/posts\/70211","targetHints":{"allow":["GET"]}}],"collection":[{"href":"https:\/\/elmetropolitano.com.gt\/es\/wp-json\/wp\/v2\/posts"}],"about":[{"href":"https:\/\/elmetropolitano.com.gt\/es\/wp-json\/wp\/v2\/types\/post"}],"author":[{"embeddable":true,"href":"https:\/\/elmetropolitano.com.gt\/es\/wp-json\/wp\/v2\/users\/1"}],"replies":[{"embeddable":true,"href":"https:\/\/elmetropolitano.com.gt\/es\/wp-json\/wp\/v2\/comments?post=70211"}],"version-history":[{"count":1,"href":"https:\/\/elmetropolitano.com.gt\/es\/wp-json\/wp\/v2\/posts\/70211\/revisions"}],"predecessor-version":[{"id":70213,"href":"https:\/\/elmetropolitano.com.gt\/es\/wp-json\/wp\/v2\/posts\/70211\/revisions\/70213"}],"wp:featuredmedia":[{"embeddable":true,"href":"https:\/\/elmetropolitano.com.gt\/es\/wp-json\/wp\/v2\/media\/70212"}],"wp:attachment":[{"href":"https:\/\/elmetropolitano.com.gt\/es\/wp-json\/wp\/v2\/media?parent=70211"}],"wp:term":[{"taxonomy":"category","embeddable":true,"href":"https:\/\/elmetropolitano.com.gt\/es\/wp-json\/wp\/v2\/categories?post=70211"},{"taxonomy":"post_tag","embeddable":true,"href":"https:\/\/elmetropolitano.com.gt\/es\/wp-json\/wp\/v2\/tags?post=70211"}],"curies":[{"name":"wp","href":"https:\/\/api.w.org\/{rel}","templated":true}]}}