{"id":70214,"date":"2023-07-31T15:48:41","date_gmt":"2023-07-31T21:48:41","guid":{"rendered":"https:\/\/elmetropolitano.com.gt\/es\/?p=70214"},"modified":"2023-07-31T15:48:42","modified_gmt":"2023-07-31T21:48:42","slug":"sandra-torres-presenta-al-ces-su-propuesta-de-desarrollo-economico-con-desarrollo-social","status":"publish","type":"post","link":"https:\/\/elmetropolitano.com.gt\/es\/sandra-torres-presenta-al-ces-su-propuesta-de-desarrollo-economico-con-desarrollo-social\/","title":{"rendered":"Sandra Torres presenta al CES su propuesta de desarrollo econ\u00f3mico con desarrollo social"},"content":{"rendered":"\n<p>La candidata presidencial de la Unidad Nacionao de la Esperanza UNE Sandra Torres, se reuni\u00f3 hoy con el Consejo Econ\u00f3mico y Social de Guatemala (CES), para discutir pol\u00edticas p\u00fablicas que contribuyan a promover la macroeconom\u00eda, la creaci\u00f3n de empleos y la estabilidad pol\u00edtica del pa\u00eds.<\/p>\n\n\n\n<p>Durante su cita con los integrantes del CES, la candidata de la UNE present\u00f3 su propuesta de Gobierno y <a><\/a>destac\u00f3 las coincidencias que existen con los planteamientos del Consejo en favor del pa\u00eds que queremos, con oportunidades para todos.<\/p><div class=\"elmet-contenido\" id=\"elmet-3892518019\"><div class=\"elmet-adlabel\">Anuncios<\/div><div style=\"margin-top: 20px;margin-right: 20px;margin-bottom: 20px;margin-left: 20px;\" id=\"elmet-2475758943\"><a href=\"https:\/\/www.facebook.com\/arrincuanantigua\/\" aria-label=\"cintillo-arrin-cual\"><img loading=\"lazy\" decoding=\"async\" src=\"https:\/\/elmetropolitano.com.gt\/es\/wp-content\/uploads\/2021\/11\/cintillo-arrin-cual-1.jpg\" alt=\"\"  srcset=\"https:\/\/elmetropolitano.com.gt\/es\/wp-content\/uploads\/2021\/11\/cintillo-arrin-cual-1.jpg 750w, https:\/\/elmetropolitano.com.gt\/es\/wp-content\/uploads\/2021\/11\/cintillo-arrin-cual-1-300x36.jpg 300w, https:\/\/elmetropolitano.com.gt\/es\/wp-content\/uploads\/2021\/11\/cintillo-arrin-cual-1-600x72.jpg 600w\" sizes=\"(max-width: 750px) 100vw, 750px\" width=\"750\" height=\"90\"   \/><\/a><\/div><\/div>\n\n\n\n<p>Durante la reuni\u00f3n la candidata presidenciable por la UNE, expuso las pol\u00edticas p\u00fablicas que promover\u00e1 en su gobierno para la reforma y modernizaci\u00f3n del Estado que vele por la macroeconom\u00eda, la creaci\u00f3n de empleos y estabilidad pol\u00edtica del pa\u00eds.<\/p>\n\n\n\n<p>\u201cLa seguridad jur\u00eddica, la estabilidad macroecon\u00f3mica y la estabilidad pol\u00edtica es de mucho inter\u00e9s para ellos porque eso permite generar m\u00e1s inversi\u00f3n y mejores empleos para los guatemaltecos; y nosotros coincidimos con eso, por lo que en mi gobierno estableceremos una relaci\u00f3n vinculante con el CES para reformar y promover una modernizaci\u00f3n del Estado\u201d, explic\u00f3 Torres.<\/p>\n\n\n\n<p>En esa l\u00ednea, la presidenciable prometi\u00f3 el fortalecimiento a la Ley de la Contralor\u00eda, para que tenga \u201cm\u00e1s dientes\u201d, y una Ley de Auditor\u00eda Social, para la rendici\u00f3n de cuentas y la sanci\u00f3n a los funcionarios que no act\u00faen conforme las normas.<\/p>\n\n\n\n<p>Sandra Torres apuesta por<\/p>\n\n\n\n<p>una agenda m\u00ednima<\/p>\n\n\n\n<p>Sandra Torres tambi\u00e9n puso sobre la mesa la convocatoria a una agenda m\u00ednima con todos los sectores, para en conjuntos y unidos qu\u00e9 pa\u00eds queremos y cu\u00e1nto nos cuesta<\/p>\n\n\n\n<p>El CES es un \u00f3rgano consultivo facultado para conocer asuntos relativos a pol\u00edticas p\u00fablicas de car\u00e1cter econ\u00f3mico y social implementadas por el Estado que puedan constituirse en estrategia nacional de desarrollo, manteniendo un espacio de di\u00e1logo entre los sectores productivos del pa\u00eds: trabajadores, empresarios y cooperativistas.<\/p>\n\n\n\n<p>\u201cLas decisiones p\u00fablicas se tomar\u00e1n en unidad por el bien de Guatemala, porque nos unimos o nos hundimos\u201d, concluy\u00f3 la presidenciable.<\/p>\n\n\n\n<p><a href=\"https:\/\/www.facebook.com\/hashtag\/eleccionesgt2023?__eep__=6&amp;__cft__[0]=AZVK3xC-ytqZ7HVaxTfeNeXdp-YpJru2FhmKYxg6tNFT8DUMAa85csODs6y8YUU_25lbJYRlThAQayKfna1dO8m9uCv_pdZvAi1cJhSrIlh2QOyuq_MfUwpL7tsFp89r9Czpuej6aMWlCCPVRNfNcU5eXUWbinMCUKzXvvFjdNQt1McxCjxG7kAK-FkI8cIYGkU&amp;__tn__=*NK-R\">#EleccionesGT2023<\/a><a href=\"https:\/\/www.facebook.com\/hashtag\/metroredes?__eep__=6&amp;__cft__[0]=AZVK3xC-ytqZ7HVaxTfeNeXdp-YpJru2FhmKYxg6tNFT8DUMAa85csODs6y8YUU_25lbJYRlThAQayKfna1dO8m9uCv_pdZvAi1cJhSrIlh2QOyuq_MfUwpL7tsFp89r9Czpuej6aMWlCCPVRNfNcU5eXUWbinMCUKzXvvFjdNQt1McxCjxG7kAK-FkI8cIYGkU&amp;__tn__=*NK-R\">#metroredes<\/a><a href=\"https:\/\/www.facebook.com\/hashtag\/yovoto?__eep__=6&amp;__cft__[0]=AZVK3xC-ytqZ7HVaxTfeNeXdp-YpJru2FhmKYxg6tNFT8DUMAa85csODs6y8YUU_25lbJYRlThAQayKfna1dO8m9uCv_pdZvAi1cJhSrIlh2QOyuq_MfUwpL7tsFp89r9Czpuej6aMWlCCPVRNfNcU5eXUWbinMCUKzXvvFjdNQt1McxCjxG7kAK-FkI8cIYGkU&amp;__tn__=*NK-R\">#YoVoto<\/a><a rel=\"noreferrer noopener\" href=\"http:\/\/www.elmetropolitano.com.gt\/?fbclid=IwAR1ab-s4cOCiIvc0BhutwGXPAaBTEcuKZDJOZCaRwp7-l8JTjEAH_7IKDsQ\" target=\"_blank\">www.elmetropolitano.com.gt<\/a><\/p>\n\n\n\n<figure class=\"wp-block-gallery has-nested-images columns-default is-cropped wp-block-gallery-1 is-layout-flex wp-block-gallery-is-layout-flex\">\n<figure class=\"wp-block-image size-large\"><img loading=\"lazy\" decoding=\"async\" width=\"1024\" height=\"384\" data-id=\"70218\" src=\"https:\/\/elmetropolitano.com.gt\/es\/wp-content\/uploads\/2023\/07\/362288555_752774336848652_7212732571929051944_n-1024x384.jpg\" alt=\"\" class=\"wp-image-70218\" srcset=\"https:\/\/elmetropolitano.com.gt\/es\/wp-content\/uploads\/2023\/07\/362288555_752774336848652_7212732571929051944_n-1024x384.jpg 1024w, https:\/\/elmetropolitano.com.gt\/es\/wp-content\/uploads\/2023\/07\/362288555_752774336848652_7212732571929051944_n-300x113.jpg 300w, https:\/\/elmetropolitano.com.gt\/es\/wp-content\/uploads\/2023\/07\/362288555_752774336848652_7212732571929051944_n-768x288.jpg 768w, https:\/\/elmetropolitano.com.gt\/es\/wp-content\/uploads\/2023\/07\/362288555_752774336848652_7212732571929051944_n-600x225.jpg 600w, https:\/\/elmetropolitano.com.gt\/es\/wp-content\/uploads\/2023\/07\/362288555_752774336848652_7212732571929051944_n.jpg 1280w\" sizes=\"auto, (max-width: 1024px) 100vw, 1024px\" \/><\/figure>\n\n\n\n<figure class=\"wp-block-image size-large\"><img loading=\"lazy\" decoding=\"async\" width=\"769\" height=\"1024\" data-id=\"70217\" src=\"https:\/\/elmetropolitano.com.gt\/es\/wp-content\/uploads\/2023\/07\/362294481_752775500181869_2278761192700520426_n-769x1024.jpg\" alt=\"\" class=\"wp-image-70217\" srcset=\"https:\/\/elmetropolitano.com.gt\/es\/wp-content\/uploads\/2023\/07\/362294481_752775500181869_2278761192700520426_n-769x1024.jpg 769w, https:\/\/elmetropolitano.com.gt\/es\/wp-content\/uploads\/2023\/07\/362294481_752775500181869_2278761192700520426_n-225x300.jpg 225w, https:\/\/elmetropolitano.com.gt\/es\/wp-content\/uploads\/2023\/07\/362294481_752775500181869_2278761192700520426_n-768x1023.jpg 768w, https:\/\/elmetropolitano.com.gt\/es\/wp-content\/uploads\/2023\/07\/362294481_752775500181869_2278761192700520426_n-1153x1536.jpg 1153w, https:\/\/elmetropolitano.com.gt\/es\/wp-content\/uploads\/2023\/07\/362294481_752775500181869_2278761192700520426_n-600x799.jpg 600w, https:\/\/elmetropolitano.com.gt\/es\/wp-content\/uploads\/2023\/07\/362294481_752775500181869_2278761192700520426_n.jpg 1201w\" sizes=\"auto, (max-width: 769px) 100vw, 769px\" \/><\/figure>\n\n\n\n<figure class=\"wp-block-image size-large\"><img loading=\"lazy\" decoding=\"async\" width=\"1024\" height=\"715\" data-id=\"70216\" src=\"https:\/\/elmetropolitano.com.gt\/es\/wp-content\/uploads\/2023\/07\/362969932_752775333515219_5656866138006661785_n-1024x715.jpg\" alt=\"\" class=\"wp-image-70216\" srcset=\"https:\/\/elmetropolitano.com.gt\/es\/wp-content\/uploads\/2023\/07\/362969932_752775333515219_5656866138006661785_n-1024x715.jpg 1024w, https:\/\/elmetropolitano.com.gt\/es\/wp-content\/uploads\/2023\/07\/362969932_752775333515219_5656866138006661785_n-300x210.jpg 300w, https:\/\/elmetropolitano.com.gt\/es\/wp-content\/uploads\/2023\/07\/362969932_752775333515219_5656866138006661785_n-768x536.jpg 768w, https:\/\/elmetropolitano.com.gt\/es\/wp-content\/uploads\/2023\/07\/362969932_752775333515219_5656866138006661785_n-600x419.jpg 600w, https:\/\/elmetropolitano.com.gt\/es\/wp-content\/uploads\/2023\/07\/362969932_752775333515219_5656866138006661785_n.jpg 1280w\" sizes=\"auto, (max-width: 1024px) 100vw, 1024px\" \/><\/figure>\n<\/figure>\n","protected":false},"excerpt":{"rendered":"<p>La candidata presidencial de la Unidad Nacionao de la Esperanza UNE Sandra Torres, se reuni\u00f3 hoy con el Consejo Econ\u00f3mico y Social de Guatemala (CES), para discutir pol\u00edticas p\u00fablicas que contribuyan a promover la macroeconom\u00eda, la creaci\u00f3n de empleos y la estabilidad pol\u00edtica del pa\u00eds. Durante su cita con los integrantes del CES, la candidata <a class=\"read-more\" href=\"https:\/\/elmetropolitano.com.gt\/es\/sandra-torres-presenta-al-ces-su-propuesta-de-desarrollo-economico-con-desarrollo-social\/\">Leer m\u00e1s<\/a><\/p>\n","protected":false},"author":1,"featured_media":70215,"comment_status":"open","ping_status":"closed","sticky":false,"template":"","format":"standard","meta":{"footnotes":""},"categories":[97],"tags":[98],"class_list":["post-70214","post","type-post","status-publish","format-standard","has-post-thumbnail","hentry","category-politica","tag-politica"],"_links":{"self":[{"href":"https:\/\/elmetropolitano.com.gt\/es\/wp-json\/wp\/v2\/posts\/70214","targetHints":{"allow":["GET"]}}],"collection":[{"href":"https:\/\/elmetropolitano.com.gt\/es\/wp-json\/wp\/v2\/posts"}],"about":[{"href":"https:\/\/elmetropolitano.com.gt\/es\/wp-json\/wp\/v2\/types\/post"}],"author":[{"embeddable":true,"href":"https:\/\/elmetropolitano.com.gt\/es\/wp-json\/wp\/v2\/users\/1"}],"replies":[{"embeddable":true,"href":"https:\/\/elmetropolitano.com.gt\/es\/wp-json\/wp\/v2\/comments?post=70214"}],"version-history":[{"count":1,"href":"https:\/\/elmetropolitano.com.gt\/es\/wp-json\/wp\/v2\/posts\/70214\/revisions"}],"predecessor-version":[{"id":70219,"href":"https:\/\/elmetropolitano.com.gt\/es\/wp-json\/wp\/v2\/posts\/70214\/revisions\/70219"}],"wp:featuredmedia":[{"embeddable":true,"href":"https:\/\/elmetropolitano.com.gt\/es\/wp-json\/wp\/v2\/media\/70215"}],"wp:attachment":[{"href":"https:\/\/elmetropolitano.com.gt\/es\/wp-json\/wp\/v2\/media?parent=70214"}],"wp:term":[{"taxonomy":"category","embeddable":true,"href":"https:\/\/elmetropolitano.com.gt\/es\/wp-json\/wp\/v2\/categories?post=70214"},{"taxonomy":"post_tag","embeddable":true,"href":"https:\/\/elmetropolitano.com.gt\/es\/wp-json\/wp\/v2\/tags?post=70214"}],"curies":[{"name":"wp","href":"https:\/\/api.w.org\/{rel}","templated":true}]}}