{"id":70223,"date":"2023-07-31T21:39:03","date_gmt":"2023-08-01T03:39:03","guid":{"rendered":"https:\/\/elmetropolitano.com.gt\/es\/?p=70223"},"modified":"2023-07-31T21:39:06","modified_gmt":"2023-08-01T03:39:06","slug":"oficializado-el-triunfo-de-sebastian-siero-asturias-en-santa-catarina-pinula","status":"publish","type":"post","link":"https:\/\/elmetropolitano.com.gt\/es\/oficializado-el-triunfo-de-sebastian-siero-asturias-en-santa-catarina-pinula\/","title":{"rendered":"Oficializado el triunfo de Sebasti\u00e1n Siero Asturias en Santa Catarina Pinula"},"content":{"rendered":"\n<p>De acuerdo con lo establecido en la Ley Electoral y de Partidos Pol\u00edticos, la Junta Electoral Departamental de Guatemala valido los resultados electorales en el Municipio de Santa Catarina Pinula donde el gobierno municipal es encabezado por Sebasti\u00e1n Siero Asturias es el ganador oficial y deber\u00e1 tomar posesi\u00f3n el 15 de enero del 2024.<\/p>\n\n\n\n<p>La <a><\/a>JEDG llev\u00f3 a cabo la adjudicaci\u00f3n de los cargos respetando estrictamente lo se\u00f1alado en la Ley Electoral y de Partidos Pol\u00edticos, adem\u00e1s de lo dictado por la Corte de Constitucionalidad (CC). Durante este proceso, se realizaron dos audiencias de revisi\u00f3n de escrutinio de votos, en las cuales los fiscales de diversas organizaciones pol\u00edticas tuvieron la oportunidad de presentar sus solicitudes relacionadas a las Actas No. 4. Se procedi\u00f3 con la verificaci\u00f3n y cotejo de las actas, priorizando en todo momento la legitimidad y transparencia en cada etapa del proceso.<\/p><div class=\"elmet-contenido\" id=\"elmet-3971839927\"><div class=\"elmet-adlabel\">Anuncios<\/div><div style=\"margin-top: 20px;margin-right: 20px;margin-bottom: 20px;margin-left: 20px;\" id=\"elmet-1945080421\"><a href=\"https:\/\/www.facebook.com\/arrincuanantigua\/\" aria-label=\"cintillo-arrin-cual\"><img loading=\"lazy\" decoding=\"async\" src=\"https:\/\/elmetropolitano.com.gt\/es\/wp-content\/uploads\/2021\/11\/cintillo-arrin-cual-1.jpg\" alt=\"\"  srcset=\"https:\/\/elmetropolitano.com.gt\/es\/wp-content\/uploads\/2021\/11\/cintillo-arrin-cual-1.jpg 750w, https:\/\/elmetropolitano.com.gt\/es\/wp-content\/uploads\/2021\/11\/cintillo-arrin-cual-1-300x36.jpg 300w, https:\/\/elmetropolitano.com.gt\/es\/wp-content\/uploads\/2021\/11\/cintillo-arrin-cual-1-600x72.jpg 600w\" sizes=\"(max-width: 750px) 100vw, 750px\" width=\"750\" height=\"90\"   \/><\/a><\/div><\/div>\n\n\n\n<p>Tras la confirmaci\u00f3n por parte del Tribunal Supremo Electoral de la informaci\u00f3n proporcionada por la JEDG, la Junta Electoral Departamental de Guatemala realizar\u00e1, durante esta semana, el proceso de notificaci\u00f3n y entrega de acreditaciones a todos los integrantes de corporaci\u00f3n municipal de Santa Ctarina Pinula que fueron electos el 25 de Junio<\/p>\n\n\n\n<p>\u201cComo Junta Electoral Departamental de Guatemala, agradecemos a todos los ciudadanos que ejercieron su derecho al voto el pasado 25 de junio, el cual constituye el principal medio para manifestar su voluntad en una democracia. Nos comprometemos firmemente a salvaguardar y proteger el voto de los guatemaltecos, asegurando que cada ciudadano pueda confiar plenamente en que su voluntad se ver\u00e1 reflejada en los resultados.\u00bb puntualiz\u00f3 \u00c1lvaro Bravo, Presidente de la Junta Electoral Departamental de Guatemala.<\/p>\n\n\n\n<p>As\u00ed queda integrado el Consejo Municipal 2024-2028<\/p>\n\n\n\n<p>Alcalde Municipal Sebasti\u00e0n Siero Asturias VALOR-UNIONISTA<\/p>\n\n\n\n<p>Concejal Primero Rosibel Vanessa Yac Robles VALOR-UNIONISTA<\/p>\n\n\n\n<p>Concejal Segundo Emerson Renato Contreras L\u00f3pez VALOR-UNIONISTA<\/p>\n\n\n\n<p>Concejal Tercero Edgar Antonio Pirir Cuque VALOR-UNIONISTA<\/p>\n\n\n\n<p>Concejal Cuarto Miguel Giovanni Montenegro M\u00e9ndez VALOR-UNIONISTA<\/p>\n\n\n\n<p>Concejal Quinto No\u00e9 Barrillas Delgado VALOR-UNIONISTA<\/p>\n\n\n\n<p>Concejal Sexto Jos\u00e9 Rodolfo Najera Mazariegos UNE<\/p>\n\n\n\n<p>Concejal S\u00e9ptimo Antonieta Garc\u00eda Hern\u00e1ndez UNE<\/p>\n\n\n\n<p>Concejal Suplente I Luis Felipe Garc\u00eda Hern\u00e1ndez VALOR-UNIONISTA<\/p>\n\n\n\n<p>Concejal Suplente II Denisse Esperanza Fajardo Lemus VALOR-UNIONISTA<\/p>\n\n\n\n<p>Concejal Suplente III Mario Enrique Cardona Garc\u00eda UNE<\/p>\n\n\n\n<p>S\u00edndico I Alba Vanessa Yac Robles VALOR-UNIONISTA<\/p>\n\n\n\n<p>S\u00edndico II Juan Rafael Icut\u00e8 VALOR-UNIONISTA<\/p>\n\n\n\n<p>S\u00edndico Suplente Rub\u00e9n Men\u00e9ndez Hern\u00e1ndez VALOR<\/p>\n\n\n\n<p><a href=\"https:\/\/www.facebook.com\/hashtag\/eleccionesgt2023nesgt2023?__eep__=6&amp;__cft__[0]=AZXBe7mlL37ZNzhyrooj5LdUwHGD2dq4vzXZg4nojDk3Fpiiw1Ym2xFrlcZnBHgCvr5BuLM_3driPRLDHaj6Rs7_l_fVZPONhvr0jBOZIqnQlGfbUWjTlimq7o7Is_9ZMv0WdOxKd0RTMKNcR2VfCXniS0uGA9w6cO5irxWZ2zny3KwC7Z_4zn3BRMhKGn49MA0&amp;__tn__=*NK-R\">#EleccionesGT2023nesGT2023<\/a><a href=\"https:\/\/www.facebook.com\/hashtag\/municipalidadsantacatarinapinula?__eep__=6&amp;__cft__[0]=AZXBe7mlL37ZNzhyrooj5LdUwHGD2dq4vzXZg4nojDk3Fpiiw1Ym2xFrlcZnBHgCvr5BuLM_3driPRLDHaj6Rs7_l_fVZPONhvr0jBOZIqnQlGfbUWjTlimq7o7Is_9ZMv0WdOxKd0RTMKNcR2VfCXniS0uGA9w6cO5irxWZ2zny3KwC7Z_4zn3BRMhKGn49MA0&amp;__tn__=*NK-R\">#MunicipalidadSantaCatarinaPinula<\/a><a href=\"https:\/\/www.facebook.com\/hashtag\/yovoto?__eep__=6&amp;__cft__[0]=AZXBe7mlL37ZNzhyrooj5LdUwHGD2dq4vzXZg4nojDk3Fpiiw1Ym2xFrlcZnBHgCvr5BuLM_3driPRLDHaj6Rs7_l_fVZPONhvr0jBOZIqnQlGfbUWjTlimq7o7Is_9ZMv0WdOxKd0RTMKNcR2VfCXniS0uGA9w6cO5irxWZ2zny3KwC7Z_4zn3BRMhKGn49MA0&amp;__tn__=*NK-R\">#YoVoto<\/a><\/p>\n","protected":false},"excerpt":{"rendered":"<p>De acuerdo con lo establecido en la Ley Electoral y de Partidos Pol\u00edticos, la Junta Electoral Departamental de Guatemala valido los resultados electorales en el Municipio de Santa Catarina Pinula donde el gobierno municipal es encabezado por Sebasti\u00e1n Siero Asturias es el ganador oficial y deber\u00e1 tomar posesi\u00f3n el 15 de enero del 2024. La <a class=\"read-more\" href=\"https:\/\/elmetropolitano.com.gt\/es\/oficializado-el-triunfo-de-sebastian-siero-asturias-en-santa-catarina-pinula\/\">Leer m\u00e1s<\/a><\/p>\n","protected":false},"author":1,"featured_media":70224,"comment_status":"open","ping_status":"closed","sticky":false,"template":"","format":"standard","meta":{"footnotes":""},"categories":[119],"tags":[120],"class_list":["post-70223","post","type-post","status-publish","format-standard","has-post-thumbnail","hentry","category-municipales","tag-municipales"],"_links":{"self":[{"href":"https:\/\/elmetropolitano.com.gt\/es\/wp-json\/wp\/v2\/posts\/70223","targetHints":{"allow":["GET"]}}],"collection":[{"href":"https:\/\/elmetropolitano.com.gt\/es\/wp-json\/wp\/v2\/posts"}],"about":[{"href":"https:\/\/elmetropolitano.com.gt\/es\/wp-json\/wp\/v2\/types\/post"}],"author":[{"embeddable":true,"href":"https:\/\/elmetropolitano.com.gt\/es\/wp-json\/wp\/v2\/users\/1"}],"replies":[{"embeddable":true,"href":"https:\/\/elmetropolitano.com.gt\/es\/wp-json\/wp\/v2\/comments?post=70223"}],"version-history":[{"count":1,"href":"https:\/\/elmetropolitano.com.gt\/es\/wp-json\/wp\/v2\/posts\/70223\/revisions"}],"predecessor-version":[{"id":70225,"href":"https:\/\/elmetropolitano.com.gt\/es\/wp-json\/wp\/v2\/posts\/70223\/revisions\/70225"}],"wp:featuredmedia":[{"embeddable":true,"href":"https:\/\/elmetropolitano.com.gt\/es\/wp-json\/wp\/v2\/media\/70224"}],"wp:attachment":[{"href":"https:\/\/elmetropolitano.com.gt\/es\/wp-json\/wp\/v2\/media?parent=70223"}],"wp:term":[{"taxonomy":"category","embeddable":true,"href":"https:\/\/elmetropolitano.com.gt\/es\/wp-json\/wp\/v2\/categories?post=70223"},{"taxonomy":"post_tag","embeddable":true,"href":"https:\/\/elmetropolitano.com.gt\/es\/wp-json\/wp\/v2\/tags?post=70223"}],"curies":[{"name":"wp","href":"https:\/\/api.w.org\/{rel}","templated":true}]}}