{"id":70226,"date":"2023-07-31T21:41:54","date_gmt":"2023-08-01T03:41:54","guid":{"rendered":"https:\/\/elmetropolitano.com.gt\/es\/?p=70226"},"modified":"2023-07-31T21:41:56","modified_gmt":"2023-08-01T03:41:56","slug":"oficializado-el-triunfo-de-juan-carlos-pellecer-en-san-juan-sacatepequez","status":"publish","type":"post","link":"https:\/\/elmetropolitano.com.gt\/es\/oficializado-el-triunfo-de-juan-carlos-pellecer-en-san-juan-sacatepequez\/","title":{"rendered":"Oficializado el triunfo de Juan Carlos Pellecer en San Juan Sacatep\u00e9quez"},"content":{"rendered":"\n<p>De acuerdo con lo establecido en la Ley Electoral y de Partidos Pol\u00edticos, la Junta Electoral Departamental de Guatemala valido los resultados electorales en el Municipio de San Juan Sacatep\u00e9quez donde el gobierno municipal es encabezado por Juan Carlos Pellecer Agust\u00edn es el ganador oficial y deber\u00e1 tomar posesi\u00f3n el 15 de enero del 2024.<\/p>\n\n\n\n<p>La JEDG llev\u00f3 a cabo la adjudicaci\u00f3n de los cargos respetando <a><\/a>estrictamente lo se\u00f1alado en la Ley Electoral y de Partidos Pol\u00edticos, adem\u00e1s de lo dictado por la Corte de Constitucionalidad (CC). Durante este proceso, se realizaron dos audiencias de revisi\u00f3n de escrutinio de votos, en las cuales los fiscales de diversas organizaciones pol\u00edticas tuvieron la oportunidad de presentar sus solicitudes relacionadas a las Actas No. 4. Se procedi\u00f3 con la verificaci\u00f3n y cotejo de las actas, priorizando en todo momento la legitimidad y transparencia en cada etapa del proceso.<\/p><div class=\"elmet-contenido\" id=\"elmet-185019995\"><div class=\"elmet-adlabel\">Anuncios<\/div><div style=\"margin-top: 20px;margin-right: 20px;margin-bottom: 20px;margin-left: 20px;\" id=\"elmet-493557976\"><a href=\"https:\/\/www.facebook.com\/arrincuanantigua\/\" aria-label=\"cintillo-arrin-cual\"><img loading=\"lazy\" decoding=\"async\" src=\"https:\/\/elmetropolitano.com.gt\/es\/wp-content\/uploads\/2021\/11\/cintillo-arrin-cual-1.jpg\" alt=\"\"  srcset=\"https:\/\/elmetropolitano.com.gt\/es\/wp-content\/uploads\/2021\/11\/cintillo-arrin-cual-1.jpg 750w, https:\/\/elmetropolitano.com.gt\/es\/wp-content\/uploads\/2021\/11\/cintillo-arrin-cual-1-300x36.jpg 300w, https:\/\/elmetropolitano.com.gt\/es\/wp-content\/uploads\/2021\/11\/cintillo-arrin-cual-1-600x72.jpg 600w\" sizes=\"(max-width: 750px) 100vw, 750px\" width=\"750\" height=\"90\"   \/><\/a><\/div><\/div>\n\n\n\n<p>Tras la confirmaci\u00f3n por parte del Tribunal Supremo Electoral de la informaci\u00f3n proporcionada por la JEDG, la Junta Electoral Departamental de Guatemala realizar\u00e1, durante esta semana, el proceso de notificaci\u00f3n y entrega de acreditaciones a todos los integrantes de corporaci\u00f3n municipal de San Juan Sacatep\u00e9quez que fueron electos el 25 de Junio<\/p>\n\n\n\n<p>\u201cComo Junta Electoral Departamental de Guatemala, agradecemos a todos los ciudadanos que ejercieron su derecho al voto el pasado 25 de junio, el cual constituye el principal medio para manifestar su voluntad en una democracia. Nos comprometemos firmemente a salvaguardar y proteger el voto de los guatemaltecos, asegurando que cada ciudadano pueda confiar plenamente en que su voluntad se ver\u00e1 reflejada en los resultados.\u00bb puntualiz\u00f3 \u00c1lvaro Bravo, Presidente de la Junta Electoral Departamental de Guatemala.<\/p>\n\n\n\n<p>As\u00ed queda integrado el Consejo Municipal 2024-2028<\/p>\n\n\n\n<p>Alcalde Municipal Juan Carlos Pellecer Agust\u00edn VAMOS<\/p>\n\n\n\n<p>Concejal Primero Enrique Toxc\u00f3n Canel VAMOS<\/p>\n\n\n\n<p>Concejal Segundo Geralbert Miguel Najarro Garc\u00eda-Salas VAMOS<\/p>\n\n\n\n<p>Concejal Tercero Carlos Enrique Antonio Subuyuj Boch VAMOS<\/p>\n\n\n\n<p>Concejal Cuarto Rolando Llerena Oliva VAMOS<\/p>\n\n\n\n<p>Concejal Quinto Fredi Domingo Salazar R\u00edos VAMOS<\/p>\n\n\n\n<p>Concejal Sexto Miguel \u00c1ngel Quiej Cotzojay UNE<\/p>\n\n\n\n<p>Concejal S\u00e9ptimo Oscar Iquic Castro UNE<\/p>\n\n\n\n<p>Concejal Octavo Jos\u00e9 Santos Tez\u00e8n Rax\u00f2n UNE<\/p>\n\n\n\n<p>Concejal Noveno Rogelio de Jesus Ju\u00e0rez Roqu\u00e8 UNE<\/p>\n\n\n\n<p>Concejal Decimo Ren\u00e9 Top Boch BIEN<\/p>\n\n\n\n<p>Concejal Suplente I Margarito Santiago Larios VAMOS<\/p>\n\n\n\n<p>Concejal Suplente II Katherin Lucrecia Ru\u00edz Guerrero VAMOS<\/p>\n\n\n\n<p>Concejal Suplente III H\u00e9ctor Efrain Pacheco Suruy UNE<\/p>\n\n\n\n<p>Concejal Suplente IV Dionica Hern\u00e1ndez Rax\u00f2n UNE<\/p>\n\n\n\n<p>S\u00edndico I Andrea del Rocio Alonso Corado VAMOS<\/p>\n\n\n\n<p>S\u00edndico II Jos\u00e9 Alfredo D\u00edaz Acte VAMOS<\/p>\n\n\n\n<p>Sindico III Brenda Patricia Subuyuj Guat VAMOS<\/p>\n\n\n\n<p>Sindico Suplente Gualfredo Otoniel \u00c1vila Rodr\u00edguez VAMOS<\/p>\n\n\n\n<p><a href=\"https:\/\/www.facebook.com\/hashtag\/eleccionesgt2023?__eep__=6&amp;__cft__[0]=AZUpV1Ui36trnyibKoI8NHZFrn9YMzObTHwGEvFWb19vitfbDW_MI_5aFgpHr4gnCvzFsNFMRdU4XKNzT2_4gusrKx-_RFNTijpIqqZq0HfuUh3u2EbntQrG0aARXa50qAPdlAxlXb0TdKuUOe3IEqtHKxHkPaiIQxHuGgomhD7jsHbN_CDZNlXFi5DeTFMpN3c&amp;__tn__=*NK-R\">#EleccionesGT2023<\/a><a href=\"https:\/\/www.facebook.com\/hashtag\/municipalidadsanjuansacatepequez?__eep__=6&amp;__cft__[0]=AZUpV1Ui36trnyibKoI8NHZFrn9YMzObTHwGEvFWb19vitfbDW_MI_5aFgpHr4gnCvzFsNFMRdU4XKNzT2_4gusrKx-_RFNTijpIqqZq0HfuUh3u2EbntQrG0aARXa50qAPdlAxlXb0TdKuUOe3IEqtHKxHkPaiIQxHuGgomhD7jsHbN_CDZNlXFi5DeTFMpN3c&amp;__tn__=*NK-R\">#MunicipalidadSanJuanSacatepequez<\/a><a href=\"https:\/\/www.facebook.com\/hashtag\/yovoto?__eep__=6&amp;__cft__[0]=AZUpV1Ui36trnyibKoI8NHZFrn9YMzObTHwGEvFWb19vitfbDW_MI_5aFgpHr4gnCvzFsNFMRdU4XKNzT2_4gusrKx-_RFNTijpIqqZq0HfuUh3u2EbntQrG0aARXa50qAPdlAxlXb0TdKuUOe3IEqtHKxHkPaiIQxHuGgomhD7jsHbN_CDZNlXFi5DeTFMpN3c&amp;__tn__=*NK-R\">#YoVoto<\/a><\/p>\n\n\n\n<p><\/p>\n","protected":false},"excerpt":{"rendered":"<p>De acuerdo con lo establecido en la Ley Electoral y de Partidos Pol\u00edticos, la Junta Electoral Departamental de Guatemala valido los resultados electorales en el Municipio de San Juan Sacatep\u00e9quez donde el gobierno municipal es encabezado por Juan Carlos Pellecer Agust\u00edn es el ganador oficial y deber\u00e1 tomar posesi\u00f3n el 15 de enero del 2024. <a class=\"read-more\" href=\"https:\/\/elmetropolitano.com.gt\/es\/oficializado-el-triunfo-de-juan-carlos-pellecer-en-san-juan-sacatepequez\/\">Leer m\u00e1s<\/a><\/p>\n","protected":false},"author":1,"featured_media":70227,"comment_status":"open","ping_status":"closed","sticky":false,"template":"","format":"standard","meta":{"footnotes":""},"categories":[119],"tags":[120],"class_list":["post-70226","post","type-post","status-publish","format-standard","has-post-thumbnail","hentry","category-municipales","tag-municipales"],"_links":{"self":[{"href":"https:\/\/elmetropolitano.com.gt\/es\/wp-json\/wp\/v2\/posts\/70226","targetHints":{"allow":["GET"]}}],"collection":[{"href":"https:\/\/elmetropolitano.com.gt\/es\/wp-json\/wp\/v2\/posts"}],"about":[{"href":"https:\/\/elmetropolitano.com.gt\/es\/wp-json\/wp\/v2\/types\/post"}],"author":[{"embeddable":true,"href":"https:\/\/elmetropolitano.com.gt\/es\/wp-json\/wp\/v2\/users\/1"}],"replies":[{"embeddable":true,"href":"https:\/\/elmetropolitano.com.gt\/es\/wp-json\/wp\/v2\/comments?post=70226"}],"version-history":[{"count":1,"href":"https:\/\/elmetropolitano.com.gt\/es\/wp-json\/wp\/v2\/posts\/70226\/revisions"}],"predecessor-version":[{"id":70228,"href":"https:\/\/elmetropolitano.com.gt\/es\/wp-json\/wp\/v2\/posts\/70226\/revisions\/70228"}],"wp:featuredmedia":[{"embeddable":true,"href":"https:\/\/elmetropolitano.com.gt\/es\/wp-json\/wp\/v2\/media\/70227"}],"wp:attachment":[{"href":"https:\/\/elmetropolitano.com.gt\/es\/wp-json\/wp\/v2\/media?parent=70226"}],"wp:term":[{"taxonomy":"category","embeddable":true,"href":"https:\/\/elmetropolitano.com.gt\/es\/wp-json\/wp\/v2\/categories?post=70226"},{"taxonomy":"post_tag","embeddable":true,"href":"https:\/\/elmetropolitano.com.gt\/es\/wp-json\/wp\/v2\/tags?post=70226"}],"curies":[{"name":"wp","href":"https:\/\/api.w.org\/{rel}","templated":true}]}}