{"id":70229,"date":"2023-07-31T21:44:27","date_gmt":"2023-08-01T03:44:27","guid":{"rendered":"https:\/\/elmetropolitano.com.gt\/es\/?p=70229"},"modified":"2023-07-31T21:44:29","modified_gmt":"2023-08-01T03:44:29","slug":"agente-de-la-pnc-asesinado-junto-a-su-familia-en-escuintla","status":"publish","type":"post","link":"https:\/\/elmetropolitano.com.gt\/es\/agente-de-la-pnc-asesinado-junto-a-su-familia-en-escuintla\/","title":{"rendered":"Agente de la PNC asesinado junto a su familia en Escuintla"},"content":{"rendered":"\n<p>Ricardo Alfredo Medina Albe\u00f1o de 50 a\u00f1os de edad, agente en proceso de retiro de la Polic\u00eda Nacional Civil PNC, su esposa Mar\u00eda Teresa Santos de 46 a\u00f1os y su hija de 12, murieron luego que fueran atacados con proyectil de arma de fuego en Escuintla.<\/p>\n\n\n\n<p>Autoridades investigan las posibles causas y buscan a los responsables del hecho.<\/p><div class=\"elmet-contenido\" id=\"elmet-163620281\"><div class=\"elmet-adlabel\">Anuncios<\/div><div style=\"margin-top: 20px;margin-right: 20px;margin-bottom: 20px;margin-left: 20px;\" id=\"elmet-782327492\"><a href=\"https:\/\/www.facebook.com\/arrincuanantigua\/\" aria-label=\"cintillo-arrin-cual\"><img loading=\"lazy\" decoding=\"async\" src=\"https:\/\/elmetropolitano.com.gt\/es\/wp-content\/uploads\/2021\/11\/cintillo-arrin-cual-1.jpg\" alt=\"\"  srcset=\"https:\/\/elmetropolitano.com.gt\/es\/wp-content\/uploads\/2021\/11\/cintillo-arrin-cual-1.jpg 750w, https:\/\/elmetropolitano.com.gt\/es\/wp-content\/uploads\/2021\/11\/cintillo-arrin-cual-1-300x36.jpg 300w, https:\/\/elmetropolitano.com.gt\/es\/wp-content\/uploads\/2021\/11\/cintillo-arrin-cual-1-600x72.jpg 600w\" sizes=\"(max-width: 750px) 100vw, 750px\" width=\"750\" height=\"90\"   \/><\/a><\/div><\/div>\n\n\n\n<figure class=\"wp-block-gallery has-nested-images columns-default is-cropped wp-block-gallery-1 is-layout-flex wp-block-gallery-is-layout-flex\">\n<figure class=\"wp-block-image size-large\"><img loading=\"lazy\" decoding=\"async\" width=\"768\" height=\"1024\" data-id=\"70231\" src=\"https:\/\/elmetropolitano.com.gt\/es\/wp-content\/uploads\/2023\/07\/363359801_815865686899733_8205597605363787068_n-768x1024.jpg\" alt=\"\" class=\"wp-image-70231\" srcset=\"https:\/\/elmetropolitano.com.gt\/es\/wp-content\/uploads\/2023\/07\/363359801_815865686899733_8205597605363787068_n-768x1024.jpg 768w, https:\/\/elmetropolitano.com.gt\/es\/wp-content\/uploads\/2023\/07\/363359801_815865686899733_8205597605363787068_n-225x300.jpg 225w, https:\/\/elmetropolitano.com.gt\/es\/wp-content\/uploads\/2023\/07\/363359801_815865686899733_8205597605363787068_n-600x800.jpg 600w, https:\/\/elmetropolitano.com.gt\/es\/wp-content\/uploads\/2023\/07\/363359801_815865686899733_8205597605363787068_n.jpg 960w\" sizes=\"auto, (max-width: 768px) 100vw, 768px\" \/><\/figure>\n\n\n\n<figure class=\"wp-block-image size-large\"><img loading=\"lazy\" decoding=\"async\" width=\"768\" height=\"1024\" data-id=\"70232\" src=\"https:\/\/elmetropolitano.com.gt\/es\/wp-content\/uploads\/2023\/07\/364813047_815865690233066_870617009504993241_n-768x1024.jpg\" alt=\"\" class=\"wp-image-70232\" srcset=\"https:\/\/elmetropolitano.com.gt\/es\/wp-content\/uploads\/2023\/07\/364813047_815865690233066_870617009504993241_n-768x1024.jpg 768w, https:\/\/elmetropolitano.com.gt\/es\/wp-content\/uploads\/2023\/07\/364813047_815865690233066_870617009504993241_n-225x300.jpg 225w, https:\/\/elmetropolitano.com.gt\/es\/wp-content\/uploads\/2023\/07\/364813047_815865690233066_870617009504993241_n-600x800.jpg 600w, https:\/\/elmetropolitano.com.gt\/es\/wp-content\/uploads\/2023\/07\/364813047_815865690233066_870617009504993241_n.jpg 1080w\" sizes=\"auto, (max-width: 768px) 100vw, 768px\" \/><\/figure>\n<\/figure>\n","protected":false},"excerpt":{"rendered":"<p>Ricardo Alfredo Medina Albe\u00f1o de 50 a\u00f1os de edad, agente en proceso de retiro de la Polic\u00eda Nacional Civil PNC, su esposa Mar\u00eda Teresa Santos de 46 a\u00f1os y su hija de 12, murieron luego que fueran atacados con proyectil de arma de fuego en Escuintla. Autoridades investigan las posibles causas y buscan a los <a class=\"read-more\" href=\"https:\/\/elmetropolitano.com.gt\/es\/agente-de-la-pnc-asesinado-junto-a-su-familia-en-escuintla\/\">Leer m\u00e1s<\/a><\/p>\n","protected":false},"author":1,"featured_media":70230,"comment_status":"open","ping_status":"closed","sticky":false,"template":"","format":"standard","meta":{"footnotes":""},"categories":[89],"tags":[88],"class_list":["post-70229","post","type-post","status-publish","format-standard","has-post-thumbnail","hentry","category-metrosucesos","tag-metrosucesos"],"_links":{"self":[{"href":"https:\/\/elmetropolitano.com.gt\/es\/wp-json\/wp\/v2\/posts\/70229","targetHints":{"allow":["GET"]}}],"collection":[{"href":"https:\/\/elmetropolitano.com.gt\/es\/wp-json\/wp\/v2\/posts"}],"about":[{"href":"https:\/\/elmetropolitano.com.gt\/es\/wp-json\/wp\/v2\/types\/post"}],"author":[{"embeddable":true,"href":"https:\/\/elmetropolitano.com.gt\/es\/wp-json\/wp\/v2\/users\/1"}],"replies":[{"embeddable":true,"href":"https:\/\/elmetropolitano.com.gt\/es\/wp-json\/wp\/v2\/comments?post=70229"}],"version-history":[{"count":1,"href":"https:\/\/elmetropolitano.com.gt\/es\/wp-json\/wp\/v2\/posts\/70229\/revisions"}],"predecessor-version":[{"id":70233,"href":"https:\/\/elmetropolitano.com.gt\/es\/wp-json\/wp\/v2\/posts\/70229\/revisions\/70233"}],"wp:featuredmedia":[{"embeddable":true,"href":"https:\/\/elmetropolitano.com.gt\/es\/wp-json\/wp\/v2\/media\/70230"}],"wp:attachment":[{"href":"https:\/\/elmetropolitano.com.gt\/es\/wp-json\/wp\/v2\/media?parent=70229"}],"wp:term":[{"taxonomy":"category","embeddable":true,"href":"https:\/\/elmetropolitano.com.gt\/es\/wp-json\/wp\/v2\/categories?post=70229"},{"taxonomy":"post_tag","embeddable":true,"href":"https:\/\/elmetropolitano.com.gt\/es\/wp-json\/wp\/v2\/tags?post=70229"}],"curies":[{"name":"wp","href":"https:\/\/api.w.org\/{rel}","templated":true}]}}