{"id":70234,"date":"2023-07-31T21:47:03","date_gmt":"2023-08-01T03:47:03","guid":{"rendered":"https:\/\/elmetropolitano.com.gt\/es\/?p=70234"},"modified":"2023-07-31T21:47:06","modified_gmt":"2023-08-01T03:47:06","slug":"falla-intento-de-eleccion-de-magistrados-a-las-cortes","status":"publish","type":"post","link":"https:\/\/elmetropolitano.com.gt\/es\/falla-intento-de-eleccion-de-magistrados-a-las-cortes\/","title":{"rendered":"Falla intento de elecci\u00f3n de magistrados a las cortes"},"content":{"rendered":"\n<p>Aunque el presidente en funciones, Boris Espa\u00f1a, neg\u00f3 la intenci\u00f3n de elegir a magistrados de las Cortes, de la Suprema de Justicia y de las Cortes de Apelaciones, si hubo un ligero intento, al momento en que el diputado Jos\u00e9 Alberto Rivera hizo menci\u00f3n de la misma al razonar su voto <a><\/a>por el orden del d\u00eda.<\/p>\n\n\n\n<p>Rivera argument\u00f3 que le daba pena no elegir magistrados, que ya van a cumplir cuatro a\u00f1os y que desea justicia para elegir Cortes y pidi\u00f3 que se agendar\u00e1 (aunque no lo hizo de forma formal, s\u00f3lo como comentario).<\/p><div class=\"elmet-contenido\" id=\"elmet-3717744598\"><div class=\"elmet-adlabel\">Anuncios<\/div><div style=\"margin-top: 20px;margin-right: 20px;margin-bottom: 20px;margin-left: 20px;\" id=\"elmet-2682497975\"><a href=\"https:\/\/www.facebook.com\/arrincuanantigua\/\" aria-label=\"cintillo-arrin-cual\"><img loading=\"lazy\" decoding=\"async\" src=\"https:\/\/elmetropolitano.com.gt\/es\/wp-content\/uploads\/2021\/11\/cintillo-arrin-cual-1.jpg\" alt=\"\"  srcset=\"https:\/\/elmetropolitano.com.gt\/es\/wp-content\/uploads\/2021\/11\/cintillo-arrin-cual-1.jpg 750w, https:\/\/elmetropolitano.com.gt\/es\/wp-content\/uploads\/2021\/11\/cintillo-arrin-cual-1-300x36.jpg 300w, https:\/\/elmetropolitano.com.gt\/es\/wp-content\/uploads\/2021\/11\/cintillo-arrin-cual-1-600x72.jpg 600w\" sizes=\"(max-width: 750px) 100vw, 750px\" width=\"750\" height=\"90\"   \/><\/a><\/div><\/div>\n\n\n\n<p>Espa\u00f1a al dar declaraciones a la prensa dijo que la agenda de la plenaria para hoy no se logr\u00f3 porque los diputados que perdieron no llegaron y se necesitaban 81 votos. No se han buscado los consensos para las pr\u00f3ximas sesiones y no hay claridad en la mesa.<\/p>\n\n\n\n<p>El tema de las cortes est\u00e1pendiente.<\/p>\n\n\n\n<p>No hay acuerdos ni consenso en los jefes de bloque y si se entrara a conocer,debe hacer conforme al listado que ya existe indic\u00f3 Boris empa\u00f1a<\/p>\n\n\n\n<p>Al referirse a los magistrados destac\u00f3 el parlamentario que debe de reconocerse el trabajo que han hecho para darle legalidad a la situaci\u00f3n en todo el pais.Y que se deber\u00eda de elegir por un a\u00f1o y escoger de forma diferente, la elecci\u00f3n debe de ser de cinco a\u00f1os.<\/p>\n\n\n\n<p>Al final, el parlamentario Boris Espa\u00f1a levant\u00f3 la sesi\u00f3n cuando estaban marcados 67 congresistas. La sesi\u00f3n plenaria extraordinaria avanz\u00f3 hoy con la aprobaci\u00f3n del orden del d\u00eda y de las actas.<\/p>\n\n\n\n<p>El informe circunstanciado del presidente del Banco de Guatemala ya no se dio, pues Espa\u00f1a indic\u00f3 que deb\u00eda haber 81 diputados presentes y que esper\u00f3 prudencialmente para que pudieran llegar al cu\u00f3rum necesario.<\/p>\n\n\n\n<p>En un acto aparte, el presidente del Banco de Guatemala, \u00c1lvaro Gonz\u00e1lez Ricci, entreg\u00f3 su informe semestral al diputado Boris Espa\u00f1a, como presidente en funciones del Congreso. Sesi\u00f3n hasta la Pr\u00f3xima semana<\/p>\n\n\n\n<p>Tomando en cuenta que ma\u00f1ana se realizar\u00e1 el acto de entrega de credenciales a los ciudadanos electos como diputados al Congreso de la Rep\u00fablica y al Parlamento Centroamericano, es bien dif\u00edcil agendar sesi\u00f3n para la presente semana.<\/p>\n\n\n\n<p>Esta actividad se realizar\u00e1 en la Gran Sala Efra\u00edn Recinos del Centro Cultural Miguel \u00c1ngel Asturias y a decir de Boris Espa\u00f1a \u00e9l llegar\u00e1 a ese lugar a recoger su credencial, como muchos otros reelectos.<\/p>\n\n\n\n<p>La Junta Directiva y jefes de bloque no se han reunido, y habr\u00e1 que esperar la convocatoria, se dijo de forma oficial.<\/p>\n\n\n\n<p>Ma\u00f1ana inicia antejuicio Contra ministro del CIV<\/p>\n\n\n\n<p>El diputado Boris Espa\u00f1a inform\u00f3 que para ma\u00f1ana fueron convocados, por el presidente de la comisi\u00f3n Pesquisidora, An\u00edbal Rojas, para empezar a conocer el antejuicio contra el ministro de Comunicaciones, Infraestructura y Vivienda (CIV). Para dicha comisi\u00f3n, se debe de escuchar tanto al ministro del CIV, Javier Maldonado, como representante legal y al director de Caminos, as\u00ed como a la empresa que los demand\u00f3; al igual a los de la Contralor\u00eda General de Cuentas y al Procurador General de la Naci\u00f3n, para que avance en las pesquisas.<\/p>\n\n\n\n<p>Texto:Francisco Javier Hurtarte<\/p>\n\n\n\n<p><a href=\"https:\/\/www.facebook.com\/hashtag\/metroredes?__eep__=6&amp;__cft__[0]=AZV0Oujt6nimVZqAvlFXbCoR5KwFhLOOkWl5no33uY1z6Hpt1sovdIGlxWQ0JdNq3Z5K96GcFvZ_YlE50TLSE_G0KxFH7vnCD-F5sLy5mP3n7_yRB4uNxm3rHWOp9b43Xn_qhOcdDsGO7nDFZfsTq3aUIrZyz4Uvpx_4OBzj50YOW_xRSTw3OZ-VPjDyD30e7Zs&amp;__tn__=*NK-R\">#metroredes<\/a><a href=\"https:\/\/www.facebook.com\/hashtag\/congresorepublicagt?__eep__=6&amp;__cft__[0]=AZV0Oujt6nimVZqAvlFXbCoR5KwFhLOOkWl5no33uY1z6Hpt1sovdIGlxWQ0JdNq3Z5K96GcFvZ_YlE50TLSE_G0KxFH7vnCD-F5sLy5mP3n7_yRB4uNxm3rHWOp9b43Xn_qhOcdDsGO7nDFZfsTq3aUIrZyz4Uvpx_4OBzj50YOW_xRSTw3OZ-VPjDyD30e7Zs&amp;__tn__=*NK-R\">#CongresoRepublicaGT<\/a><\/p>\n\n\n\n<figure class=\"wp-block-gallery has-nested-images columns-default is-cropped wp-block-gallery-1 is-layout-flex wp-block-gallery-is-layout-flex\">\n<figure class=\"wp-block-image size-large\"><img loading=\"lazy\" decoding=\"async\" width=\"540\" height=\"960\" data-id=\"70236\" src=\"https:\/\/elmetropolitano.com.gt\/es\/wp-content\/uploads\/2023\/07\/362274605_815878093565159_6576973022986150432_n.jpg\" alt=\"\" class=\"wp-image-70236\" srcset=\"https:\/\/elmetropolitano.com.gt\/es\/wp-content\/uploads\/2023\/07\/362274605_815878093565159_6576973022986150432_n.jpg 540w, https:\/\/elmetropolitano.com.gt\/es\/wp-content\/uploads\/2023\/07\/362274605_815878093565159_6576973022986150432_n-169x300.jpg 169w\" sizes=\"auto, (max-width: 540px) 100vw, 540px\" \/><\/figure>\n\n\n\n<figure class=\"wp-block-image size-large\"><img loading=\"lazy\" decoding=\"async\" width=\"576\" height=\"1024\" data-id=\"70238\" src=\"https:\/\/elmetropolitano.com.gt\/es\/wp-content\/uploads\/2023\/07\/363378670_815878176898484_7975975011384042992_n-576x1024.jpg\" alt=\"\" class=\"wp-image-70238\" srcset=\"https:\/\/elmetropolitano.com.gt\/es\/wp-content\/uploads\/2023\/07\/363378670_815878176898484_7975975011384042992_n-576x1024.jpg 576w, https:\/\/elmetropolitano.com.gt\/es\/wp-content\/uploads\/2023\/07\/363378670_815878176898484_7975975011384042992_n-169x300.jpg 169w, https:\/\/elmetropolitano.com.gt\/es\/wp-content\/uploads\/2023\/07\/363378670_815878176898484_7975975011384042992_n-768x1366.jpg 768w, https:\/\/elmetropolitano.com.gt\/es\/wp-content\/uploads\/2023\/07\/363378670_815878176898484_7975975011384042992_n-864x1536.jpg 864w, https:\/\/elmetropolitano.com.gt\/es\/wp-content\/uploads\/2023\/07\/363378670_815878176898484_7975975011384042992_n-600x1067.jpg 600w, https:\/\/elmetropolitano.com.gt\/es\/wp-content\/uploads\/2023\/07\/363378670_815878176898484_7975975011384042992_n.jpg 899w\" sizes=\"auto, (max-width: 576px) 100vw, 576px\" \/><\/figure>\n\n\n\n<figure class=\"wp-block-image size-large\"><img loading=\"lazy\" decoding=\"async\" width=\"960\" height=\"540\" data-id=\"70237\" src=\"https:\/\/elmetropolitano.com.gt\/es\/wp-content\/uploads\/2023\/07\/363813330_815878083565160_7208631348043410519_n.jpg\" alt=\"\" class=\"wp-image-70237\" srcset=\"https:\/\/elmetropolitano.com.gt\/es\/wp-content\/uploads\/2023\/07\/363813330_815878083565160_7208631348043410519_n.jpg 960w, https:\/\/elmetropolitano.com.gt\/es\/wp-content\/uploads\/2023\/07\/363813330_815878083565160_7208631348043410519_n-300x169.jpg 300w, https:\/\/elmetropolitano.com.gt\/es\/wp-content\/uploads\/2023\/07\/363813330_815878083565160_7208631348043410519_n-768x432.jpg 768w, https:\/\/elmetropolitano.com.gt\/es\/wp-content\/uploads\/2023\/07\/363813330_815878083565160_7208631348043410519_n-600x338.jpg 600w\" sizes=\"auto, (max-width: 960px) 100vw, 960px\" \/><\/figure>\n<\/figure>\n","protected":false},"excerpt":{"rendered":"<p>Aunque el presidente en funciones, Boris Espa\u00f1a, neg\u00f3 la intenci\u00f3n de elegir a magistrados de las Cortes, de la Suprema de Justicia y de las Cortes de Apelaciones, si hubo un ligero intento, al momento en que el diputado Jos\u00e9 Alberto Rivera hizo menci\u00f3n de la misma al razonar su voto por el orden del <a class=\"read-more\" href=\"https:\/\/elmetropolitano.com.gt\/es\/falla-intento-de-eleccion-de-magistrados-a-las-cortes\/\">Leer m\u00e1s<\/a><\/p>\n","protected":false},"author":1,"featured_media":70235,"comment_status":"open","ping_status":"closed","sticky":false,"template":"","format":"standard","meta":{"footnotes":""},"categories":[2],"tags":[12],"class_list":["post-70234","post","type-post","status-publish","format-standard","has-post-thumbnail","hentry","category-nacionales","tag-nacionales"],"_links":{"self":[{"href":"https:\/\/elmetropolitano.com.gt\/es\/wp-json\/wp\/v2\/posts\/70234","targetHints":{"allow":["GET"]}}],"collection":[{"href":"https:\/\/elmetropolitano.com.gt\/es\/wp-json\/wp\/v2\/posts"}],"about":[{"href":"https:\/\/elmetropolitano.com.gt\/es\/wp-json\/wp\/v2\/types\/post"}],"author":[{"embeddable":true,"href":"https:\/\/elmetropolitano.com.gt\/es\/wp-json\/wp\/v2\/users\/1"}],"replies":[{"embeddable":true,"href":"https:\/\/elmetropolitano.com.gt\/es\/wp-json\/wp\/v2\/comments?post=70234"}],"version-history":[{"count":1,"href":"https:\/\/elmetropolitano.com.gt\/es\/wp-json\/wp\/v2\/posts\/70234\/revisions"}],"predecessor-version":[{"id":70239,"href":"https:\/\/elmetropolitano.com.gt\/es\/wp-json\/wp\/v2\/posts\/70234\/revisions\/70239"}],"wp:featuredmedia":[{"embeddable":true,"href":"https:\/\/elmetropolitano.com.gt\/es\/wp-json\/wp\/v2\/media\/70235"}],"wp:attachment":[{"href":"https:\/\/elmetropolitano.com.gt\/es\/wp-json\/wp\/v2\/media?parent=70234"}],"wp:term":[{"taxonomy":"category","embeddable":true,"href":"https:\/\/elmetropolitano.com.gt\/es\/wp-json\/wp\/v2\/categories?post=70234"},{"taxonomy":"post_tag","embeddable":true,"href":"https:\/\/elmetropolitano.com.gt\/es\/wp-json\/wp\/v2\/tags?post=70234"}],"curies":[{"name":"wp","href":"https:\/\/api.w.org\/{rel}","templated":true}]}}