{"id":70246,"date":"2023-07-31T21:51:52","date_gmt":"2023-08-01T03:51:52","guid":{"rendered":"https:\/\/elmetropolitano.com.gt\/es\/?p=70246"},"modified":"2023-07-31T21:51:53","modified_gmt":"2023-08-01T03:51:53","slug":"bernardo-arevalo-les-dice-a-los-evangelicos-que-no-promovera-matrimonio-igualitario","status":"publish","type":"post","link":"https:\/\/elmetropolitano.com.gt\/es\/bernardo-arevalo-les-dice-a-los-evangelicos-que-no-promovera-matrimonio-igualitario\/","title":{"rendered":"Bernardo Ar\u00e9valo: les dice a los evang\u00e9licos que no promover\u00e1 matrimonio igualitario"},"content":{"rendered":"\n<p>El candidato presidencial del partido Semilla, Bernardo Ar\u00e9valo se reuni\u00f3 hoy por la tarde con l\u00edderes y pastores evang\u00e9licos y aclaro que no promueve el matrimonio igualitario.<\/p>\n\n\n\n<p>Ar\u00e9valo llego acompa\u00f1ado de su candidata a la vicepresidencia, Karin Herrera y con su esposa, Lucrecia Peinado de Ar\u00e9valo al Club de Oficiales, zona 13.<\/p><div class=\"elmet-contenido\" id=\"elmet-2679935721\"><div class=\"elmet-adlabel\">Anuncios<\/div><div style=\"margin-top: 20px;margin-right: 20px;margin-bottom: 20px;margin-left: 20px;\" id=\"elmet-2607667406\"><a href=\"https:\/\/www.facebook.com\/arrincuanantigua\/\" aria-label=\"cintillo-arrin-cual\"><img loading=\"lazy\" decoding=\"async\" src=\"https:\/\/elmetropolitano.com.gt\/es\/wp-content\/uploads\/2021\/11\/cintillo-arrin-cual-1.jpg\" alt=\"\"  srcset=\"https:\/\/elmetropolitano.com.gt\/es\/wp-content\/uploads\/2021\/11\/cintillo-arrin-cual-1.jpg 750w, https:\/\/elmetropolitano.com.gt\/es\/wp-content\/uploads\/2021\/11\/cintillo-arrin-cual-1-300x36.jpg 300w, https:\/\/elmetropolitano.com.gt\/es\/wp-content\/uploads\/2021\/11\/cintillo-arrin-cual-1-600x72.jpg 600w\" sizes=\"(max-width: 750px) 100vw, 750px\" width=\"750\" height=\"90\"   \/><\/a><\/div><\/div>\n\n\n\n<p>Esta <a><\/a>reuni\u00f3n la promovi\u00f3 el licenciado Marco Tulio Cajas, con el grupo Doble Ciudadan\u00eda. A la misma llegaron m\u00e1s de medio centenar de cristianos evang\u00e9licos.<\/p>\n\n\n\n<p>Bernardo Ar\u00e9valo indico que si apoya el aborto terap\u00e9utico, para cuidar la vida de la mujer, esto es cuando ya no se puede salvar al ni\u00f1o, aclaro, adem\u00e1s de indicar que no van a promover el aborto como tal.<\/p>\n\n\n\n<p>A los all\u00ed reunidos y a los que pudieron ver por face boock la transmisi\u00f3n les indic\u00f3 que es el momento de votar con ilusi\u00f3n y con optimismo y no por miedo.<\/p>\n\n\n\n<p>Sin temores\u2026 dice<\/p>\n\n\n\n<p>Reconocer a Dios<\/p>\n\n\n\n<p>Los pastores le cuestionaron y le preguntaron directamente a Bernardo Ar\u00e9valo: Qu\u00e9 lugar ocupa Dios en su vida? A lo que el Dr. Ar\u00e9valo trato de explicar: estos han sido d\u00edas especiales, el s\u00e1bado estuvimos en Esquipulas hablando con la gente y la actividad partidaria.<\/p>\n\n\n\n<p>Expreso que visito al Cristo de Esquipulas y recibir la bendici\u00f3n de esa imagen. Horas m\u00e1s tarde, estuvieron Karin Herrera y el, sentados con l\u00edderes del gran consejo Chorti, lideres ancestrales que los bendijeron.<\/p>\n\n\n\n<p>Hoy por la ma\u00f1ana estuvieron con, la vice presidenciable, con los ecum\u00e9nicos (que son de distintitas religiones), incluyendo los sacerdotes mayas.<\/p>\n\n\n\n<p>Dice aceptar toda bendici\u00f3n. Las se\u00f1oras lo bendicen. Me ponen la mano en la cabeza y me bendicen. Necesitamos iluminaci\u00f3n y me acerco con mucha humildad, para recibir sabidur\u00eda, es el lugar de Dios en mi vida.<\/p>\n\n\n\n<p>Le pidieron honrar la memoria de su papa y respondi\u00f3: he tenido el privilegio de tenerlo no solo como padre, sino como maestro, pues Juan Jos\u00e9 Ar\u00e9valo, fue la mejor herramienta educativa que tuve, fue un ejemplo. Creo que me corresponde seguir los pasos de ese ejemplo de vida.<\/p>\n\n\n\n<p>De descendencia cristiana evang\u00e9lica<\/p>\n\n\n\n<p>Lucrecia Peinado de Ar\u00e9valo (la esposa) informo que ella es descendiente cristiana evang\u00e9lica protestante. Que su bisabuelo era jud\u00edo y su bisabuela cat\u00f3lica. Ella tom\u00f3 la decisi\u00f3n de creer en Cristo y se hizo evang\u00e9lica, por lo que se empez\u00f3 a llevar a los once hijos a una iglesia cristiana.<\/p>\n\n\n\n<p>Uno de sus abuelos paternos era pastor de vida. Cuidaba a sus ovejas, el otro fue misionero y se fue a Honduras. Somos de una familia protestante, que hasta la vaca que nos daba leche se llamaba evang\u00e9lica.<\/p>\n\n\n\n<p>Asegura que ha conocido la filosof\u00eda y todo ha sumado para bien. Tengo claro que Bernardo busca un puesto por elecci\u00f3n popular y esta decidida a dar todo lo que podamos. A tal punto que Bernardo Ar\u00e9valo ya le dijo: Con todo su coraz\u00f3n, me voy a entregar al pueblo.<\/p>\n\n\n\n<p>Texto Francisco Javier Hurtarte<\/p>\n\n\n\n<p><a href=\"https:\/\/www.facebook.com\/hashtag\/metroredes?__eep__=6&amp;__cft__[0]=AZUgdoWbgU6L2JwHABR5CHdh-T69-WvtrkA4GAUf9wKaKDzV0KISL2gXlp4fciSveVVx__IijOgDyn2zvnk-TEpwFscKvWQBpdlgIN-0W0IID_IZWuFd-oZqDP_FlyuGLtEhDeej2g4Zp6YkMjIzaGWLVjLPpG9aurr4Y7wf8qmP9xr2aIB60uGUvjSapmpazLA&amp;__tn__=*NK-R\">#metroredes<\/a><a href=\"https:\/\/www.facebook.com\/hashtag\/movimientosemilla?__eep__=6&amp;__cft__[0]=AZUgdoWbgU6L2JwHABR5CHdh-T69-WvtrkA4GAUf9wKaKDzV0KISL2gXlp4fciSveVVx__IijOgDyn2zvnk-TEpwFscKvWQBpdlgIN-0W0IID_IZWuFd-oZqDP_FlyuGLtEhDeej2g4Zp6YkMjIzaGWLVjLPpG9aurr4Y7wf8qmP9xr2aIB60uGUvjSapmpazLA&amp;__tn__=*NK-R\">#MovimientoSemilla<\/a><\/p>\n\n\n\n<p><a href=\"https:\/\/www.facebook.com\/hashtag\/iglesiaevangelica?__eep__=6&amp;__cft__[0]=AZUgdoWbgU6L2JwHABR5CHdh-T69-WvtrkA4GAUf9wKaKDzV0KISL2gXlp4fciSveVVx__IijOgDyn2zvnk-TEpwFscKvWQBpdlgIN-0W0IID_IZWuFd-oZqDP_FlyuGLtEhDeej2g4Zp6YkMjIzaGWLVjLPpG9aurr4Y7wf8qmP9xr2aIB60uGUvjSapmpazLA&amp;__tn__=*NK-R\">#iglesiaevangelica<\/a><\/p>\n\n\n\n<figure class=\"wp-block-gallery has-nested-images columns-default is-cropped wp-block-gallery-1 is-layout-flex wp-block-gallery-is-layout-flex\">\n<figure class=\"wp-block-image size-large\"><img loading=\"lazy\" decoding=\"async\" width=\"960\" height=\"444\" data-id=\"70248\" src=\"https:\/\/elmetropolitano.com.gt\/es\/wp-content\/uploads\/2023\/07\/362264930_815899486896353_2212638598979958893_n.jpg\" alt=\"\" class=\"wp-image-70248\" srcset=\"https:\/\/elmetropolitano.com.gt\/es\/wp-content\/uploads\/2023\/07\/362264930_815899486896353_2212638598979958893_n.jpg 960w, https:\/\/elmetropolitano.com.gt\/es\/wp-content\/uploads\/2023\/07\/362264930_815899486896353_2212638598979958893_n-300x139.jpg 300w, https:\/\/elmetropolitano.com.gt\/es\/wp-content\/uploads\/2023\/07\/362264930_815899486896353_2212638598979958893_n-768x355.jpg 768w, https:\/\/elmetropolitano.com.gt\/es\/wp-content\/uploads\/2023\/07\/362264930_815899486896353_2212638598979958893_n-600x278.jpg 600w\" sizes=\"auto, (max-width: 960px) 100vw, 960px\" \/><\/figure>\n\n\n\n<figure class=\"wp-block-image size-large\"><img loading=\"lazy\" decoding=\"async\" width=\"960\" height=\"444\" data-id=\"70249\" src=\"https:\/\/elmetropolitano.com.gt\/es\/wp-content\/uploads\/2023\/07\/362287552_815899516896350_8107294302987236123_n.jpg\" alt=\"\" class=\"wp-image-70249\" srcset=\"https:\/\/elmetropolitano.com.gt\/es\/wp-content\/uploads\/2023\/07\/362287552_815899516896350_8107294302987236123_n.jpg 960w, https:\/\/elmetropolitano.com.gt\/es\/wp-content\/uploads\/2023\/07\/362287552_815899516896350_8107294302987236123_n-300x139.jpg 300w, https:\/\/elmetropolitano.com.gt\/es\/wp-content\/uploads\/2023\/07\/362287552_815899516896350_8107294302987236123_n-768x355.jpg 768w, https:\/\/elmetropolitano.com.gt\/es\/wp-content\/uploads\/2023\/07\/362287552_815899516896350_8107294302987236123_n-600x278.jpg 600w\" sizes=\"auto, (max-width: 960px) 100vw, 960px\" \/><\/figure>\n\n\n\n<figure class=\"wp-block-image size-large\"><img loading=\"lazy\" decoding=\"async\" width=\"960\" height=\"444\" data-id=\"70250\" src=\"https:\/\/elmetropolitano.com.gt\/es\/wp-content\/uploads\/2023\/07\/362638645_815899540229681_8096600302745044909_n.jpg\" alt=\"\" class=\"wp-image-70250\" srcset=\"https:\/\/elmetropolitano.com.gt\/es\/wp-content\/uploads\/2023\/07\/362638645_815899540229681_8096600302745044909_n.jpg 960w, https:\/\/elmetropolitano.com.gt\/es\/wp-content\/uploads\/2023\/07\/362638645_815899540229681_8096600302745044909_n-300x139.jpg 300w, https:\/\/elmetropolitano.com.gt\/es\/wp-content\/uploads\/2023\/07\/362638645_815899540229681_8096600302745044909_n-768x355.jpg 768w, https:\/\/elmetropolitano.com.gt\/es\/wp-content\/uploads\/2023\/07\/362638645_815899540229681_8096600302745044909_n-600x278.jpg 600w\" sizes=\"auto, (max-width: 960px) 100vw, 960px\" \/><\/figure>\n\n\n\n<figure class=\"wp-block-image size-large\"><img loading=\"lazy\" decoding=\"async\" width=\"1024\" height=\"473\" data-id=\"70251\" src=\"https:\/\/elmetropolitano.com.gt\/es\/wp-content\/uploads\/2023\/07\/362693458_815900233562945_5089749286291837708_n-1024x473.jpg\" alt=\"\" class=\"wp-image-70251\" srcset=\"https:\/\/elmetropolitano.com.gt\/es\/wp-content\/uploads\/2023\/07\/362693458_815900233562945_5089749286291837708_n-1024x473.jpg 1024w, https:\/\/elmetropolitano.com.gt\/es\/wp-content\/uploads\/2023\/07\/362693458_815900233562945_5089749286291837708_n-300x139.jpg 300w, https:\/\/elmetropolitano.com.gt\/es\/wp-content\/uploads\/2023\/07\/362693458_815900233562945_5089749286291837708_n-768x355.jpg 768w, https:\/\/elmetropolitano.com.gt\/es\/wp-content\/uploads\/2023\/07\/362693458_815900233562945_5089749286291837708_n-1536x710.jpg 1536w, https:\/\/elmetropolitano.com.gt\/es\/wp-content\/uploads\/2023\/07\/362693458_815900233562945_5089749286291837708_n-600x277.jpg 600w, https:\/\/elmetropolitano.com.gt\/es\/wp-content\/uploads\/2023\/07\/362693458_815900233562945_5089749286291837708_n.jpg 2048w\" sizes=\"auto, (max-width: 1024px) 100vw, 1024px\" \/><\/figure>\n\n\n\n<figure class=\"wp-block-image size-large\"><img loading=\"lazy\" decoding=\"async\" width=\"1024\" height=\"473\" data-id=\"70252\" src=\"https:\/\/elmetropolitano.com.gt\/es\/wp-content\/uploads\/2023\/07\/363366950_815900220229613_4417541329978034162_n-1024x473.jpg\" alt=\"\" class=\"wp-image-70252\" srcset=\"https:\/\/elmetropolitano.com.gt\/es\/wp-content\/uploads\/2023\/07\/363366950_815900220229613_4417541329978034162_n-1024x473.jpg 1024w, https:\/\/elmetropolitano.com.gt\/es\/wp-content\/uploads\/2023\/07\/363366950_815900220229613_4417541329978034162_n-300x139.jpg 300w, https:\/\/elmetropolitano.com.gt\/es\/wp-content\/uploads\/2023\/07\/363366950_815900220229613_4417541329978034162_n-768x355.jpg 768w, https:\/\/elmetropolitano.com.gt\/es\/wp-content\/uploads\/2023\/07\/363366950_815900220229613_4417541329978034162_n-1536x710.jpg 1536w, https:\/\/elmetropolitano.com.gt\/es\/wp-content\/uploads\/2023\/07\/363366950_815900220229613_4417541329978034162_n-600x277.jpg 600w, https:\/\/elmetropolitano.com.gt\/es\/wp-content\/uploads\/2023\/07\/363366950_815900220229613_4417541329978034162_n.jpg 2048w\" sizes=\"auto, (max-width: 1024px) 100vw, 1024px\" \/><\/figure>\n<\/figure>\n","protected":false},"excerpt":{"rendered":"<p>El candidato presidencial del partido Semilla, Bernardo Ar\u00e9valo se reuni\u00f3 hoy por la tarde con l\u00edderes y pastores evang\u00e9licos y aclaro que no promueve el matrimonio igualitario. Ar\u00e9valo llego acompa\u00f1ado de su candidata a la vicepresidencia, Karin Herrera y con su esposa, Lucrecia Peinado de Ar\u00e9valo al Club de Oficiales, zona 13. Esta reuni\u00f3n la <a class=\"read-more\" href=\"https:\/\/elmetropolitano.com.gt\/es\/bernardo-arevalo-les-dice-a-los-evangelicos-que-no-promovera-matrimonio-igualitario\/\">Leer m\u00e1s<\/a><\/p>\n","protected":false},"author":1,"featured_media":70247,"comment_status":"open","ping_status":"closed","sticky":false,"template":"","format":"standard","meta":{"footnotes":""},"categories":[97],"tags":[98],"class_list":["post-70246","post","type-post","status-publish","format-standard","has-post-thumbnail","hentry","category-politica","tag-politica"],"_links":{"self":[{"href":"https:\/\/elmetropolitano.com.gt\/es\/wp-json\/wp\/v2\/posts\/70246","targetHints":{"allow":["GET"]}}],"collection":[{"href":"https:\/\/elmetropolitano.com.gt\/es\/wp-json\/wp\/v2\/posts"}],"about":[{"href":"https:\/\/elmetropolitano.com.gt\/es\/wp-json\/wp\/v2\/types\/post"}],"author":[{"embeddable":true,"href":"https:\/\/elmetropolitano.com.gt\/es\/wp-json\/wp\/v2\/users\/1"}],"replies":[{"embeddable":true,"href":"https:\/\/elmetropolitano.com.gt\/es\/wp-json\/wp\/v2\/comments?post=70246"}],"version-history":[{"count":1,"href":"https:\/\/elmetropolitano.com.gt\/es\/wp-json\/wp\/v2\/posts\/70246\/revisions"}],"predecessor-version":[{"id":70253,"href":"https:\/\/elmetropolitano.com.gt\/es\/wp-json\/wp\/v2\/posts\/70246\/revisions\/70253"}],"wp:featuredmedia":[{"embeddable":true,"href":"https:\/\/elmetropolitano.com.gt\/es\/wp-json\/wp\/v2\/media\/70247"}],"wp:attachment":[{"href":"https:\/\/elmetropolitano.com.gt\/es\/wp-json\/wp\/v2\/media?parent=70246"}],"wp:term":[{"taxonomy":"category","embeddable":true,"href":"https:\/\/elmetropolitano.com.gt\/es\/wp-json\/wp\/v2\/categories?post=70246"},{"taxonomy":"post_tag","embeddable":true,"href":"https:\/\/elmetropolitano.com.gt\/es\/wp-json\/wp\/v2\/tags?post=70246"}],"curies":[{"name":"wp","href":"https:\/\/api.w.org\/{rel}","templated":true}]}}